{"id":40838,"date":"2025-08-17T22:07:17","date_gmt":"2025-08-18T02:07:17","guid":{"rendered":"https:\/\/noticiasveraces.com\/?p=40838"},"modified":"2025-08-17T22:07:17","modified_gmt":"2025-08-18T02:07:17","slug":"las-llamas-no-dan-tregua-en-espana-y-portugal-dw-18-08-2025","status":"publish","type":"post","link":"https:\/\/noticiasveraces.com\/?p=40838","title":{"rendered":"Las llamas no dan tregua en Espa\u00f1a y Portugal \u2013 DW \u2013 18\/08\/2025"},"content":{"rendered":"<p> \n<\/p>\n<div data-tracking-name=\"rich-text\" data-tracking-skip=\"true\">\n<p>Espa\u00f1a acept\u00f3 el ofrecimiento de Pa\u00edses Bajos, Alemania, Francia, Italia y Eslovaquia para sumarse a la lucha contra los 19 incendios en nivel 2 de riesgo (alto) que asolan el pa\u00eds y que se suman a los despliegues de medios civiles y militares espa\u00f1oles.<\/p>\n<p>Dos helic\u00f3pteros Chinook con capacidad de transporte de hasta 7.000 litros de agua y que fueron ofrecidos por Pa\u00edses Bajos, aterrizar\u00e1n en la Base A\u00e9rea de Le\u00f3n. Lo mismo har\u00e1 un helic\u00f3ptero BlackHawk eslovaco de 3.400 litros de agua, que se estacionar\u00e1 en la base de la brigada forestal de Pinofranqueado, en C\u00e1ceres.<\/p>\n<p>En tanto, dos aviones Canadair italianos se incorporaron este s\u00e1bado a la base a\u00e9rea de Matac\u00e1n (Salamanca) ya realizan misiones en Le\u00f3n.<\/p>\n<blockquote class=\"tweet embed\" data-id=\"1957091295119482978\"\/>\n<p>El gobierno de Madrid tambi\u00e9n acept\u00f3 medios terrestres, entre ellos el de un equipo alem\u00e1n de bomberos forestales en veh\u00edculo (GFFF-V), que est\u00e1 compuesto por entre 50 y 60 personas y m\u00e1s de 20 veh\u00edculos de diferentes capacidades.<\/p>\n<figure class=\"placeholder-image master_landscape big\"><img data-format=\"MASTER_LANDSCAPE\" data-id=\"73674266\" data-url=\"https:\/\/static.dw.com\/image\/73674266_${formatId}.jpg\" data-aspect-ratio=\"16\/9\" alt=\"Un hidroavi\u00f3n del Ej\u00e9rcito espa\u00f1ol roza las aguas glaciales del lago de Sanabria, para recargar y continuar con las labores de extinci\u00f3n de los incendios en Espa\u00f1a. \" style=\"padding-bottom: 56.25%; height: 0; max-height: 0;\"\/><figcaption class=\"img-caption\">Un hidroavi\u00f3n del Ej\u00e9rcito espa\u00f1ol roza las aguas glaciales del lago de Sanabria, para recargar y continuar con las labores de extinci\u00f3n de los incendios en Espa\u00f1a. <small class=\"copyright\">Imagen: Oscar Manuel Sanchez\/ZUMA Press Wire\/IMAGO<\/small><\/figcaption><\/figure>\n<h2>Le\u00f3n concentra el mayor foco de incendios<\/h2>\n<p>El diario ABC report\u00f3 que la provincia de Le\u00f3n concentra el mayor n\u00famero de fuegos de alto riesgo, mientras que decenas de pueblos eran evacuados en Le\u00f3n, Salamanca, Palencia.<\/p>\n<p>Las evacuaciones tambi\u00e9n ten\u00edan lugar en Extremadura, mientras que en Orense las llamas de diez incendios no daban tregua, dijo ABC.<\/p>\n<blockquote class=\"tweet embed\" data-id=\"1957159826477531261\"\/>\n<p>En Castilla y Le\u00f3n, un bombero muri\u00f3 y otro result\u00f3 herido la noche del domingo, al volcar una autobomba en el municipio de Espinoso de Compludo, mientras participaban en las labores de extinci\u00f3n del incendio de Yeres.<\/p>\n<h2>Portugal contin\u00faa en estado de alerta<\/h2>\n<p>En tanto, otro bombero falleci\u00f3 en Portugal en un accidente de tr\u00e1fico cuando se dirig\u00eda a un incendio en la localidad Fund\u00e3o.<\/p>\n<p>En el accidente ocurrido este domingo tambi\u00e9n resultaron heridos otros cuatro bomberos, dijo la protecci\u00f3n civil lusa.<\/p>\n<p>El Gobierno de Portugal anunci\u00f3 este domingo que el estado de alerta por la ola de calor e incendios se prorroga durante 48 horas m\u00e1s, es decir, hasta el martes 19 de agosto y agreg\u00f3 que los dos Canadair prestados por Marruecos se quedar\u00e1n hasta el pr\u00f3ximo mi\u00e9rcoles ayudando en la extinci\u00f3n de las llamas.<\/p>\n<p>JC (Efe, Cadena Ser, Diary ABC, TVE)<\/p>\n<\/p>\n<\/div>\n\n","protected":false},"excerpt":{"rendered":"<p>Espa\u00f1a acept\u00f3 el ofrecimiento de Pa\u00edses Bajos, Alemania, Francia, Italia y Eslovaquia para sumarse a la lucha contra los 19 incendios en nivel 2 de riesgo (alto) que asolan el pa\u00eds y que se suman a los despliegues de medios civiles y militares espa\u00f1oles. Dos helic\u00f3pteros Chinook con capacidad de transporte de hasta 7.000 litros &hellip;<\/p>\n","protected":false},"author":1,"featured_media":40839,"comment_status":"open","ping_status":"open","sticky":false,"template":"","format":"standard","meta":{"fifu_image_url":"https:\/\/static.dw.com\/image\/73674134_6.jpg","fifu_image_alt":"","footnotes":""},"categories":[13],"tags":[],"class_list":["post-40838","post","type-post","status-publish","format-standard","has-post-thumbnail","","category-mundo"],"_links":{"self":[{"href":"https:\/\/noticiasveraces.com\/index.php?rest_route=\/wp\/v2\/posts\/40838","targetHints":{"allow":["GET"]}}],"collection":[{"href":"https:\/\/noticiasveraces.com\/index.php?rest_route=\/wp\/v2\/posts"}],"about":[{"href":"https:\/\/noticiasveraces.com\/index.php?rest_route=\/wp\/v2\/types\/post"}],"author":[{"embeddable":true,"href":"https:\/\/noticiasveraces.com\/index.php?rest_route=\/wp\/v2\/users\/1"}],"replies":[{"embeddable":true,"href":"https:\/\/noticiasveraces.com\/index.php?rest_route=%2Fwp%2Fv2%2Fcomments&post=40838"}],"version-history":[{"count":0,"href":"https:\/\/noticiasveraces.com\/index.php?rest_route=\/wp\/v2\/posts\/40838\/revisions"}],"wp:featuredmedia":[{"embeddable":true,"href":"https:\/\/noticiasveraces.com\/index.php?rest_route=\/wp\/v2\/media\/40839"}],"wp:attachment":[{"href":"https:\/\/noticiasveraces.com\/index.php?rest_route=%2Fwp%2Fv2%2Fmedia&parent=40838"}],"wp:term":[{"taxonomy":"category","embeddable":true,"href":"https:\/\/noticiasveraces.com\/index.php?rest_route=%2Fwp%2Fv2%2Fcategories&post=40838"},{"taxonomy":"post_tag","embeddable":true,"href":"https:\/\/noticiasveraces.com\/index.php?rest_route=%2Fwp%2Fv2%2Ftags&post=40838"}],"curies":[{"name":"wp","href":"https:\/\/api.w.org\/{rel}","templated":true}]}}