{"id":40811,"date":"2025-08-17T20:05:03","date_gmt":"2025-08-18T00:05:03","guid":{"rendered":"https:\/\/noticiasveraces.com\/?p=40811"},"modified":"2025-08-17T20:05:03","modified_gmt":"2025-08-18T00:05:03","slug":"el-disenador-predice-que-zelenskyy-abandonara-el-polo-para-un-aspecto-formal-con-trump","status":"publish","type":"post","link":"https:\/\/noticiasveraces.com\/?p=40811","title":{"rendered":"El dise\u00f1ador predice que Zelenskyy abandonar\u00e1 el polo para un aspecto formal con Trump"},"content":{"rendered":"<p> \n<\/p>\n<div>\n<div id=\"beyondwords-wrapper\" class=\"beyondwords-wrapper\">\n<p><span class=\"label-bg\">NUEVO<\/span>\u00a1Ahora puedes escuchar art\u00edculos de Fox News!\n  <\/p>\n<\/div>\n<p class=\"speakable\">El presidente ucraniano, Volodymyr Zelenskyy, probablemente optar\u00e1 por una mirada m\u00e1s formal cuando se re\u00fana con el ex presidente Donald Trump en Washington, DC, seg\u00fan un dise\u00f1ador que anteriormente colabor\u00f3 con el l\u00edder europeo.<\/p>\n<p class=\"speakable\">\u00abMa\u00f1ana lo m\u00e1s probable es que no aparezca en un polo\u00bb, dijo el dise\u00f1ador ucraniano Elvira Gasanova a Fox News Digital. \u00ab&#8230; Creo que elegir\u00e1 un traje militar negro o una camisa de estilo militar con pantalones, tal vez una chaqueta\u00bb.<\/p>\n<p>Despu\u00e9s de haber sido criticada por su atuendo informal, es probable que Zelenskyy elija \u00abun aspecto m\u00e1s serio, aunque menos simb\u00f3lico\u00bb, seg\u00fan Gasanova.<\/p>\n<p>\u00abDespu\u00e9s del reciente drama de &#8216;no traje&#8217;, probablemente abordar\u00e1 esta pregunta de manera diferente\u00bb, dijo.<\/p>\n<p><strong>Los l\u00edderes europeos se unir\u00e1n a la reuni\u00f3n de Trump-Zelenskyy, lo que indica solidaridad con Ucrania<\/strong><\/p>\n<div class=\"image-ct inline\">\n<div class=\"m\"><picture><source media=\"(max-width: 767px)\" srcset=\"https:\/\/a57.foxnews.com\/static.foxnews.com\/foxnews.com\/content\/uploads\/2025\/08\/343\/192\/volodymyr-zelenskyy-ursula-von-der-leyen-joint-press-conference-in-brussels.jpg?ve=1&amp;tl=1, https:\/\/a57.foxnews.com\/static.foxnews.com\/foxnews.com\/content\/uploads\/2025\/08\/686\/384\/volodymyr-zelenskyy-ursula-von-der-leyen-joint-press-conference-in-brussels.jpg?ve=1&amp;tl=1 2x\" height=\"192\" width=\"343\"><source media=\"(min-width: 768px) and (max-width: 1023px)\" srcset=\"https:\/\/a57.foxnews.com\/static.foxnews.com\/foxnews.com\/content\/uploads\/2025\/08\/672\/378\/volodymyr-zelenskyy-ursula-von-der-leyen-joint-press-conference-in-brussels.jpg?ve=1&amp;tl=1, https:\/\/a57.foxnews.com\/static.foxnews.com\/foxnews.com\/content\/uploads\/2025\/08\/1344\/756\/volodymyr-zelenskyy-ursula-von-der-leyen-joint-press-conference-in-brussels.jpg?ve=1&amp;tl=1 2x\" height=\"378\" width=\"672\"><source media=\"(min-width: 1024px) and (max-width: 1279px)\" srcset=\"https:\/\/a57.foxnews.com\/static.foxnews.com\/foxnews.com\/content\/uploads\/2025\/08\/931\/523\/volodymyr-zelenskyy-ursula-von-der-leyen-joint-press-conference-in-brussels.jpg?ve=1&amp;tl=1, https:\/\/a57.foxnews.com\/static.foxnews.com\/foxnews.com\/content\/uploads\/2025\/08\/1862\/1046\/volodymyr-zelenskyy-ursula-von-der-leyen-joint-press-conference-in-brussels.jpg?ve=1&amp;tl=1 2x\" height=\"523\" width=\"931\"><source media=\"(min-width: 1280px)\" srcset=\"https:\/\/a57.foxnews.com\/static.foxnews.com\/foxnews.com\/content\/uploads\/2025\/08\/720\/405\/volodymyr-zelenskyy-ursula-von-der-leyen-joint-press-conference-in-brussels.jpg?ve=1&amp;tl=1, https:\/\/a57.foxnews.com\/static.foxnews.com\/foxnews.com\/content\/uploads\/2025\/08\/1440\/810\/volodymyr-zelenskyy-ursula-von-der-leyen-joint-press-conference-in-brussels.jpg?ve=1&amp;tl=1 2x\" height=\"405\" width=\"720\"><img loading=\"lazy\" decoding=\"async\" src=\"https:\/\/a57.foxnews.com\/static.foxnews.com\/foxnews.com\/content\/uploads\/2025\/08\/1200\/675\/volodymyr-zelenskyy-ursula-von-der-leyen-joint-press-conference-in-brussels.jpg?ve=1&amp;tl=1\" alt=\"Volodymyr Zelenskyy - Ursula von der Leyen Conferencia de prensa conjunta en Bruselas\" width=\"1200\" height=\"675\"\/><\/source><\/source><\/source><\/source><\/picture><\/div>\n<div class=\"info\">\n<div class=\"caption\">\n<p><span>El presidente ucraniano, Volodymyr Zelenskyy, asiste a la conferencia de prensa conjunta con la presidenta de la Comisi\u00f3n Europea, Ursula von der (no vista) en Bruselas, B\u00e9lgica, el 17 de agosto de 2025. <\/span> <span>(Presidencia ucraniana \/ folleto \/ Anadolu a trav\u00e9s de Getty Images)<\/span><\/p>\n<\/div>\n<\/div>\n<\/div>\n<p>Zelenskyy a veces ha enfrentado cr\u00edticas por su guardarropa informal, incluso durante su tensa visita de febrero a la Oficina Oval. Esa reuni\u00f3n con Trump y el vicepresidente JD Vance se convirtieron en un intercambio acalorado entre los tres l\u00edderes sobre lo que tiene \u00abcartas\u00bb Ucrania y si Zelenskyy ha expresado suficiente gratitud a los Estados Unidos.<\/p>\n<p><strong>Zelenskyy describe las demandas de paz antes de la reuni\u00f3n de la Casa Blanca de alto riesgo con Trump<\/strong><\/p>\n<p>\u00ab\u00bfPor qu\u00e9 no usas un traje? Est\u00e1s en el m\u00e1s alto nivel en la oficina de este pa\u00eds y te niegas a usar un traje\u00bb, pregunt\u00f3 un periodista Zelenskyy en ese momento. \u00ab&#8230; \u00bftienes un traje?\u00bb<\/p>\n<div class=\"image-ct inline\">\n<div class=\"m\"><picture><source media=\"(max-width: 767px)\" srcset=\"https:\/\/a57.foxnews.com\/static.foxnews.com\/foxnews.com\/content\/uploads\/2025\/02\/343\/192\/2025-02-28t203541z_308125415_rc2t3dagndxl_rtrmadp_3_ukraine-crisis-usa-scaled.jpg?ve=1&amp;tl=1, https:\/\/a57.foxnews.com\/static.foxnews.com\/foxnews.com\/content\/uploads\/2025\/02\/686\/384\/2025-02-28t203541z_308125415_rc2t3dagndxl_rtrmadp_3_ukraine-crisis-usa-scaled.jpg?ve=1&amp;tl=1 2x\" height=\"192\" width=\"343\"><source media=\"(min-width: 768px) and (max-width: 1023px)\" srcset=\"https:\/\/a57.foxnews.com\/static.foxnews.com\/foxnews.com\/content\/uploads\/2025\/02\/672\/378\/2025-02-28t203541z_308125415_rc2t3dagndxl_rtrmadp_3_ukraine-crisis-usa-scaled.jpg?ve=1&amp;tl=1, https:\/\/a57.foxnews.com\/static.foxnews.com\/foxnews.com\/content\/uploads\/2025\/02\/1344\/756\/2025-02-28t203541z_308125415_rc2t3dagndxl_rtrmadp_3_ukraine-crisis-usa-scaled.jpg?ve=1&amp;tl=1 2x\" height=\"378\" width=\"672\"><source media=\"(min-width: 1024px) and (max-width: 1279px)\" srcset=\"https:\/\/a57.foxnews.com\/static.foxnews.com\/foxnews.com\/content\/uploads\/2025\/02\/931\/523\/2025-02-28t203541z_308125415_rc2t3dagndxl_rtrmadp_3_ukraine-crisis-usa-scaled.jpg?ve=1&amp;tl=1, https:\/\/a57.foxnews.com\/static.foxnews.com\/foxnews.com\/content\/uploads\/2025\/02\/1862\/1046\/2025-02-28t203541z_308125415_rc2t3dagndxl_rtrmadp_3_ukraine-crisis-usa-scaled.jpg?ve=1&amp;tl=1 2x\" height=\"523\" width=\"931\"><source media=\"(min-width: 1280px)\" srcset=\"https:\/\/a57.foxnews.com\/static.foxnews.com\/foxnews.com\/content\/uploads\/2025\/02\/720\/405\/2025-02-28t203541z_308125415_rc2t3dagndxl_rtrmadp_3_ukraine-crisis-usa-scaled.jpg?ve=1&amp;tl=1, https:\/\/a57.foxnews.com\/static.foxnews.com\/foxnews.com\/content\/uploads\/2025\/02\/1440\/810\/2025-02-28t203541z_308125415_rc2t3dagndxl_rtrmadp_3_ukraine-crisis-usa-scaled.jpg?ve=1&amp;tl=1 2x\" height=\"405\" width=\"720\"><img loading=\"lazy\" decoding=\"async\" src=\"https:\/\/a57.foxnews.com\/static.foxnews.com\/foxnews.com\/content\/uploads\/2025\/02\/1200\/675\/2025-02-28t203541z_308125415_rc2t3dagndxl_rtrmadp_3_ukraine-crisis-usa-scaled.jpg?ve=1&amp;tl=1\" alt=\"Zelenskyy en la Casa Blanca hablando con el presidente Trump\" width=\"1200\" height=\"675\"\/><\/source><\/source><\/source><\/source><\/picture><\/div>\n<div class=\"info\">\n<div class=\"caption\">\n<p><span>El presidente de los Estados Unidos, Donald Trump, se re\u00fane con el presidente ucraniano Volodymyr Zelenskiy en la Casa Blanca en Washington, DC, EE. UU., 28 de febrero de 2025. <\/span> <span>(Reuters\/Brian Snyder\/TPX Im\u00e1genes del d\u00eda)<\/span><\/p>\n<\/div>\n<\/div>\n<\/div>\n<p>A diferencia de muchos pol\u00edticos, el presidente ucraniano no tiene estilistas personales, seg\u00fan Gasanova, quien es el fundador de las marcas de moda ucranianas Gasanova y Damirli. <\/p>\n<p>Gasanova dijo que previamente ha dise\u00f1ado prendas de vestir para Zelenskyy y la primera dama ucraniana Olena Zelenska.<\/p>\n<p>\u00abHemos enviado varios art\u00edculos a la oficina del presidente, desde Vyshyvankas y Polos hasta trajes\u00bb, dijo. \u00abSolo ha habido unos pocos accesorios con Volodymyr: simplemente no tiene el tiempo &#8230; adem\u00e1s, es estresante para \u00e9l, ya que su cuerpo cambia constantemente\u00bb.<\/p>\n<p><strong>Zelenskyy se reunir\u00e1 con Trump en Washington, DC despu\u00e9s de las conversaciones estadounidenses de Rusia<\/strong><\/p>\n<p>Las presiones de la invasi\u00f3n a gran escala de Rusia han afectado a Zelenskyy, lo que lleva a la p\u00e9rdida de peso durante los per\u00edodos de alto estr\u00e9s, mientras que el entrenamiento regular lo ayuda a reconstruir la masa muscular, dijo Gasanova.<\/p>\n<div class=\"image-ct inline\">\n<div class=\"m\"><picture><source media=\"(max-width: 767px)\" srcset=\"https:\/\/a57.foxnews.com\/static.foxnews.com\/foxnews.com\/content\/uploads\/2024\/02\/343\/192\/Volodymyr-Zelenskyy.jpg?ve=1&amp;tl=1, https:\/\/a57.foxnews.com\/static.foxnews.com\/foxnews.com\/content\/uploads\/2024\/02\/686\/384\/Volodymyr-Zelenskyy.jpg?ve=1&amp;tl=1 2x\" height=\"192\" width=\"343\"><source media=\"(min-width: 768px) and (max-width: 1023px)\" srcset=\"https:\/\/a57.foxnews.com\/static.foxnews.com\/foxnews.com\/content\/uploads\/2024\/02\/672\/378\/Volodymyr-Zelenskyy.jpg?ve=1&amp;tl=1, https:\/\/a57.foxnews.com\/static.foxnews.com\/foxnews.com\/content\/uploads\/2024\/02\/1344\/756\/Volodymyr-Zelenskyy.jpg?ve=1&amp;tl=1 2x\" height=\"378\" width=\"672\"><source media=\"(min-width: 1024px) and (max-width: 1279px)\" srcset=\"https:\/\/a57.foxnews.com\/static.foxnews.com\/foxnews.com\/content\/uploads\/2024\/02\/931\/523\/Volodymyr-Zelenskyy.jpg?ve=1&amp;tl=1, https:\/\/a57.foxnews.com\/static.foxnews.com\/foxnews.com\/content\/uploads\/2024\/02\/1862\/1046\/Volodymyr-Zelenskyy.jpg?ve=1&amp;tl=1 2x\" height=\"523\" width=\"931\"><source media=\"(min-width: 1280px)\" srcset=\"https:\/\/a57.foxnews.com\/static.foxnews.com\/foxnews.com\/content\/uploads\/2024\/02\/720\/405\/Volodymyr-Zelenskyy.jpg?ve=1&amp;tl=1, https:\/\/a57.foxnews.com\/static.foxnews.com\/foxnews.com\/content\/uploads\/2024\/02\/1440\/810\/Volodymyr-Zelenskyy.jpg?ve=1&amp;tl=1 2x\" height=\"405\" width=\"720\"><img loading=\"lazy\" decoding=\"async\" src=\"https:\/\/a57.foxnews.com\/static.foxnews.com\/foxnews.com\/content\/uploads\/2024\/02\/1200\/675\/Volodymyr-Zelenskyy.jpg?ve=1&amp;tl=1\" alt=\"Volodymyr Zelenskyy con tropas\" width=\"1200\" height=\"675\"\/><\/source><\/source><\/source><\/source><\/picture><\/div>\n<div class=\"info\">\n<div class=\"caption\">\n<p><span>En esta foto proporcionada por la oficina de prensa presidencial ucraniana, el presidente ucraniano Volodymyr Zelenskyy, centro, durante su visita a la regi\u00f3n de Zaporizhzhia, el sitio de feroces batallas con las tropas rusas en Ucrania, el 4 de febrero de 2024.<\/span> <span>(Oficina de prensa presidencial ucraniana a trav\u00e9s de AP)<\/span><\/p>\n<\/div>\n<\/div>\n<\/div>\n<p>\u00abEn este momento, \u00e9l est\u00e1 en Bruselas, y \u00e9l decidir\u00e1 por s\u00ed mismo qu\u00e9 ponerse ma\u00f1ana\u00bb, dijo.<\/p>\n<p>La pr\u00f3xima reuni\u00f3n sigue solo unos d\u00edas despu\u00e9s de que Trump se reuni\u00f3 con el presidente ruso Vladimir Putin en Alaska el viernes para negociar el fin de la guerra en Ucrania.<\/p>\n<p>La reuni\u00f3n de alto riesgo fue la primera cumbre de los Estados Unidos y Rusia desde <u>Junio de 2021<\/u>que estaba bajo la administraci\u00f3n del ex presidente Joe Biden y solo ocho meses antes de que Putin invadiera Ucrania. <\/p>\n<p><strong><u>Haga clic aqu\u00ed para obtener la aplicaci\u00f3n Fox News<\/u><\/strong><\/p>\n<p>La oficina de la Casa Blanca y la prensa del presidente ucraniano Volodymyr Zelenskyy no respondi\u00f3 de inmediato a la solicitud de comentarios de Fox News Digital.<\/p>\n<p> <!----> <\/p>\n<div class=\"article-meta\">\n<div class=\"author-bio\">\n<p>Sophia Compton es asistente de producci\u00f3n digital en Fox News Digital. Sophia anteriormente fue una reportera de negocios que cubr\u00eda las finanzas, la energ\u00eda y el turismo y tiene experiencia como productor de noticias de televisi\u00f3n. Se gradu\u00f3 con un t\u00edtulo de periodismo en 2021 de la Universidad de Hawai en Manoa.<\/p>\n<\/div>\n<\/div>\n<\/div>\n<p><script async src=\"\/\/www.instagram.com\/embed.js\"><\/script><br \/>\n<br \/>\n","protected":false},"excerpt":{"rendered":"<p>NUEVO\u00a1Ahora puedes escuchar art\u00edculos de Fox News! El presidente ucraniano, Volodymyr Zelenskyy, probablemente optar\u00e1 por una mirada m\u00e1s formal cuando se re\u00fana con el ex presidente Donald Trump en Washington, DC, seg\u00fan un dise\u00f1ador que anteriormente colabor\u00f3 con el l\u00edder europeo. \u00abMa\u00f1ana lo m\u00e1s probable es que no aparezca en un polo\u00bb, dijo el dise\u00f1ador &hellip;<\/p>\n","protected":false},"author":1,"featured_media":40813,"comment_status":"open","ping_status":"open","sticky":false,"template":"","format":"standard","meta":{"fifu_image_url":"https:\/\/static.foxnews.com\/foxnews.com\/content\/uploads\/2025\/08\/trump-zelenskyy-meet-split.jpg","fifu_image_alt":"","footnotes":""},"categories":[13],"tags":[],"class_list":["post-40811","post","type-post","status-publish","format-standard","has-post-thumbnail","","category-mundo"],"_links":{"self":[{"href":"https:\/\/noticiasveraces.com\/index.php?rest_route=\/wp\/v2\/posts\/40811","targetHints":{"allow":["GET"]}}],"collection":[{"href":"https:\/\/noticiasveraces.com\/index.php?rest_route=\/wp\/v2\/posts"}],"about":[{"href":"https:\/\/noticiasveraces.com\/index.php?rest_route=\/wp\/v2\/types\/post"}],"author":[{"embeddable":true,"href":"https:\/\/noticiasveraces.com\/index.php?rest_route=\/wp\/v2\/users\/1"}],"replies":[{"embeddable":true,"href":"https:\/\/noticiasveraces.com\/index.php?rest_route=%2Fwp%2Fv2%2Fcomments&post=40811"}],"version-history":[{"count":0,"href":"https:\/\/noticiasveraces.com\/index.php?rest_route=\/wp\/v2\/posts\/40811\/revisions"}],"wp:featuredmedia":[{"embeddable":true,"href":"https:\/\/noticiasveraces.com\/index.php?rest_route=\/wp\/v2\/media\/40813"}],"wp:attachment":[{"href":"https:\/\/noticiasveraces.com\/index.php?rest_route=%2Fwp%2Fv2%2Fmedia&parent=40811"}],"wp:term":[{"taxonomy":"category","embeddable":true,"href":"https:\/\/noticiasveraces.com\/index.php?rest_route=%2Fwp%2Fv2%2Fcategories&post=40811"},{"taxonomy":"post_tag","embeddable":true,"href":"https:\/\/noticiasveraces.com\/index.php?rest_route=%2Fwp%2Fv2%2Ftags&post=40811"}],"curies":[{"name":"wp","href":"https:\/\/api.w.org\/{rel}","templated":true}]}}