{"id":40808,"date":"2025-08-17T19:46:09","date_gmt":"2025-08-17T23:46:09","guid":{"rendered":"https:\/\/noticiasveraces.com\/?p=40808"},"modified":"2025-08-17T19:46:09","modified_gmt":"2025-08-17T23:46:09","slug":"la-racha-de-incendios-de-agosto-fulmina-las-estadisticas-sobre-hectareas-quemadas-en-espana-clima-y-medio-ambiente","status":"publish","type":"post","link":"https:\/\/noticiasveraces.com\/?p=40808","title":{"rendered":"La racha de incendios de agosto fulmina las estad\u00edsticas sobre hect\u00e1reas quemadas en Espa\u00f1a | Clima y Medio Ambiente"},"content":{"rendered":"<p> \n<br \/><img decoding=\"async\" src=\"https:\/\/imagenes.elpais.com\/resizer\/v2\/XRECSQ6H2ZETZNVX5MFFYG3QQE.jpg?auth=59654d0d431b118735d29b3dc0cb3b6b0d5350ab58370a85128d0c171f7d07a2\" \/><\/p>\n<div data-dtm-region=\"articulo_cuerpo\">\n<p class=\"\">Hasta hace unos 10 d\u00edas, 2025 estaba siendo un a\u00f1o relativamente bueno y tranquilo en cuanto a los incendios forestales en Espa\u00f1a. Sin embargo, coincidiendo con la extensa y dura ola de calor que arranc\u00f3 a principios de mes y que ha golpeado de forma generalizada a la Pen\u00ednsula y Baleares, una parte importante del pa\u00eds se ha convertido en un infierno y los incendios forestales se han desbocado en zonas de Galicia, Castilla y Le\u00f3n y Extremadura. Una parte considerable han sido megaincendios simult\u00e1neos, con \u00e1reas afectadas por encima de las 10.000 hect\u00e1reas. Y las estad\u00edsticas sobre superficie quemada han sido fulminadas en un pu\u00f1ado de d\u00edas. <\/p>\n<p class=\"\">Todav\u00eda es pronto para poder tener el retrato completo de lo ocurrido. Entre otras cosas, porque este episodio de incendios no ha terminado. La tarde de este domingo hab\u00eda activos cerca de 40 incendios, con la provincia de Ourense de nuevo como uno de los puntos cr\u00edticos. Pero los datos que empieza a manejar ya el Ministerio para la Transici\u00f3n Ecol\u00f3gica, que van con retraso porque dependen en gran medida de lo que les trasladan las comunidades y estas no facilitan la informaci\u00f3n hasta que est\u00e1n extinguidos los incendios, ya apuntan a un verano desastroso. <\/p>\n<p class=\"\">Transici\u00f3n Ecol\u00f3gica ha colgado en la noche de este domingo en su p\u00e1gina web la estad\u00edstica provisional de incendios hasta el 10 de agosto. Y a esa fecha, es decir, hace una semana, la estimaci\u00f3n de los t\u00e9cnicos del departamento que dirige la vicepresidenta Sara Aagesen es que la superficie afectada por el fuego en todo 2025 es de 138.788,97 hect\u00e1reas. Es un crecimiento brutal respecto al \u00faltimo reporte del ministerio, que apuntaba a una superficie afectada de 39.155,13 hect\u00e1reas a fecha de 5 de agosto. Es decir, en solo cinco d\u00edas la superficie se habr\u00eda multiplicado por 3,5. <\/p>\n<p class=\"\">Este avance de datos se ha realizado de forma diferente a como lo suele hacer este departamento porque normalmente solo se basa en la informaci\u00f3n que comunican al ministerio las comunidades. Si se atiende tan solo a lo que han trasladado las autonom\u00edas, a 10 de agosto habr\u00eda 41.498,16 hect\u00e1reas forestales quemadas en Espa\u00f1a, es decir, un crecimiento de menos de 2.500 hect\u00e1reas. Pero esto se debe a que lo comunicado por los gobiernos regionales \u201cno incluye la superficie de los grandes incendios producidos en las \u00faltimas semanas al no estar extinguidos a fecha de publicaci\u00f3n de este informe\u201d, se explica en el documento. \u201cA falta de dicha informaci\u00f3n, se ha estimado la superficie afectada a trav\u00e9s del sistema de informaci\u00f3n de incendios forestales (EFFIS), estimando en 97.291 hect\u00e1reas la superficie afectada que faltar\u00eda por incluir\u00bb, a\u00f1aden los t\u00e9cnicos. Como resultado, el total estimado para el 10 de agosto es de 138.788,97 hect\u00e1reas. En la \u00faltima d\u00e9cada, solo en 2022 \u2014un a\u00f1o nefasto\u2014 hab\u00edan ardido a estas alturas del a\u00f1o m\u00e1s hect\u00e1reas que ahora. Entonces fueron 214.966,72. <\/p>\n<p class=\"\">No obstante, en el ministerio asumen que la superficie quemada de este 2025 ser\u00e1 todav\u00eda mucho mayor de lo que indica el informe publicado este domingo. Entre otras cosas, porque en los siete d\u00edas que no est\u00e1n incluidos a\u00fan se han desatado enormes incendios, como el de Molezuelas de la Carballeda, que arranc\u00f3 el domingo 10 de agosto, que ha afectado a Zamora y Le\u00f3n, y que se perfila como uno de los mayores registrados en Espa\u00f1a. <\/p>\n<\/div>\n\n","protected":false},"excerpt":{"rendered":"<p>Hasta hace unos 10 d\u00edas, 2025 estaba siendo un a\u00f1o relativamente bueno y tranquilo en cuanto a los incendios forestales en Espa\u00f1a. Sin embargo, coincidiendo con la extensa y dura ola de calor que arranc\u00f3 a principios de mes y que ha golpeado de forma generalizada a la Pen\u00ednsula y Baleares, una parte importante del &hellip;<\/p>\n","protected":false},"author":1,"featured_media":40810,"comment_status":"open","ping_status":"open","sticky":false,"template":"","format":"standard","meta":{"fifu_image_url":"https:\/\/imagenes.elpais.com\/resizer\/v2\/XRECSQ6H2ZETZNVX5MFFYG3QQE.jpg?auth=59654d0d431b118735d29b3dc0cb3b6b0d5350ab58370a85128d0c171f7d07a2&width=1200","fifu_image_alt":"","footnotes":""},"categories":[11],"tags":[],"class_list":["post-40808","post","type-post","status-publish","format-standard","has-post-thumbnail","","category-viaje"],"_links":{"self":[{"href":"https:\/\/noticiasveraces.com\/index.php?rest_route=\/wp\/v2\/posts\/40808","targetHints":{"allow":["GET"]}}],"collection":[{"href":"https:\/\/noticiasveraces.com\/index.php?rest_route=\/wp\/v2\/posts"}],"about":[{"href":"https:\/\/noticiasveraces.com\/index.php?rest_route=\/wp\/v2\/types\/post"}],"author":[{"embeddable":true,"href":"https:\/\/noticiasveraces.com\/index.php?rest_route=\/wp\/v2\/users\/1"}],"replies":[{"embeddable":true,"href":"https:\/\/noticiasveraces.com\/index.php?rest_route=%2Fwp%2Fv2%2Fcomments&post=40808"}],"version-history":[{"count":0,"href":"https:\/\/noticiasveraces.com\/index.php?rest_route=\/wp\/v2\/posts\/40808\/revisions"}],"wp:featuredmedia":[{"embeddable":true,"href":"https:\/\/noticiasveraces.com\/index.php?rest_route=\/wp\/v2\/media\/40810"}],"wp:attachment":[{"href":"https:\/\/noticiasveraces.com\/index.php?rest_route=%2Fwp%2Fv2%2Fmedia&parent=40808"}],"wp:term":[{"taxonomy":"category","embeddable":true,"href":"https:\/\/noticiasveraces.com\/index.php?rest_route=%2Fwp%2Fv2%2Fcategories&post=40808"},{"taxonomy":"post_tag","embeddable":true,"href":"https:\/\/noticiasveraces.com\/index.php?rest_route=%2Fwp%2Fv2%2Ftags&post=40808"}],"curies":[{"name":"wp","href":"https:\/\/api.w.org\/{rel}","templated":true}]}}