{"id":40803,"date":"2025-08-17T19:04:05","date_gmt":"2025-08-17T23:04:05","guid":{"rendered":"https:\/\/noticiasveraces.com\/?p=40803"},"modified":"2025-08-17T19:04:05","modified_gmt":"2025-08-17T23:04:05","slug":"israel-advierte-sobre-inminente-expansion-militar-en-gaza-dw-17-08-2025","status":"publish","type":"post","link":"https:\/\/noticiasveraces.com\/?p=40803","title":{"rendered":"Israel advierte sobre inminente expansi\u00f3n militar en Gaza \u2013 DW \u2013 17\/08\/2025"},"content":{"rendered":"<p> \n<\/p>\n<div data-tracking-name=\"rich-text\" data-tracking-skip=\"true\">\n<p>El ej\u00e9rcito israel\u00ed \u00abconcentrar\u00e1\u00bb sus operaciones en Ciudad de Gaza, en el norte del territorio palestino, para golpear \u00abde manera decisiva\u00bb al movimiento terrorista palestino Ham\u00e1s, anunci\u00f3 el jefe del Estado Mayor este domingo (17.08.2025).<\/p>\n<p>\u00abHoy aprobamos el plan para la pr\u00f3xima fase de la guerra\u00bb, declar\u00f3 el teniente general Eyal Zamir, citado en un comunicado del ej\u00e9rcito durante una visita en la Franja de Gaza.<\/p>\n<p>\u00abMantendremos el impulso de la operaci\u00f3n\u00bb a gran escala anunciada a mediados de mayo por el ej\u00e9rcito en el enclave palestino, afirm\u00f3 el l\u00edder militar sobre el nuevo operativo en la urbe m\u00e1s grande del territorio, que Israel considera uno de los \u00faltimos bastiones del grupo islamista.<\/p>\n<figure class=\"placeholder-image master_landscape big\"><img data-format=\"MASTER_LANDSCAPE\" data-id=\"73670677\" data-url=\"https:\/\/static.dw.com\/image\/73670677_${formatId}.jpg\" data-aspect-ratio=\"16\/9\" alt=\"Vista a\u00e9rea de la destrucci\u00f3n generalizada en Gaza (14.08.2025)\" style=\"padding-bottom: 56.25%; height: 0; max-height: 0;\"\/><figcaption class=\"img-caption\">Vista a\u00e9rea de la destrucci\u00f3n generalizada en Gaza (14.08.2025)<small class=\"copyright\">Imagen: Faiz Abu Rmeleh\/Middle East Images\/Picture Alliance<\/small><\/figcaption><\/figure>\n<h2><strong>Tomar control de toda Gaza, la meta de Israel<\/strong><\/h2>\n<p>\u00abSeguiremos atacando hasta la derrota decisiva de Ham\u00e1s, manteniendo siempre a los rehenes en el primer plano de nuestras preocupaciones\u00bb, amenaz\u00f3.<\/p>\n<p>El plan para una ofensiva ampliada, aprobado por el gabinete de seguridad israel\u00ed a principios de este mes, prev\u00e9 la captura de Ciudad de Gaza y los campos de refugiados centrales para desmantelar los bastiones restantes de Ham\u00e1s en el territorio palestino, devastado por la guerra.<\/p>\n<p>El objetivo es tomar el control de toda la Franja de Gaza, lo que podr\u00eda requerir la reubicaci\u00f3n de aproximadamente un mill\u00f3n de palestinos que se encuentran actualmente en el lugar.<\/p>\n<p>RR AFP\/DPA<\/p>\n<\/div>\n\n","protected":false},"excerpt":{"rendered":"<p>El ej\u00e9rcito israel\u00ed \u00abconcentrar\u00e1\u00bb sus operaciones en Ciudad de Gaza, en el norte del territorio palestino, para golpear \u00abde manera decisiva\u00bb al movimiento terrorista palestino Ham\u00e1s, anunci\u00f3 el jefe del Estado Mayor este domingo (17.08.2025). \u00abHoy aprobamos el plan para la pr\u00f3xima fase de la guerra\u00bb, declar\u00f3 el teniente general Eyal Zamir, citado en un &hellip;<\/p>\n","protected":false},"author":1,"featured_media":40804,"comment_status":"open","ping_status":"open","sticky":false,"template":"","format":"standard","meta":{"fifu_image_url":"https:\/\/static.dw.com\/image\/73499481_6.jpg","fifu_image_alt":"","footnotes":""},"categories":[13],"tags":[],"class_list":["post-40803","post","type-post","status-publish","format-standard","has-post-thumbnail","","category-mundo"],"_links":{"self":[{"href":"https:\/\/noticiasveraces.com\/index.php?rest_route=\/wp\/v2\/posts\/40803","targetHints":{"allow":["GET"]}}],"collection":[{"href":"https:\/\/noticiasveraces.com\/index.php?rest_route=\/wp\/v2\/posts"}],"about":[{"href":"https:\/\/noticiasveraces.com\/index.php?rest_route=\/wp\/v2\/types\/post"}],"author":[{"embeddable":true,"href":"https:\/\/noticiasveraces.com\/index.php?rest_route=\/wp\/v2\/users\/1"}],"replies":[{"embeddable":true,"href":"https:\/\/noticiasveraces.com\/index.php?rest_route=%2Fwp%2Fv2%2Fcomments&post=40803"}],"version-history":[{"count":0,"href":"https:\/\/noticiasveraces.com\/index.php?rest_route=\/wp\/v2\/posts\/40803\/revisions"}],"wp:featuredmedia":[{"embeddable":true,"href":"https:\/\/noticiasveraces.com\/index.php?rest_route=\/wp\/v2\/media\/40804"}],"wp:attachment":[{"href":"https:\/\/noticiasveraces.com\/index.php?rest_route=%2Fwp%2Fv2%2Fmedia&parent=40803"}],"wp:term":[{"taxonomy":"category","embeddable":true,"href":"https:\/\/noticiasveraces.com\/index.php?rest_route=%2Fwp%2Fv2%2Fcategories&post=40803"},{"taxonomy":"post_tag","embeddable":true,"href":"https:\/\/noticiasveraces.com\/index.php?rest_route=%2Fwp%2Fv2%2Ftags&post=40803"}],"curies":[{"name":"wp","href":"https:\/\/api.w.org\/{rel}","templated":true}]}}