{"id":40793,"date":"2025-08-17T14:59:39","date_gmt":"2025-08-17T18:59:39","guid":{"rendered":"https:\/\/noticiasveraces.com\/?p=40793"},"modified":"2025-08-17T14:59:39","modified_gmt":"2025-08-17T18:59:39","slug":"israel-anuncia-la-proxima-fase-de-guerra-contra-hamas-en-la-operacion-de-la-ciudad-de-gaza","status":"publish","type":"post","link":"https:\/\/noticiasveraces.com\/?p=40793","title":{"rendered":"Israel anuncia la pr\u00f3xima fase de guerra contra Hamas en la operaci\u00f3n de la ciudad de Gaza"},"content":{"rendered":"<p> \n<\/p>\n<div>\n<div id=\"beyondwords-wrapper\" class=\"beyondwords-wrapper\">\n<p><span class=\"label-bg\">NUEVO<\/span>\u00a1Ahora puedes escuchar art\u00edculos de Fox News!\n  <\/p>\n<\/div>\n<p class=\"speakable\">El jefe del Estado Mayor de las Fuerzas de Defensa de Israel, el teniente general Eyal Zamir, revel\u00f3 la pr\u00f3xima fase de Israel de su guerra contra Hamas el domingo.<\/p>\n<p class=\"speakable\">Zamir habl\u00f3 con los soldados de las FDI durante una gira de campo en Gaza el domingo, diciendo que planean avanzar con el impulso de los \u00abcarros de la Operaci\u00f3n Gideon\u00bb.<\/p>\n<p>\u00abHoy estamos aprobando el plan para la pr\u00f3xima fase de la guerra. Al igual que en las recientes operaciones en Ir\u00e1n, Yemen, L\u00edbano, Judea y Samaria, y Gaza, continuaremos reestructurando la realidad de seguridad\u00bb, dijo Zamir a los l\u00edderes del batall\u00f3n y otros presentes el domingo.<\/p>\n<p>\u00abMantendremos el impulso de la Operaci\u00f3n &#8216;Chariots&#8217; de Gideon mientras nos enfocamos en la ciudad de Gaza. Continuaremos atacando hasta la decisiva derrota de Hamas, con los rehenes siempre a la vanguardia de nuestras mentes\u00bb, continu\u00f3.<\/p>\n<p><strong><u>El gabinete de seguridad de Israel aprueba el plan para ocupar la ciudad de Gaza<\/u><\/strong><\/p>\n<div class=\"image-ct inline\">\n<div class=\"m\"><picture><source media=\"(max-width: 767px)\" srcset=\"https:\/\/a57.foxnews.com\/static.foxnews.com\/foxnews.com\/content\/uploads\/2025\/08\/343\/192\/idf-gaza.jpg?ve=1&amp;tl=1, https:\/\/a57.foxnews.com\/static.foxnews.com\/foxnews.com\/content\/uploads\/2025\/08\/686\/384\/idf-gaza.jpg?ve=1&amp;tl=1 2x\" height=\"192\" width=\"343\"><source media=\"(min-width: 768px) and (max-width: 1023px)\" srcset=\"https:\/\/a57.foxnews.com\/static.foxnews.com\/foxnews.com\/content\/uploads\/2025\/08\/672\/378\/idf-gaza.jpg?ve=1&amp;tl=1, https:\/\/a57.foxnews.com\/static.foxnews.com\/foxnews.com\/content\/uploads\/2025\/08\/1344\/756\/idf-gaza.jpg?ve=1&amp;tl=1 2x\" height=\"378\" width=\"672\"><source media=\"(min-width: 1024px) and (max-width: 1279px)\" srcset=\"https:\/\/a57.foxnews.com\/static.foxnews.com\/foxnews.com\/content\/uploads\/2025\/08\/931\/523\/idf-gaza.jpg?ve=1&amp;tl=1, https:\/\/a57.foxnews.com\/static.foxnews.com\/foxnews.com\/content\/uploads\/2025\/08\/1862\/1046\/idf-gaza.jpg?ve=1&amp;tl=1 2x\" height=\"523\" width=\"931\"><source media=\"(min-width: 1280px)\" srcset=\"https:\/\/a57.foxnews.com\/static.foxnews.com\/foxnews.com\/content\/uploads\/2025\/08\/720\/405\/idf-gaza.jpg?ve=1&amp;tl=1, https:\/\/a57.foxnews.com\/static.foxnews.com\/foxnews.com\/content\/uploads\/2025\/08\/1440\/810\/idf-gaza.jpg?ve=1&amp;tl=1 2x\" height=\"405\" width=\"720\"><img loading=\"lazy\" decoding=\"async\" src=\"https:\/\/a57.foxnews.com\/static.foxnews.com\/foxnews.com\/content\/uploads\/2025\/08\/1200\/675\/idf-gaza.jpg?ve=1&amp;tl=1\" alt=\"El jefe del personal general, LTG Eyal Zamir\" width=\"1200\" height=\"675\"\/><\/source><\/source><\/source><\/source><\/picture><\/div>\n<div class=\"info\">\n<div class=\"caption\">\n<p><span>El Jefe del Estado Mayor General, LTG Eyal Zamir (izquierda) realiza un recorrido de campo en Gaza.<\/span> <span>(IDF)<\/span><\/p>\n<\/div>\n<\/div>\n<\/div>\n<p>\u00abPronto pasaremos a la pr\u00f3xima fase de la Operaci\u00f3n &#8216;Chariots de Gideon&#8217;, en la que continuaremos mejorando los ataques contra Hamas en la ciudad de Gaza hasta su decisiva derrota\u00bb, agreg\u00f3. \u00abLa campa\u00f1a actual no es precisa; es solo otra capa en una estrategia a largo plazo y planificada, con una visi\u00f3n m\u00faltiple para golpear todos los componentes del eje, y en primer lugar Ir\u00e1n\u00bb.<\/p>\n<p><strong><u>Canad\u00e1 planea reconocer el estado palestino en septiembre, el primer ministro Carney dice<\/u><\/strong><\/p>\n<p>Zamir agradeci\u00f3 a los soldados por los meses y a\u00f1os de servicio que ya han realizado en Gaza, una vez m\u00e1s enfatizando que el regreso de los rehenes es su m\u00e1xima prioridad.<\/p>\n<div class=\"image-ct inline\">\n<div class=\"m\"><picture><source media=\"(max-width: 767px)\" srcset=\"https:\/\/a57.foxnews.com\/static.foxnews.com\/foxnews.com\/content\/uploads\/2025\/03\/343\/192\/idf-tank-tel-sultan.jpg?ve=1&amp;tl=1, https:\/\/a57.foxnews.com\/static.foxnews.com\/foxnews.com\/content\/uploads\/2025\/03\/686\/384\/idf-tank-tel-sultan.jpg?ve=1&amp;tl=1 2x\" height=\"192\" width=\"343\"><source media=\"(min-width: 768px) and (max-width: 1023px)\" srcset=\"https:\/\/a57.foxnews.com\/static.foxnews.com\/foxnews.com\/content\/uploads\/2025\/03\/672\/378\/idf-tank-tel-sultan.jpg?ve=1&amp;tl=1, https:\/\/a57.foxnews.com\/static.foxnews.com\/foxnews.com\/content\/uploads\/2025\/03\/1344\/756\/idf-tank-tel-sultan.jpg?ve=1&amp;tl=1 2x\" height=\"378\" width=\"672\"><source media=\"(min-width: 1024px) and (max-width: 1279px)\" srcset=\"https:\/\/a57.foxnews.com\/static.foxnews.com\/foxnews.com\/content\/uploads\/2025\/03\/931\/523\/idf-tank-tel-sultan.jpg?ve=1&amp;tl=1, https:\/\/a57.foxnews.com\/static.foxnews.com\/foxnews.com\/content\/uploads\/2025\/03\/1862\/1046\/idf-tank-tel-sultan.jpg?ve=1&amp;tl=1 2x\" height=\"523\" width=\"931\"><source media=\"(min-width: 1280px)\" srcset=\"https:\/\/a57.foxnews.com\/static.foxnews.com\/foxnews.com\/content\/uploads\/2025\/03\/720\/405\/idf-tank-tel-sultan.jpg?ve=1&amp;tl=1, https:\/\/a57.foxnews.com\/static.foxnews.com\/foxnews.com\/content\/uploads\/2025\/03\/1440\/810\/idf-tank-tel-sultan.jpg?ve=1&amp;tl=1 2x\" height=\"405\" width=\"720\"><img loading=\"lazy\" decoding=\"async\" src=\"https:\/\/a57.foxnews.com\/static.foxnews.com\/foxnews.com\/content\/uploads\/2025\/03\/1200\/675\/idf-tank-tel-sultan.jpg?ve=1&amp;tl=1\" alt=\"Las tropas de las FDI operan en el sur de Gaza en medio de la guerra de Israel para destruir a Hamas.\" width=\"1200\" height=\"675\"\/><\/source><\/source><\/source><\/source><\/picture><\/div>\n<div class=\"info\">\n<div class=\"caption\">\n<p><span>Las tropas de las FDI operan en el sur de Gaza en medio de la guerra de Israel para destruir a Hamas.<\/span> <span>(IDF)<\/span><\/p>\n<\/div>\n<\/div>\n<\/div>\n<p>\u00abHas estado luchando durante casi dos a\u00f1os consecutivos, logrando logros sin precedentes que traen seguridad a las comunidades cerca de la Franja de Gaza y a todos los civiles de Israel. Estoy orgulloso de ti\u00bb, dijo a los soldados. \u00abLas FDI tienen el deber moral de llevar a los rehenes a casa, tanto vivos como ca\u00eddos\u00bb.<\/p>\n<p><strong><u>Reconocer un estado palestino ahora complicar\u00e1 los futuros esfuerzos de paz, los expertos advierten<\/u><\/strong><\/p>\n<p>La gira de campo de Zamir se produce apenas una semana despu\u00e9s de que la oficina del primer ministro israel\u00ed Benjamin Netanyahu anunci\u00f3 planes para que Israel se haga cargo de la Franja de Gaza durante un per\u00edodo indefinido despu\u00e9s de la guerra.<\/p>\n<p><strong><u>Haga clic aqu\u00ed para obtener la aplicaci\u00f3n Fox News<\/u><\/strong><\/p>\n<p>El plan, aprobado por el gabinete de seguridad de Israel, le da al Ministro de Defensa a la Luz Verde al Ministro de Defensa, Israel Katz, a llamar a m\u00e1s de 400,000 reservistas militares para llevar a cabo la operaci\u00f3n hasta el 30 de noviembre.<\/p>\n<p> <!----> <\/p>\n<div class=\"article-meta\">\n<div class=\"author-bio\">\n<p>Anders Hagstrom es un reportero de Fox News Digital que cubre la pol\u00edtica nacional y los principales eventos de noticias de \u00faltima hora. Env\u00ede consejos a Anders.hagstrom@fox.com, o en Twitter: @hagstrom_anders.<\/p>\n<\/div>\n<\/div>\n<\/div>\n\n","protected":false},"excerpt":{"rendered":"<p>NUEVO\u00a1Ahora puedes escuchar art\u00edculos de Fox News! El jefe del Estado Mayor de las Fuerzas de Defensa de Israel, el teniente general Eyal Zamir, revel\u00f3 la pr\u00f3xima fase de Israel de su guerra contra Hamas el domingo. Zamir habl\u00f3 con los soldados de las FDI durante una gira de campo en Gaza el domingo, diciendo &hellip;<\/p>\n","protected":false},"author":1,"featured_media":40795,"comment_status":"open","ping_status":"open","sticky":false,"template":"","format":"standard","meta":{"fifu_image_url":"https:\/\/static.foxnews.com\/foxnews.com\/content\/uploads\/2025\/08\/idf-gaza.jpg","fifu_image_alt":"","footnotes":""},"categories":[13],"tags":[],"class_list":["post-40793","post","type-post","status-publish","format-standard","has-post-thumbnail","","category-mundo"],"_links":{"self":[{"href":"https:\/\/noticiasveraces.com\/index.php?rest_route=\/wp\/v2\/posts\/40793","targetHints":{"allow":["GET"]}}],"collection":[{"href":"https:\/\/noticiasveraces.com\/index.php?rest_route=\/wp\/v2\/posts"}],"about":[{"href":"https:\/\/noticiasveraces.com\/index.php?rest_route=\/wp\/v2\/types\/post"}],"author":[{"embeddable":true,"href":"https:\/\/noticiasveraces.com\/index.php?rest_route=\/wp\/v2\/users\/1"}],"replies":[{"embeddable":true,"href":"https:\/\/noticiasveraces.com\/index.php?rest_route=%2Fwp%2Fv2%2Fcomments&post=40793"}],"version-history":[{"count":0,"href":"https:\/\/noticiasveraces.com\/index.php?rest_route=\/wp\/v2\/posts\/40793\/revisions"}],"wp:featuredmedia":[{"embeddable":true,"href":"https:\/\/noticiasveraces.com\/index.php?rest_route=\/wp\/v2\/media\/40795"}],"wp:attachment":[{"href":"https:\/\/noticiasveraces.com\/index.php?rest_route=%2Fwp%2Fv2%2Fmedia&parent=40793"}],"wp:term":[{"taxonomy":"category","embeddable":true,"href":"https:\/\/noticiasveraces.com\/index.php?rest_route=%2Fwp%2Fv2%2Fcategories&post=40793"},{"taxonomy":"post_tag","embeddable":true,"href":"https:\/\/noticiasveraces.com\/index.php?rest_route=%2Fwp%2Fv2%2Ftags&post=40793"}],"curies":[{"name":"wp","href":"https:\/\/api.w.org\/{rel}","templated":true}]}}