{"id":40790,"date":"2025-08-17T14:56:14","date_gmt":"2025-08-17T18:56:14","guid":{"rendered":"https:\/\/noticiasveraces.com\/?p=40790"},"modified":"2025-08-17T14:56:14","modified_gmt":"2025-08-17T18:56:14","slug":"jhon-duran-terminara-siendo-suplente-de-mourinho-en-fenerbahce-dura-sentencia-de-un-idolo-colombianos-en-el-exterior","status":"publish","type":"post","link":"https:\/\/noticiasveraces.com\/?p=40790","title":{"rendered":"Jhon Dur\u00e1n terminar\u00e1 siendo suplente de Mourinho en Fenerbahce: dura sentencia de un \u00eddolo | Colombianos en el Exterior"},"content":{"rendered":"<p> \n<br \/><img decoding=\"async\" src=\"https:\/\/www.futbolred.com\/files\/article_graphic\/uploads\/2025\/08\/17\/68a1e737548b1.jpeg\" \/><\/p>\n<div id=\"cuerpoArticulo\">\n<p class=\"texto intro\" id=\"p253609-m420-419-421\">Jhon J\u00e1der Dur\u00e1n lleg\u00f3 como flamante refuerzo al Fenerbahce, pero en Turqu\u00eda ten\u00edan claro que, adem\u00e1s de un goleador que hab\u00eda brillado con Aston Villa en Premier League y Champions, llegaba un jugador pol\u00e9mico, que presion\u00f3 su salida de Al Nassr de Arabia por falta de adaptaci\u00f3n.<\/p>\n<p>El colombiano lleg\u00f3 en medio de la pretemporada de su equipo y todav\u00eda no convence a la prensa turca, que espera que Dur\u00e1n haga la diferencia para que Fenerbahce pueda luchar por el t\u00edtulo contra Galatasaray, el gran favorito esta temporada.<\/p>\n<p>Sin embargo, la pol\u00e9mica parece hacerle sombra al delantero de 21 a\u00f1os, pues este s\u00e1bado contra G\u00f6ztepe se salv\u00f3 de ser expulsado, luego de agredir a un rival.<\/p>\n<p class=\"texto contenido-parrafo-articulo\" id=\"p253609-m470-3-471\">En su defensa sali\u00f3 Volkan Demirel, recordado por ser \u00eddolo de la porter\u00eda del Fenerbahce. El exfutbolista, ahora panelista en la televisi\u00f3n turca, asegur\u00f3 que Dur\u00e1n fue bien amonestado tras el codazo a un rival, pues \u201cuna tarjeta har\u00eda sido muy dura\u201d.<\/p>\n<div id=\"p253609-m509-4-510\" class=\"\">\n<blockquote class=\"twitter-tweet\" data-media-max-width=\"560\">\n<p lang=\"tr\" dir=\"ltr\">\u00bfDeber\u00eda ver una tarjeta roja de pie?<\/p>\n<p>Volkan Demirel: \u00abLa tarjeta roja ser\u00eda pesada\u00bb.<\/p>\n<p>Tugay Kerimo\u011flu: \u00abNo puedo decir nada, ya sea amarillo, rojo\u00bb.<\/p>\n<p>Texto de T\u00fcmer: \u00abEstoy m\u00e1s cerca de la tarjeta roja\u00bb.<\/p>\n<p>Organizaci\u00f3n de Ersin: \u00abYasin Kol lo habr\u00eda seguido si lo hubiera seguido\u00bb. <a href=\"https:\/\/t.co\/JUwMiTwvNa\">pic.twitter.com\/juwmitwvna<\/a><\/p>\n<p>&#8211; Ahora Spor (@Nowsporttr) <a href=\"https:\/\/twitter.com\/nowsportr\/status\/1956839393685098602?ref_src=twsrc%5Etfw\">16 de agosto de 2025<\/a><\/p><\/blockquote><\/div>\n<p class=\"texto contenido-parrafo-articulo\" id=\"p253609-m517-5-518\">No obstante, Demirel dej\u00f3 clara su postura sobre las actitudes del atacante colombiano, y lanz\u00f3 una dura sentencia sobre el futuro de Dur\u00e1n esta temporada, si contin\u00faa ligado a las pol\u00e9micas y no se concentra en rendir y anotar goles.<\/p>\n<p>Volkan, quien gan\u00f3 10 t\u00edtulos con Fenerbahce [2002 a 2019]critic\u00f3 a Jhon J\u00e1der y dej\u00f3 claro como le podr\u00eda ir con Jos\u00e9 Mourinho como entrenador.<\/p>\n<p>\u201cCon el estilo de Jos\u00e9 Mourinho, Jhon Dur\u00e1n pronto estar\u00e1 en el banquillo\u201d, coment\u00f3 Demirel.<\/p>\n<div id=\"p253609-m530-6-531\" class=\"\">\n<blockquote class=\"twitter-tweet\">\n<p lang=\"tr\" dir=\"ltr\">Volkan Demirel: \u00abJos\u00e9 Mourinho&#8217;nun Jhon Duran de esta manera pronto se sentar\u00e1 en el repuesto\u00bb.<\/p>\n<p>&#8211; Sahakenear\u0131 (@sahakenarinda) <a href=\"https:\/\/twitter.com\/sahakenarinda\/status\/1956829240541749349?ref_src=twsrc%5Etfw\">16 de agosto de 2025<\/a><\/p><\/blockquote><\/div>\n<\/div>\n<p><script async src=\"https:\/\/platform.twitter.com\/widgets.js\" charset=\"utf-8\"><\/script><br \/>\n<br \/>\n","protected":false},"excerpt":{"rendered":"<p>Jhon J\u00e1der Dur\u00e1n lleg\u00f3 como flamante refuerzo al Fenerbahce, pero en Turqu\u00eda ten\u00edan claro que, adem\u00e1s de un goleador que hab\u00eda brillado con Aston Villa en Premier League y Champions, llegaba un jugador pol\u00e9mico, que presion\u00f3 su salida de Al Nassr de Arabia por falta de adaptaci\u00f3n. El colombiano lleg\u00f3 en medio de la pretemporada &hellip;<\/p>\n","protected":false},"author":1,"featured_media":40792,"comment_status":"open","ping_status":"open","sticky":false,"template":"","format":"standard","meta":{"fifu_image_url":"https:\/\/www.futbolred.com\/files\/og_thumbnail\/uploads\/2025\/08\/17\/68a1e737548b1.jpeg","fifu_image_alt":"","footnotes":""},"categories":[6],"tags":[],"class_list":["post-40790","post","type-post","status-publish","format-standard","has-post-thumbnail","","category-deportes"],"_links":{"self":[{"href":"https:\/\/noticiasveraces.com\/index.php?rest_route=\/wp\/v2\/posts\/40790","targetHints":{"allow":["GET"]}}],"collection":[{"href":"https:\/\/noticiasveraces.com\/index.php?rest_route=\/wp\/v2\/posts"}],"about":[{"href":"https:\/\/noticiasveraces.com\/index.php?rest_route=\/wp\/v2\/types\/post"}],"author":[{"embeddable":true,"href":"https:\/\/noticiasveraces.com\/index.php?rest_route=\/wp\/v2\/users\/1"}],"replies":[{"embeddable":true,"href":"https:\/\/noticiasveraces.com\/index.php?rest_route=%2Fwp%2Fv2%2Fcomments&post=40790"}],"version-history":[{"count":0,"href":"https:\/\/noticiasveraces.com\/index.php?rest_route=\/wp\/v2\/posts\/40790\/revisions"}],"wp:featuredmedia":[{"embeddable":true,"href":"https:\/\/noticiasveraces.com\/index.php?rest_route=\/wp\/v2\/media\/40792"}],"wp:attachment":[{"href":"https:\/\/noticiasveraces.com\/index.php?rest_route=%2Fwp%2Fv2%2Fmedia&parent=40790"}],"wp:term":[{"taxonomy":"category","embeddable":true,"href":"https:\/\/noticiasveraces.com\/index.php?rest_route=%2Fwp%2Fv2%2Fcategories&post=40790"},{"taxonomy":"post_tag","embeddable":true,"href":"https:\/\/noticiasveraces.com\/index.php?rest_route=%2Fwp%2Fv2%2Ftags&post=40790"}],"curies":[{"name":"wp","href":"https:\/\/api.w.org\/{rel}","templated":true}]}}