{"id":40754,"date":"2025-08-17T09:53:10","date_gmt":"2025-08-17T13:53:10","guid":{"rendered":"https:\/\/noticiasveraces.com\/?p=40754"},"modified":"2025-08-17T09:53:10","modified_gmt":"2025-08-17T13:53:10","slug":"zelenski-llegara-a-washington-acompanado-de-lideres-europeos-dw-17-08-2025","status":"publish","type":"post","link":"https:\/\/noticiasveraces.com\/?p=40754","title":{"rendered":"Zelenski llegar\u00e1 a Washington acompa\u00f1ado de l\u00edderes europeos \u2013 DW \u2013 17\/08\/2025"},"content":{"rendered":"<p> \n<\/p>\n<div data-tracking-name=\"rich-text\" data-tracking-skip=\"true\">\n<p>La presidenta de la Comisi\u00f3n Europea, Ursula von der Leyen, y otros l\u00edderes europeos -como Friedrich Merz, Keir Starmer y Emmanuel Macron- viajar\u00e1n a Washington junto al presidente ucraniano, Volodimir Zelenski, quien el lunes 18 de agosto se reunir\u00e1 con el presidente estadounidense, Donald Trump, seg\u00fan confirm\u00f3 este domingo (17.08.2025) la propia responsable europea.<\/p>\n<p>\u00abEsta tarde dar\u00e9 la bienvenida (a Zelenski) en Bruselas. Juntos participaremos en la Coalici\u00f3n de los Dispuestos\u00bb, dijo Von der Leyen en referencia a una reuni\u00f3n por videoconferencia con pa\u00edses aliados de Ucrania que tendr\u00e1 lugar esta jornada, y a\u00f1adi\u00f3 que \u00aba petici\u00f3n del presidente Zelenski ma\u00f1ana me unir\u00e9 a la reuni\u00f3n con el presidente Trump y otros l\u00edderes europeos en la Casa Blanca\u00bb.<\/p>\n<p>El canciller alem\u00e1n, Friedrich Merz; el presidente franc\u00e9s, Emmanuel Macron; la primera ministra de Italia, Giorgia Meloni; el primer ministro de Reino Unido, Keir Starmer; y el presidente finland\u00e9s, Alexander Stubb, tambi\u00e9n confirmaron su asistencia a la reuni\u00f3n en la Casa Blanca. Zelenski dijo el s\u00e1bado que Trump lo hab\u00eda invitado -tras reunirse el viernes en Alaska con Vladimir Putin- para conversar \u00abtodos los detalles sobre c\u00f3mo poner fin a la matanza y a la guerra\u00bb.<\/p>\n<p><span data-slot-id=\"Article_InContent-1\" class=\"rich-text-ad\"\/><\/p>\n<h2>Paz \u00abjusta y duradera\u00bb<\/h2>\n<p>El gobierno alem\u00e1n dijo a trav\u00e9s de un comunicado que el viaje servir\u00e1 \u00abpara intercambiar informaci\u00f3n con el presidente de Estados Unidos\u201d, y destac\u00f3 la importancia de dialogar sobre \u00abgarant\u00edas de seguridad, asuntos territoriales y el apoyo continuo a Ucrania en su lucha por repeler la agresi\u00f3n de Rusia. Esto tambi\u00e9n incluye la mantenci\u00f3n de la presi\u00f3n de las sanciones\u201d.<\/p>\n<p>El Palacio del El\u00edseo, en tanto, confirm\u00f3 que Macron formar\u00e1 parte de la comitiva. \u00abEl presidente de la Rep\u00fablica viajar\u00e1 ma\u00f1ana a Washington junto con el presidente Zelenski y varios l\u00edderes europeos para continuar la labor de coordinaci\u00f3n entre Europa y Estados Unidos, con el objetivo de alcanzar una paz justa y duradera que preserve los intereses vitales de Ucrania y la seguridad de Europa\u00bb, indic\u00f3.<\/p>\n<p>El s\u00e1bado, varios l\u00edderes europeos, incluidos los que participar\u00e1n en el viaje a Washington, dijeron en una declaraci\u00f3n conjunta que est\u00e1n \u00abdispuestos a colaborar\u00bb en la celebraci\u00f3n de una cumbre trilateral entre Ucrania, Rusia y EE.UU., pero advirtieron que \u00abRusia no puede vetar el camino de Ucrania hacia la UE y la OTAN\u00bb y que \u00abcorresponder\u00e1 a Ucrania tomar decisiones sobre su territorio\u00bb.<\/p>\n<p>DZC (EFE, DPA)<\/p>\n<\/div>\n\n","protected":false},"excerpt":{"rendered":"<p>La presidenta de la Comisi\u00f3n Europea, Ursula von der Leyen, y otros l\u00edderes europeos -como Friedrich Merz, Keir Starmer y Emmanuel Macron- viajar\u00e1n a Washington junto al presidente ucraniano, Volodimir Zelenski, quien el lunes 18 de agosto se reunir\u00e1 con el presidente estadounidense, Donald Trump, seg\u00fan confirm\u00f3 este domingo (17.08.2025) la propia responsable europea. \u00abEsta &hellip;<\/p>\n","protected":false},"author":1,"featured_media":40755,"comment_status":"open","ping_status":"open","sticky":false,"template":"","format":"standard","meta":{"fifu_image_url":"https:\/\/static.dw.com\/image\/72763861_6.jpg","fifu_image_alt":"","footnotes":""},"categories":[13],"tags":[],"class_list":["post-40754","post","type-post","status-publish","format-standard","has-post-thumbnail","","category-mundo"],"_links":{"self":[{"href":"https:\/\/noticiasveraces.com\/index.php?rest_route=\/wp\/v2\/posts\/40754","targetHints":{"allow":["GET"]}}],"collection":[{"href":"https:\/\/noticiasveraces.com\/index.php?rest_route=\/wp\/v2\/posts"}],"about":[{"href":"https:\/\/noticiasveraces.com\/index.php?rest_route=\/wp\/v2\/types\/post"}],"author":[{"embeddable":true,"href":"https:\/\/noticiasveraces.com\/index.php?rest_route=\/wp\/v2\/users\/1"}],"replies":[{"embeddable":true,"href":"https:\/\/noticiasveraces.com\/index.php?rest_route=%2Fwp%2Fv2%2Fcomments&post=40754"}],"version-history":[{"count":0,"href":"https:\/\/noticiasveraces.com\/index.php?rest_route=\/wp\/v2\/posts\/40754\/revisions"}],"wp:featuredmedia":[{"embeddable":true,"href":"https:\/\/noticiasveraces.com\/index.php?rest_route=\/wp\/v2\/media\/40755"}],"wp:attachment":[{"href":"https:\/\/noticiasveraces.com\/index.php?rest_route=%2Fwp%2Fv2%2Fmedia&parent=40754"}],"wp:term":[{"taxonomy":"category","embeddable":true,"href":"https:\/\/noticiasveraces.com\/index.php?rest_route=%2Fwp%2Fv2%2Fcategories&post=40754"},{"taxonomy":"post_tag","embeddable":true,"href":"https:\/\/noticiasveraces.com\/index.php?rest_route=%2Fwp%2Fv2%2Ftags&post=40754"}],"curies":[{"name":"wp","href":"https:\/\/api.w.org\/{rel}","templated":true}]}}