{"id":40711,"date":"2025-08-17T03:47:05","date_gmt":"2025-08-17T07:47:05","guid":{"rendered":"https:\/\/noticiasveraces.com\/?p=40711"},"modified":"2025-08-17T03:47:05","modified_gmt":"2025-08-17T07:47:05","slug":"miles-piden-en-tel-aviv-el-fin-de-la-guerra-en-gaza-dw-17-08-2025","status":"publish","type":"post","link":"https:\/\/noticiasveraces.com\/?p=40711","title":{"rendered":"Miles piden en Tel Aviv el fin de la guerra en Gaza \u2013 DW \u2013 17\/08\/2025"},"content":{"rendered":"<p> \n<\/p>\n<div data-tracking-name=\"rich-text\" data-tracking-skip=\"true\">\n<p>Miles de manifestantes salieron a las calles del centro de Tel Aviv el s\u00e1bado (16.08.2025) para exigir el fin de la guerra en la Franja de Gaza y un acuerdo para liberar a los rehenes retenidos por Ham\u00e1s, organizaci\u00f3n considerada\u00a0terrorista por la Uni\u00f3n Europea, Israel\u00a0y otros pa\u00edses.<\/p>\n<p>A la protesta, convocada por el Foro de Familiares de Rehenes, se sumaron otras movilizaciones en Haifa, Jerusal\u00e9n y Beersheva, como preludio a una huelga nacional organizada para el domingo.<\/p>\n<p>\u00abMa\u00f1ana paralizaremos el pa\u00eds\u00bb, dijo Einav Zangauker, cuyo hijo Matan es uno de los 20 rehenes que siguen vivos en la Franja de Gaza en poder de Ham\u00e1s.<\/p>\n<p>\u00abY no nos detendremos ma\u00f1ana, no esperaremos a que (el primer ministro Benjamin) Netanyahu ponga fin a la guerra, tomaremos lo que es leg\u00edtimamente nuestro\u00bb, a\u00f1adi\u00f3.<\/p>\n<p>Seg\u00fan el calendario jud\u00edo, el domingo es el primer d\u00eda laborable de la semana en Israel.<\/p>\n<p>Las familias de los rehenes convocaron la huelga para protestar contra la decisi\u00f3n del Gobierno israel\u00ed de ampliar la guerra en Gaza con una nueva ofensiva, en lugar de firmar un acuerdo para devolver a los secuestrados, seg\u00fan inform\u00f3 el <em>Tiempos de Israel<\/em>.<\/p>\n<p>Israel estima que Ham\u00e1s retiene los cad\u00e1veres de otros 30 secuestrados en la Franja de Gaza, adem\u00e1s de los rehenes vivos.<\/p>\n<p>Netanyahu inst\u00f3 al gabinete de seguridad a decidir tomar la ciudad de Gaza y los barrios de refugiados en el centro de la Franja por la fuerza militar.<\/p>\n<p>La ofensiva militar de Israel en Gaza comenz\u00f3 en respuesta a los ataques terroristas lanzados el 7 de octubre de 2023 por parte de Ham\u00e1s en territorio israel\u00ed.<\/p>\n<p><span data-slot-id=\"Article_InContent-1\" class=\"rich-text-ad\"\/><\/p>\n<h2>Huelga nacional \u00abIsrael en pausa\u00bb<\/h2>\n<p>Las familias de los rehenes retenidos en Gaza llamaron a la huelega para \u00abdetener la vida cotidiana\u00bb y\u00a0 exigir al Gobierno de Netanyahu un acuerdo que permita su liberaci\u00f3n.<\/p>\n<p>La movilizaci\u00f3n, bautizada como \u00abIsrael en pausa\u00bb, comenzar\u00e1 a las 07:00 hora local (04:00 GMT) con concentraciones en cruces de carretera y se prolongar\u00e1 durante todo el d\u00eda con marchas, oraciones y actos por todo el pa\u00eds.<\/p>\n<p>La atenci\u00f3n se centrar\u00e1 especialmente en Tel Aviv, donde se espera que cerca de un mill\u00f3n de personas se re\u00fanan en la plaza de los Rehenes, epicentro de las protestas desde el inicio de la guerra.<\/p>\n<p>A las 20:00 (17:00 GMT) est\u00e1 prevista una gran manifestaci\u00f3n frente a la sede del Ej\u00e9rcito israel\u00ed en Tel Aviv.<\/p>\n<p>El paro cuenta con un amplio respaldo social. Varias universidades -entre ellas la Hebrea de Jerusal\u00e9n, el Technion de Haifa y la Abierta de Israel- anunciaron que permitir\u00e1n a su personal y alumnado unirse a las protestas, mientras que alrededor de 75 autoridades locales, incluido el alcalde de Tel Aviv, Ron Huldai, han expresado su apoyo.<\/p>\n<p>A la protesta se sumar\u00e1n, seg\u00fan informan medios locales, varias compa\u00f1\u00edas tecnol\u00f3gicas del pa\u00eds -entre ellas Wix, HoneyBook y Fireblocks- y la Asociaci\u00f3n de Abogados de Israel.<\/p>\n<p>GS (DPA, AP, Efe)<\/p>\n<\/div>\n\n","protected":false},"excerpt":{"rendered":"<p>Miles de manifestantes salieron a las calles del centro de Tel Aviv el s\u00e1bado (16.08.2025) para exigir el fin de la guerra en la Franja de Gaza y un acuerdo para liberar a los rehenes retenidos por Ham\u00e1s, organizaci\u00f3n considerada\u00a0terrorista por la Uni\u00f3n Europea, Israel\u00a0y otros pa\u00edses. A la protesta, convocada por el Foro de &hellip;<\/p>\n","protected":false},"author":1,"featured_media":40712,"comment_status":"open","ping_status":"open","sticky":false,"template":"","format":"standard","meta":{"fifu_image_url":"https:\/\/static.dw.com\/image\/73669311_6.jpg","fifu_image_alt":"","footnotes":""},"categories":[13],"tags":[],"class_list":["post-40711","post","type-post","status-publish","format-standard","has-post-thumbnail","","category-mundo"],"_links":{"self":[{"href":"https:\/\/noticiasveraces.com\/index.php?rest_route=\/wp\/v2\/posts\/40711","targetHints":{"allow":["GET"]}}],"collection":[{"href":"https:\/\/noticiasveraces.com\/index.php?rest_route=\/wp\/v2\/posts"}],"about":[{"href":"https:\/\/noticiasveraces.com\/index.php?rest_route=\/wp\/v2\/types\/post"}],"author":[{"embeddable":true,"href":"https:\/\/noticiasveraces.com\/index.php?rest_route=\/wp\/v2\/users\/1"}],"replies":[{"embeddable":true,"href":"https:\/\/noticiasveraces.com\/index.php?rest_route=%2Fwp%2Fv2%2Fcomments&post=40711"}],"version-history":[{"count":0,"href":"https:\/\/noticiasveraces.com\/index.php?rest_route=\/wp\/v2\/posts\/40711\/revisions"}],"wp:featuredmedia":[{"embeddable":true,"href":"https:\/\/noticiasveraces.com\/index.php?rest_route=\/wp\/v2\/media\/40712"}],"wp:attachment":[{"href":"https:\/\/noticiasveraces.com\/index.php?rest_route=%2Fwp%2Fv2%2Fmedia&parent=40711"}],"wp:term":[{"taxonomy":"category","embeddable":true,"href":"https:\/\/noticiasveraces.com\/index.php?rest_route=%2Fwp%2Fv2%2Fcategories&post=40711"},{"taxonomy":"post_tag","embeddable":true,"href":"https:\/\/noticiasveraces.com\/index.php?rest_route=%2Fwp%2Fv2%2Ftags&post=40711"}],"curies":[{"name":"wp","href":"https:\/\/api.w.org\/{rel}","templated":true}]}}