{"id":40692,"date":"2025-08-16T22:42:11","date_gmt":"2025-08-17T02:42:11","guid":{"rendered":"https:\/\/noticiasveraces.com\/?p=40692"},"modified":"2025-08-16T22:42:11","modified_gmt":"2025-08-17T02:42:11","slug":"reportan-enfrentamientos-en-nueva-noche-de-protestas-dw-17-08-2025","status":"publish","type":"post","link":"https:\/\/noticiasveraces.com\/?p=40692","title":{"rendered":"reportan enfrentamientos en nueva noche de protestas \u2013 DW \u2013 17\/08\/2025"},"content":{"rendered":"<p> \n<\/p>\n<div data-tracking-name=\"rich-text\" data-tracking-skip=\"true\">\n<p>Nuevos enfrentamientos estallaron el s\u00e1bado (16.08.2025) entre manifestantes y la polic\u00eda antimotines en Belgrado y otras ciudades de Serbia,\u00a0en la quinta noche consecutiva de disturbios.<\/p>\n<p>En la ciudad central de Valjevo, donde miles de personas se congregaron para expresar su enojo con el partido del presidente derechista Aleksandar Vucic, un peque\u00f1o grupo de j\u00f3venes enmascarados atacaron e incendiaron las oficinas vac\u00edas del gobernante Partido Progresista.<\/p>\n<p>Posteriormente se enfrentaron con la polic\u00eda antimotines lanzando fuegos artificiales y piedras mientras las autoridades replicaron con granadas aturdidoras y gas lacrim\u00f3geno.<\/p>\n<p>En Belgrado estallaron enfrentamientos luego de que la polic\u00eda impidiera a los manifestantes dirigirse a la sede del partido de gobierno.<\/p>\n<p>Tambi\u00e9n se reportaron incidentes violentos en la norte\u00f1a Novi Sad, la segunda mayor ciudad del pa\u00eds, as\u00ed como en Nis, Sabac, Loznica y Kragujevac, y se anuncian tambi\u00e9n para este fin de semana.<\/p>\n<h2>Decenas de heridos y detenidos<\/h2>\n<p>El Ministerio del Interior de Serbia report\u00f3 varias decenas de detenidos y heridos durante los disturbios.<\/p>\n<p>Por su parte, la televisi\u00f3n N1 inform\u00f3 que Belgrado pas\u00f3 otra noche \u00abdram\u00e1tica\u00bb, la tercera seguida, con manifestantes incendiando y volcando contenedores de basura por las calles y tirando artefactos pirot\u00e9cnicos, y que la Polic\u00eda los dispers\u00f3 empleando veh\u00edculos blindados y gas lacrim\u00f3geno.<\/p>\n<figure class=\"placeholder-image master_landscape big\"><img data-format=\"MASTER_LANDSCAPE\" data-id=\"73665797\" data-url=\"https:\/\/static.dw.com\/image\/73665797_${formatId}.jpg\" data-aspect-ratio=\"16\/9\" alt=\"Agentes de la gendarmer\u00eda serbia patrullan en cami\u00f3n durante una protesta cerca de la sede del Partido Progresista Serbio en Belgrado. (Archivo: 15.08.2015)\" style=\"padding-bottom: 56.25%; height: 0; max-height: 0;\"\/><figcaption class=\"img-caption\">Agentes de la gendarmer\u00eda serbia patrullan en cami\u00f3n durante una protesta cerca de la sede del Partido Progresista Serbio en Belgrado. (Archivo: 15.08.2015)<small class=\"copyright\">Imagen: Darko Vojinovic\/AP Photo\/Picture Alliance<\/small><\/figcaption><\/figure>\n<p>\u00abLos manifestantes llegaron a Belgrado enmascarados, con barras de metal, palos de madera, piedras y escudos, y con la intenci\u00f3n de herir a los polic\u00edas\u201d, declar\u00f3 el ministro, Ivica Dacic, en rueda de prensa.<\/p>\n<p>Seg\u00fan Dacic, 38 personas fueron detenidas y seis agentes resultaron heridos, mientras que medios cr\u00edticos con el Gobierno nacionalista serbio afirman este s\u00e1bado que los servicios de urgencias atendieron a al menos 10 heridos en las protestas.<\/p>\n<p><span data-slot-id=\"Article_InContent-1\" class=\"rich-text-ad\"\/><\/p>\n<h2>Deploran abuso de fuerza<\/h2>\n<p>El mi\u00e9rcoles resultaron heridos 27 polic\u00edas y un m\u00ednimo de 80 civiles en enfrentamientos que, seg\u00fan los estudiantes y la oposici\u00f3n, fueron provocados por \u00abmatones\u00bb pro gubernamentales pero contra cuya violencia la Polic\u00eda no reaccion\u00f3, al tiempo que, denuncian, abus\u00f3 de la fuerza contra los manifestantes.<\/p>\n<p>Michael O&#8217;Flaherty, comisionado de Derechos Humanos del Consejo de Europa, deplor\u00f3 \u00abel uso desproporcionado de la fuerza por parte de la Polic\u00eda\u00bb y reiter\u00f3 su llamado a que las autoridades \u00abeviten el uso excesivo de la fuerza, pongan fin a las detenciones arbitrarias y reduzcan la tensi\u00f3n\u201d.<\/p>\n<p>Las multitudinarias protestas, que han sido lideradas por universitarios contra el presidente Vucic, al que acusan de autoritario y corrupto, se han tornado violentas en los \u00faltimos d\u00edas.<\/p>\n<p>Todo comenz\u00f3 tras el derrumbe, el pasado 1 de noviembre, de una marquesina en la estaci\u00f3n de trenes de Novi Sad, que acababa de ser remodelada, en donde murieron 16 personas.<\/p>\n<p>La tragedia se convirti\u00f3 en un s\u00edmbolo de la corrupci\u00f3n arraigada en el pa\u00eds de los Balcanes, con exigencias de una investigaci\u00f3n transparente y crecientes llamados a elecciones anticipadas.<\/p>\n<p>GS (AFP, EFE, AP)<\/p>\n<\/div>\n\n","protected":false},"excerpt":{"rendered":"<p>Nuevos enfrentamientos estallaron el s\u00e1bado (16.08.2025) entre manifestantes y la polic\u00eda antimotines en Belgrado y otras ciudades de Serbia,\u00a0en la quinta noche consecutiva de disturbios. En la ciudad central de Valjevo, donde miles de personas se congregaron para expresar su enojo con el partido del presidente derechista Aleksandar Vucic, un peque\u00f1o grupo de j\u00f3venes enmascarados &hellip;<\/p>\n","protected":false},"author":1,"featured_media":40693,"comment_status":"open","ping_status":"open","sticky":false,"template":"","format":"standard","meta":{"fifu_image_url":"https:\/\/static.dw.com\/image\/73665773_6.jpg","fifu_image_alt":"","footnotes":""},"categories":[13],"tags":[],"class_list":["post-40692","post","type-post","status-publish","format-standard","has-post-thumbnail","","category-mundo"],"_links":{"self":[{"href":"https:\/\/noticiasveraces.com\/index.php?rest_route=\/wp\/v2\/posts\/40692","targetHints":{"allow":["GET"]}}],"collection":[{"href":"https:\/\/noticiasveraces.com\/index.php?rest_route=\/wp\/v2\/posts"}],"about":[{"href":"https:\/\/noticiasveraces.com\/index.php?rest_route=\/wp\/v2\/types\/post"}],"author":[{"embeddable":true,"href":"https:\/\/noticiasveraces.com\/index.php?rest_route=\/wp\/v2\/users\/1"}],"replies":[{"embeddable":true,"href":"https:\/\/noticiasveraces.com\/index.php?rest_route=%2Fwp%2Fv2%2Fcomments&post=40692"}],"version-history":[{"count":0,"href":"https:\/\/noticiasveraces.com\/index.php?rest_route=\/wp\/v2\/posts\/40692\/revisions"}],"wp:featuredmedia":[{"embeddable":true,"href":"https:\/\/noticiasveraces.com\/index.php?rest_route=\/wp\/v2\/media\/40693"}],"wp:attachment":[{"href":"https:\/\/noticiasveraces.com\/index.php?rest_route=%2Fwp%2Fv2%2Fmedia&parent=40692"}],"wp:term":[{"taxonomy":"category","embeddable":true,"href":"https:\/\/noticiasveraces.com\/index.php?rest_route=%2Fwp%2Fv2%2Fcategories&post=40692"},{"taxonomy":"post_tag","embeddable":true,"href":"https:\/\/noticiasveraces.com\/index.php?rest_route=%2Fwp%2Fv2%2Ftags&post=40692"}],"curies":[{"name":"wp","href":"https:\/\/api.w.org\/{rel}","templated":true}]}}