{"id":40673,"date":"2025-08-16T20:40:05","date_gmt":"2025-08-17T00:40:05","guid":{"rendered":"https:\/\/noticiasveraces.com\/?p=40673"},"modified":"2025-08-16T20:40:05","modified_gmt":"2025-08-17T00:40:05","slug":"israel-planea-trasladar-a-los-palestinos-al-sur-de-gaza-lejos-de-la-ofensiva-militar","status":"publish","type":"post","link":"https:\/\/noticiasveraces.com\/?p=40673","title":{"rendered":"Israel planea trasladar a los palestinos al sur de Gaza lejos de la ofensiva militar"},"content":{"rendered":"<p> \n<\/p>\n<div>\n<div id=\"beyondwords-wrapper\" class=\"beyondwords-wrapper\">\n<p><span class=\"label-bg\">NUEVO<\/span>\u00a1Ahora puedes escuchar art\u00edculos de Fox News!\n  <\/p>\n<\/div>\n<p class=\"speakable\">Israel dijo el s\u00e1bado que planea trasladar a los palestinos al sur de Gaza mientras se prepara para una nueva ofensiva militar. <\/p>\n<p class=\"speakable\">\u00abDe acuerdo con la directiva del escal\u00f3n pol\u00edtico, y como parte de los preparativos de @IDF para trasladar a la poblaci\u00f3n de zonas de combate al sur de Gaza para su protecci\u00f3n, el suministro de tiendas de campa\u00f1a y equipos de refugio a Gaza se reanudar\u00e1 ma\u00f1ana (domingo)\u00bb, la agencia militar, la agencia militar a cargo de la ayuda humanitaria a Gaza, dijo en un puesto de redes sociales. \u00abLa ayuda ser\u00e1 transferida a trav\u00e9s del cruce de Kerem Shalom por la ONU e organizaciones internacionales, luego de una inspecci\u00f3n de seguridad exhaustiva. Continuaremos actuando de acuerdo con el derecho internacional para facilitar la entrada de ayuda humanitaria a la Franja de Gaza\u00bb.<\/p>\n<p>Las Fuerzas de Defensa de Israel no han dicho cu\u00e1ndo comenzar\u00eda el movimiento de masas de las personas al sur. <\/p>\n<p>El ministro de Defensa de Israel, Israel Katz, escribi\u00f3 en las redes sociales el s\u00e1bado que el pa\u00eds est\u00e1 \u00aben la etapa de discusiones para formular el plan para derrotar a Hamas en Gaza y devolver a los rehenes, y en su conclusi\u00f3n, habr\u00e1 un plan integral y poderoso para llevar a cabo la misi\u00f3n en todos sus aspectos.<\/p>\n<p><strong>Netanyahu promete tomar el control total de Gaza Strip, \u00abliberar\u00bb a la gente de Hamas<\/strong><\/p>\n<div class=\"image-ct inline\">\n<div class=\"m\"><picture><source media=\"(max-width: 767px)\" srcset=\"https:\/\/a57.foxnews.com\/static.foxnews.com\/foxnews.com\/content\/uploads\/2025\/08\/343\/192\/gazans-trying-to-get-food.jpg?ve=1&amp;tl=1, https:\/\/a57.foxnews.com\/static.foxnews.com\/foxnews.com\/content\/uploads\/2025\/08\/686\/384\/gazans-trying-to-get-food.jpg?ve=1&amp;tl=1 2x\" height=\"192\" width=\"343\"><source media=\"(min-width: 768px) and (max-width: 1023px)\" srcset=\"https:\/\/a57.foxnews.com\/static.foxnews.com\/foxnews.com\/content\/uploads\/2025\/08\/672\/378\/gazans-trying-to-get-food.jpg?ve=1&amp;tl=1, https:\/\/a57.foxnews.com\/static.foxnews.com\/foxnews.com\/content\/uploads\/2025\/08\/1344\/756\/gazans-trying-to-get-food.jpg?ve=1&amp;tl=1 2x\" height=\"378\" width=\"672\"><source media=\"(min-width: 1024px) and (max-width: 1279px)\" srcset=\"https:\/\/a57.foxnews.com\/static.foxnews.com\/foxnews.com\/content\/uploads\/2025\/08\/931\/523\/gazans-trying-to-get-food.jpg?ve=1&amp;tl=1, https:\/\/a57.foxnews.com\/static.foxnews.com\/foxnews.com\/content\/uploads\/2025\/08\/1862\/1046\/gazans-trying-to-get-food.jpg?ve=1&amp;tl=1 2x\" height=\"523\" width=\"931\"><source media=\"(min-width: 1280px)\" srcset=\"https:\/\/a57.foxnews.com\/static.foxnews.com\/foxnews.com\/content\/uploads\/2025\/08\/720\/405\/gazans-trying-to-get-food.jpg?ve=1&amp;tl=1, https:\/\/a57.foxnews.com\/static.foxnews.com\/foxnews.com\/content\/uploads\/2025\/08\/1440\/810\/gazans-trying-to-get-food.jpg?ve=1&amp;tl=1 2x\" height=\"405\" width=\"720\"><img loading=\"lazy\" decoding=\"async\" src=\"https:\/\/a57.foxnews.com\/static.foxnews.com\/foxnews.com\/content\/uploads\/2025\/08\/1200\/675\/gazans-trying-to-get-food.jpg?ve=1&amp;tl=1\" alt=\"Gazans con brazos extendidos sosteniendo tazones, tratando de obtener comida\" width=\"1200\" height=\"675\"\/><\/source><\/source><\/source><\/source><\/picture><\/div>\n<div class=\"info\">\n<div class=\"caption\">\n<p><span>Los palestinos que intentan recibir una comida caliente en una cocina ben\u00e9fica en Gaza el 22 de julio. <\/span> <span>(AFP a trav\u00e9s de Getty Images)<\/span><\/p>\n<\/div>\n<\/div>\n<\/div>\n<p>El primer ministro israel\u00ed, Benjamin Netanyahu, confirm\u00f3 la semana pasada planes para que Israel tome el control total de la Franja de Gaza. En una entrevista exclusiva con el Bill Hemmer de Fox News, Netanyahu dijo que la medida tiene como objetivo eliminar a Hamas y finalmente transferir la gobernanza a las autoridades \u00e1rabes. <\/p>\n<p>\u00abQueremos liberarnos y liberar a la gente de Gaza del terror terror de Hamas\u00bb, dijo Netanyahu. <\/p>\n<p>Las familias de rehenes que todav\u00eda est\u00e1n detenidos por Hamas pidieron un \u00abd\u00eda de detenci\u00f3n a nivel nacional\u00bb el domingo para protestar por las operaciones ampliadas en Gaza, ya que los rehenes permanecen all\u00ed, ya que la guerra casi entra en su tercer a\u00f1o. <\/p>\n<p>Cincuenta rehenes a\u00fan permanecen en Gaza, aunque solo se cree que solo 20 est\u00e1n vivos. <\/p>\n<p>\u00abSe han celebrado cincuenta rehenes en los t\u00faneles de la muerte de Hamas durante casi 700 d\u00edas. Todos hemos visto, con nuestros corazones desgarrados, las im\u00e1genes de Evyatar David y Rom Breslavsky sufren bajo un tormento humano inimaginable\u00bb, dijeron los rehenes y las familias desaparecidas en un comunicado.<\/p>\n<div class=\"image-ct inline\">\n<div class=\"m\"><picture><source media=\"(max-width: 767px)\" srcset=\"https:\/\/a57.foxnews.com\/static.foxnews.com\/foxnews.com\/content\/uploads\/2025\/08\/343\/192\/palestinian-holding-body-of-nephew.jpg?ve=1&amp;tl=1, https:\/\/a57.foxnews.com\/static.foxnews.com\/foxnews.com\/content\/uploads\/2025\/08\/686\/384\/palestinian-holding-body-of-nephew.jpg?ve=1&amp;tl=1 2x\" height=\"192\" width=\"343\"><source media=\"(min-width: 768px) and (max-width: 1023px)\" srcset=\"https:\/\/a57.foxnews.com\/static.foxnews.com\/foxnews.com\/content\/uploads\/2025\/08\/672\/378\/palestinian-holding-body-of-nephew.jpg?ve=1&amp;tl=1, https:\/\/a57.foxnews.com\/static.foxnews.com\/foxnews.com\/content\/uploads\/2025\/08\/1344\/756\/palestinian-holding-body-of-nephew.jpg?ve=1&amp;tl=1 2x\" height=\"378\" width=\"672\"><source media=\"(min-width: 1024px) and (max-width: 1279px)\" srcset=\"https:\/\/a57.foxnews.com\/static.foxnews.com\/foxnews.com\/content\/uploads\/2025\/08\/931\/523\/palestinian-holding-body-of-nephew.jpg?ve=1&amp;tl=1, https:\/\/a57.foxnews.com\/static.foxnews.com\/foxnews.com\/content\/uploads\/2025\/08\/1862\/1046\/palestinian-holding-body-of-nephew.jpg?ve=1&amp;tl=1 2x\" height=\"523\" width=\"931\"><source media=\"(min-width: 1280px)\" srcset=\"https:\/\/a57.foxnews.com\/static.foxnews.com\/foxnews.com\/content\/uploads\/2025\/08\/720\/405\/palestinian-holding-body-of-nephew.jpg?ve=1&amp;tl=1, https:\/\/a57.foxnews.com\/static.foxnews.com\/foxnews.com\/content\/uploads\/2025\/08\/1440\/810\/palestinian-holding-body-of-nephew.jpg?ve=1&amp;tl=1 2x\" height=\"405\" width=\"720\"><img loading=\"lazy\" decoding=\"async\" src=\"https:\/\/a57.foxnews.com\/static.foxnews.com\/foxnews.com\/content\/uploads\/2025\/08\/1200\/675\/palestinian-holding-body-of-nephew.jpg?ve=1&amp;tl=1\" alt=\"Cuerpo de sobrino palestino\" width=\"1200\" height=\"675\"\/><\/source><\/source><\/source><\/source><\/picture><\/div>\n<div class=\"info\">\n<div class=\"caption\">\n<p><span>Un hombre palestino lleva el cuerpo de su sobrino de 7 a\u00f1os, Alaa Al-Toum, quien, seg\u00fan la familia, fue asesinado en un ataque a\u00e9reo del ej\u00e9rcito israel\u00ed, durante su funeral en el Hospital Shifa en la ciudad de Gaza, el s\u00e1bado 16 de agosto de 2025. <\/span> <span>(AP Photo\/Jehad Alshrafi)<\/span><\/p>\n<\/div>\n<\/div>\n<\/div>\n<p><strong>La ONG de Israel trabaja detr\u00e1s de escena para coordinar la ayuda a los civiles de Gaz\u00e1n<\/strong><\/p>\n<p>Agreg\u00f3: \u00abAhora es el momento de actuar: para llevar a las calles, apoyar a las familias de los rehenes, apoyar a las familias de los soldados e influir en el futuro de los rehenes y el futuro del pa\u00eds, porque solo las personas pueden llevar a los rehenes a casa\u00bb, seg\u00fan The Times of Israel. <\/p>\n<p>Dos madres y una esposa de tres rehenes escribieron en una carta conjunta sobre \u00abHope\u00bb. <\/p>\n<p>\u00abLos d\u00edas son largos, las noches son a\u00fan m\u00e1s largas\u00bb, escribieron las madres y la esposa de los rehenes Matan Angrest, Nimrod Cohen y Omri Miran. <\/p>\n<div class=\"image-ct inline\">\n<div class=\"m\"><picture><source media=\"(max-width: 767px)\" srcset=\"https:\/\/a57.foxnews.com\/static.foxnews.com\/foxnews.com\/content\/uploads\/2025\/08\/343\/192\/israeli-protester.jpg?ve=1&amp;tl=1, https:\/\/a57.foxnews.com\/static.foxnews.com\/foxnews.com\/content\/uploads\/2025\/08\/686\/384\/israeli-protester.jpg?ve=1&amp;tl=1 2x\" height=\"192\" width=\"343\"><source media=\"(min-width: 768px) and (max-width: 1023px)\" srcset=\"https:\/\/a57.foxnews.com\/static.foxnews.com\/foxnews.com\/content\/uploads\/2025\/08\/672\/378\/israeli-protester.jpg?ve=1&amp;tl=1, https:\/\/a57.foxnews.com\/static.foxnews.com\/foxnews.com\/content\/uploads\/2025\/08\/1344\/756\/israeli-protester.jpg?ve=1&amp;tl=1 2x\" height=\"378\" width=\"672\"><source media=\"(min-width: 1024px) and (max-width: 1279px)\" srcset=\"https:\/\/a57.foxnews.com\/static.foxnews.com\/foxnews.com\/content\/uploads\/2025\/08\/931\/523\/israeli-protester.jpg?ve=1&amp;tl=1, https:\/\/a57.foxnews.com\/static.foxnews.com\/foxnews.com\/content\/uploads\/2025\/08\/1862\/1046\/israeli-protester.jpg?ve=1&amp;tl=1 2x\" height=\"523\" width=\"931\"><source media=\"(min-width: 1280px)\" srcset=\"https:\/\/a57.foxnews.com\/static.foxnews.com\/foxnews.com\/content\/uploads\/2025\/08\/720\/405\/israeli-protester.jpg?ve=1&amp;tl=1, https:\/\/a57.foxnews.com\/static.foxnews.com\/foxnews.com\/content\/uploads\/2025\/08\/1440\/810\/israeli-protester.jpg?ve=1&amp;tl=1 2x\" height=\"405\" width=\"720\"><img loading=\"lazy\" decoding=\"async\" src=\"https:\/\/a57.foxnews.com\/static.foxnews.com\/foxnews.com\/content\/uploads\/2025\/08\/1200\/675\/israeli-protester.jpg?ve=1&amp;tl=1\" alt=\"Mujer que usa los colores de la bandera israel\u00ed en su rostro durante una protesta\" width=\"1200\" height=\"675\"\/><\/source><\/source><\/source><\/source><\/picture><\/div>\n<div class=\"info\">\n<div class=\"caption\">\n<p><span>Una mujer con la cara pintada en los colores de la bandera israel\u00ed participa en una protesta que exige el final de la guerra, la liberaci\u00f3n inmediata de rehenes en poder de Hamas en la Franja de Gaza, y contra el gobierno del primer ministro Benjamin Netanyahu en Tel Aviv el s\u00e1bado. <\/span> <span>(AP Photo \/ Mahmoud)<\/span><\/p>\n<\/div>\n<\/div>\n<\/div>\n<p><strong>Haga clic aqu\u00ed para obtener la aplicaci\u00f3n Fox News<\/strong><\/p>\n<p>\u00abEl anhelo quema el alma. Pero en medio del dolor, la esperanza todav\u00eda late. Toda una naci\u00f3n no se ha renunciado a ti. Este pr\u00f3ximo domingo, toda la naci\u00f3n detendr\u00e1 sus vidas por ti, por tu libertad, por la vida de nuestros soldados\u00bb, agregaron. <\/p>\n<p><i>Madison Colombo de Fox News y The Associated Press contribuyeron a este informe. <\/i><\/p>\n<p> <!----> <\/div>\n\n","protected":false},"excerpt":{"rendered":"<p>NUEVO\u00a1Ahora puedes escuchar art\u00edculos de Fox News! Israel dijo el s\u00e1bado que planea trasladar a los palestinos al sur de Gaza mientras se prepara para una nueva ofensiva militar. \u00abDe acuerdo con la directiva del escal\u00f3n pol\u00edtico, y como parte de los preparativos de @IDF para trasladar a la poblaci\u00f3n de zonas de combate al &hellip;<\/p>\n","protected":false},"author":1,"featured_media":40675,"comment_status":"open","ping_status":"open","sticky":false,"template":"","format":"standard","meta":{"fifu_image_url":"https:\/\/static.foxnews.com\/foxnews.com\/content\/uploads\/2025\/08\/gazans-trying-to-get-food.jpg","fifu_image_alt":"","footnotes":""},"categories":[13],"tags":[],"class_list":["post-40673","post","type-post","status-publish","format-standard","has-post-thumbnail","","category-mundo"],"_links":{"self":[{"href":"https:\/\/noticiasveraces.com\/index.php?rest_route=\/wp\/v2\/posts\/40673","targetHints":{"allow":["GET"]}}],"collection":[{"href":"https:\/\/noticiasveraces.com\/index.php?rest_route=\/wp\/v2\/posts"}],"about":[{"href":"https:\/\/noticiasveraces.com\/index.php?rest_route=\/wp\/v2\/types\/post"}],"author":[{"embeddable":true,"href":"https:\/\/noticiasveraces.com\/index.php?rest_route=\/wp\/v2\/users\/1"}],"replies":[{"embeddable":true,"href":"https:\/\/noticiasveraces.com\/index.php?rest_route=%2Fwp%2Fv2%2Fcomments&post=40673"}],"version-history":[{"count":0,"href":"https:\/\/noticiasveraces.com\/index.php?rest_route=\/wp\/v2\/posts\/40673\/revisions"}],"wp:featuredmedia":[{"embeddable":true,"href":"https:\/\/noticiasveraces.com\/index.php?rest_route=\/wp\/v2\/media\/40675"}],"wp:attachment":[{"href":"https:\/\/noticiasveraces.com\/index.php?rest_route=%2Fwp%2Fv2%2Fmedia&parent=40673"}],"wp:term":[{"taxonomy":"category","embeddable":true,"href":"https:\/\/noticiasveraces.com\/index.php?rest_route=%2Fwp%2Fv2%2Fcategories&post=40673"},{"taxonomy":"post_tag","embeddable":true,"href":"https:\/\/noticiasveraces.com\/index.php?rest_route=%2Fwp%2Fv2%2Ftags&post=40673"}],"curies":[{"name":"wp","href":"https:\/\/api.w.org\/{rel}","templated":true}]}}