{"id":40647,"date":"2025-08-16T16:33:25","date_gmt":"2025-08-16T20:33:25","guid":{"rendered":"https:\/\/noticiasveraces.com\/?p=40647"},"modified":"2025-08-16T16:33:25","modified_gmt":"2025-08-16T20:33:25","slug":"merz-sugiere-que-cumbre-trump-putin-zelenski-sea-en-europa-dw-16-08-2025","status":"publish","type":"post","link":"https:\/\/noticiasveraces.com\/?p=40647","title":{"rendered":"Merz sugiere que cumbre Trump-Putin-Zelenski sea en Europa \u2013 DW \u2013 16\/08\/2025"},"content":{"rendered":"<p> \n<\/p>\n<div data-tracking-name=\"rich-text\" data-tracking-skip=\"true\">\n<p>La cumbre entre los presidentes Donald Trump, Volodimir Zelenski y Vladimir Putin podr\u00eda celebrarse en Europa, sugiri\u00f3 el canciller alem\u00e1n Friedrich Merz, a pesar de que el presidente ruso tiene una orden de arresto de la Corte Penal Internacional (CPI).<\/p>\n<p>\u00abCreo que la reuni\u00f3n tripartita se celebrar\u00e1. La fecha y el lugar a\u00fan est\u00e1n por definirse\u00bb, declar\u00f3 Merz en una entrevista con las cadenas alemanas NTV y RTL emitida este s\u00e1bado (16.08.2025).<\/p>\n<p>\u00abPropusimos que el lugar sea en Europa\u00bb, que \u00abquiz\u00e1s deber\u00eda ser el lugar donde estas conversaciones se celebren de forma permanente\u00bb, agreg\u00f3 el jefe del gobierno de Alemania, sin mencionar ninguna ciudad o pa\u00eds en particular.<\/p>\n<p>\u00abSon cuestiones de detalle. Solo se aclarar\u00e1n en los pr\u00f3ximos d\u00edas o incluso en las pr\u00f3ximas semanas\u00bb, continu\u00f3.<\/p>\n<p>Este s\u00e1bado, los l\u00edderes europeos dijeron que estaban listos para facilitar una cumbre entre los tres l\u00edderes, un d\u00eda despu\u00e9s de la reuni\u00f3n en Alaska entre el presidente estadounidense y su hom\u00f3logo ruso sobre la invasi\u00f3n de Ucrania.<\/p>\n<p>La CPI emiti\u00f3 una orden de arresto contra Putin en marzo de 2023 por el traslado \u00abilegal\u00bb de ni\u00f1os ucranianos a Rusia.<\/p>\n<p>RR AFP \/ NTV \/ RTL<\/p>\n<\/div>\n\n","protected":false},"excerpt":{"rendered":"<p>La cumbre entre los presidentes Donald Trump, Volodimir Zelenski y Vladimir Putin podr\u00eda celebrarse en Europa, sugiri\u00f3 el canciller alem\u00e1n Friedrich Merz, a pesar de que el presidente ruso tiene una orden de arresto de la Corte Penal Internacional (CPI). \u00abCreo que la reuni\u00f3n tripartita se celebrar\u00e1. La fecha y el lugar a\u00fan est\u00e1n por &hellip;<\/p>\n","protected":false},"author":1,"featured_media":40648,"comment_status":"open","ping_status":"open","sticky":false,"template":"","format":"standard","meta":{"fifu_image_url":"https:\/\/static.dw.com\/image\/73652525_6.jpg","fifu_image_alt":"","footnotes":""},"categories":[13],"tags":[],"class_list":["post-40647","post","type-post","status-publish","format-standard","has-post-thumbnail","","category-mundo"],"_links":{"self":[{"href":"https:\/\/noticiasveraces.com\/index.php?rest_route=\/wp\/v2\/posts\/40647","targetHints":{"allow":["GET"]}}],"collection":[{"href":"https:\/\/noticiasveraces.com\/index.php?rest_route=\/wp\/v2\/posts"}],"about":[{"href":"https:\/\/noticiasveraces.com\/index.php?rest_route=\/wp\/v2\/types\/post"}],"author":[{"embeddable":true,"href":"https:\/\/noticiasveraces.com\/index.php?rest_route=\/wp\/v2\/users\/1"}],"replies":[{"embeddable":true,"href":"https:\/\/noticiasveraces.com\/index.php?rest_route=%2Fwp%2Fv2%2Fcomments&post=40647"}],"version-history":[{"count":0,"href":"https:\/\/noticiasveraces.com\/index.php?rest_route=\/wp\/v2\/posts\/40647\/revisions"}],"wp:featuredmedia":[{"embeddable":true,"href":"https:\/\/noticiasveraces.com\/index.php?rest_route=\/wp\/v2\/media\/40648"}],"wp:attachment":[{"href":"https:\/\/noticiasveraces.com\/index.php?rest_route=%2Fwp%2Fv2%2Fmedia&parent=40647"}],"wp:term":[{"taxonomy":"category","embeddable":true,"href":"https:\/\/noticiasveraces.com\/index.php?rest_route=%2Fwp%2Fv2%2Fcategories&post=40647"},{"taxonomy":"post_tag","embeddable":true,"href":"https:\/\/noticiasveraces.com\/index.php?rest_route=%2Fwp%2Fv2%2Ftags&post=40647"}],"curies":[{"name":"wp","href":"https:\/\/api.w.org\/{rel}","templated":true}]}}