{"id":40627,"date":"2025-08-16T13:09:16","date_gmt":"2025-08-16T17:09:16","guid":{"rendered":"https:\/\/noticiasveraces.com\/?p=40627"},"modified":"2025-08-16T13:09:16","modified_gmt":"2025-08-16T17:09:16","slug":"los-senadores-republicanos-defienden-las-tarifas-de-trump-afirman-que-impulsan-la-economia","status":"publish","type":"post","link":"https:\/\/noticiasveraces.com\/?p=40627","title":{"rendered":"Los senadores republicanos defienden las tarifas de Trump, afirman que impulsan la econom\u00eda"},"content":{"rendered":"<p> \n<\/p>\n<div><!----> <!----> <\/p>\n<div class=\"featured featured-video video-ct\">\n<div class=\"contain\">\n<div class=\"info\">\n<div class=\"caption\">\n<p>Los senadores hablaron con Fox News Digital en Capitol Hill sobre los aranceles del presidente Trump, y los dem\u00f3cratas argumentan que los precios est\u00e1n subiendo mientras los republicanos promocionan los ingresos y el regreso de la fabricaci\u00f3n estadounidense. (Cr\u00e9dito: Nicholas Ballasy para Fox News Digital) <\/p>\n<\/div>\n<\/div>\n<\/div>\n<\/div>\n<p>Los senadores republicanos que hablaron con Fox News Digital en Capitol Hill dijeron que Estados Unidos est\u00e1 \u00aben la c\u00faspide de una edad de oro\u00bb, gracias a las pol\u00edticas arancelas del presidente Donald Trump. <\/p>\n<p>Cuando se les pregunt\u00f3 c\u00f3mo los aranceles de Trump est\u00e1n afectando el precio de los bienes y servicios, los republicanos del Senado defendieron la ambiciosa pol\u00edtica del presidente, dici\u00e9ndole a Fox News Digital que sus aranceles realmente han impulsado sus econom\u00edas locales. <\/p>\n<p>\u00abBueno, en Indiana, hemos visto un impulso significativo en nuestra econom\u00eda manufacturera\u00bb, afirm\u00f3 el senador Jim Banks, republicano de Indiana, debido a ese presunto impulso en gran parte para Trump y sus pol\u00edticas arancelas. <\/p>\n<p>El senador Eric Schmitt, republicano de Mo., Dijo que los aranceles de Trump est\u00e1n creando m\u00e1s empleos de fabricaci\u00f3n en los Estados Unidos. Junto con sus pol\u00edticas fiscales y comerciales y reforma regulatoria, el senador de Missouri dijo que Estados Unidos est\u00e1 entrando en su edad de oro, tal como lo prometi\u00f3 Trump. <\/p>\n<p><strong>VISTA: Dem Senator est\u00e1 de acuerdo con el Partido Republicano de que Trump est\u00e1 progresando en la guerra comercial<\/strong><\/p>\n<div class=\"inline image-ct\">\n<div class=\"m\"><picture><source media=\"(max-width: 767px)\" srcset=\"https:\/\/a57.foxnews.com\/static.foxbusiness.com\/foxbusiness.com\/content\/uploads\/2025\/08\/343\/192\/donald-trump-signing-executive-order-tariffs-01.jpg?ve=1&amp;tl=1, https:\/\/a57.foxnews.com\/static.foxbusiness.com\/foxbusiness.com\/content\/uploads\/2025\/08\/686\/384\/donald-trump-signing-executive-order-tariffs-01.jpg?ve=1&amp;tl=1 2x\"><source media=\"(min-width: 768px) and (max-width: 1023px)\" srcset=\"https:\/\/a57.foxnews.com\/static.foxbusiness.com\/foxbusiness.com\/content\/uploads\/2025\/08\/672\/378\/donald-trump-signing-executive-order-tariffs-01.jpg?ve=1&amp;tl=1, https:\/\/a57.foxnews.com\/static.foxbusiness.com\/foxbusiness.com\/content\/uploads\/2025\/08\/1344\/756\/donald-trump-signing-executive-order-tariffs-01.jpg?ve=1&amp;tl=1 2x\"><source media=\"(min-width: 1024px) and (max-width: 1279px)\" srcset=\"https:\/\/a57.foxnews.com\/static.foxbusiness.com\/foxbusiness.com\/content\/uploads\/2025\/08\/931\/523\/donald-trump-signing-executive-order-tariffs-01.jpg?ve=1&amp;tl=1, https:\/\/a57.foxnews.com\/static.foxbusiness.com\/foxbusiness.com\/content\/uploads\/2025\/08\/1862\/1046\/donald-trump-signing-executive-order-tariffs-01.jpg?ve=1&amp;tl=1 2x\"><source media=\"(min-width: 1280px)\" srcset=\"https:\/\/a57.foxnews.com\/static.foxbusiness.com\/foxbusiness.com\/content\/uploads\/2025\/08\/720\/405\/donald-trump-signing-executive-order-tariffs-01.jpg?ve=1&amp;tl=1, https:\/\/a57.foxnews.com\/static.foxbusiness.com\/foxbusiness.com\/content\/uploads\/2025\/08\/1440\/810\/donald-trump-signing-executive-order-tariffs-01.jpg?ve=1&amp;tl=1 2x\"><img decoding=\"async\" src=\"https:\/\/a57.foxnews.com\/static.foxbusiness.com\/foxbusiness.com\/content\/uploads\/2025\/08\/931\/523\/donald-trump-signing-executive-order-tariffs-01.jpg?ve=1&amp;tl=1\" alt=\"Trump firma la orden ejecutiva de tarifas arancelas\"\/><\/source><\/source><\/source><\/source><\/picture><\/div>\n<div class=\"caption\">\n<p><span>El presidente Donald Trump firm\u00f3 \u00f3rdenes ejecutivas el lunes 10 de febrero de 2025, imponiendo aranceles del 25 por ciento en el acero y aluminio importados, en su esfuerzo continuo por revisar la relaci\u00f3n comercial estadounidense con el resto del mundo.<\/span><span>  (Jabin Botsford \/ The Washington Post a trav\u00e9s de Getty Images \/ Getty Images)<\/span><\/p>\n<\/div>\n<\/div>\n<p>Pero no todos est\u00e1n convencidos. Trump ha recibido cr\u00edticas desde que anunci\u00f3 su plan para imponer aranceles universales y espec\u00edficos del pa\u00eds a todas las importaciones de los Estados Unidos, alentando la fabricaci\u00f3n nacional y presionando a los socios comerciales estadounidenses para que regresen a la mesa de negociaciones. <\/p>\n<p><strong>Bill Maher admite que estaba equivocado sobre Trump en los aranceles, no &#8216;ve a un pa\u00eds en una depresi\u00f3n en absoluto&#8217;<\/strong><\/p>\n<p>El \u00fanico dem\u00f3crata que habl\u00f3 con Fox News Digital sobre las tarifas de Trump, el senador Jack Reed de Rhode Island, dijo que los l\u00edderes empresariales con los que habl\u00f3 dijeron que est\u00e1n aumentando los precios debido a las mayores aranceles sobre bienes y servicios. <\/p>\n<p>\u00abRevis\u00e9 una lista completa, pero en su mayor\u00eda bienes comerciales que vienen de China\u00bb, dijo Reed. \u00abEl otro efecto ser\u00eda lo que sucede a largo plazo en Canad\u00e1. Obtenemos mucha energ\u00eda de Canad\u00e1 y si esas tarifas aumentan, eso perjudicar\u00e1 a todo el sector industrial del estado\u00bb.<\/p>\n<div class=\"inline image-ct\">\n<div class=\"m\"><picture><source media=\"(max-width: 767px)\" srcset=\"https:\/\/a57.foxnews.com\/static.foxbusiness.com\/foxbusiness.com\/content\/uploads\/2025\/08\/343\/192\/trump-tariff-container-ship.jpg?ve=1&amp;tl=1, https:\/\/a57.foxnews.com\/static.foxbusiness.com\/foxbusiness.com\/content\/uploads\/2025\/08\/686\/384\/trump-tariff-container-ship.jpg?ve=1&amp;tl=1 2x\"><source media=\"(min-width: 768px) and (max-width: 1023px)\" srcset=\"https:\/\/a57.foxnews.com\/static.foxbusiness.com\/foxbusiness.com\/content\/uploads\/2025\/08\/672\/378\/trump-tariff-container-ship.jpg?ve=1&amp;tl=1, https:\/\/a57.foxnews.com\/static.foxbusiness.com\/foxbusiness.com\/content\/uploads\/2025\/08\/1344\/756\/trump-tariff-container-ship.jpg?ve=1&amp;tl=1 2x\"><source media=\"(min-width: 1024px) and (max-width: 1279px)\" srcset=\"https:\/\/a57.foxnews.com\/static.foxbusiness.com\/foxbusiness.com\/content\/uploads\/2025\/08\/931\/523\/trump-tariff-container-ship.jpg?ve=1&amp;tl=1, https:\/\/a57.foxnews.com\/static.foxbusiness.com\/foxbusiness.com\/content\/uploads\/2025\/08\/1862\/1046\/trump-tariff-container-ship.jpg?ve=1&amp;tl=1 2x\"><source media=\"(min-width: 1280px)\" srcset=\"https:\/\/a57.foxnews.com\/static.foxbusiness.com\/foxbusiness.com\/content\/uploads\/2025\/08\/720\/405\/trump-tariff-container-ship.jpg?ve=1&amp;tl=1, https:\/\/a57.foxnews.com\/static.foxbusiness.com\/foxbusiness.com\/content\/uploads\/2025\/08\/1440\/810\/trump-tariff-container-ship.jpg?ve=1&amp;tl=1 2x\"><img decoding=\"async\" src=\"https:\/\/a57.foxnews.com\/static.foxbusiness.com\/foxbusiness.com\/content\/uploads\/2025\/08\/931\/523\/trump-tariff-container-ship.jpg?ve=1&amp;tl=1\" alt=\"Un barco de contenedores deja un puerto chino.\"\/><\/source><\/source><\/source><\/source><\/picture><\/div>\n<div class=\"caption\">\n<p><span>Un barco de contenedores sale del puerto en Qingdao, en la provincia del este de Shandong de China, el 7 de agosto de 2025. <\/span><span>  (Str\/AFP\/Getty Images\/Getty Images)<\/span><\/p>\n<\/div>\n<\/div>\n<p>La Oficina de Estad\u00edsticas Laborales (BLS) anunci\u00f3 el martes que el <u>\u00cdndice de precios al consumidor (IPC)<\/u> &#8211; Una medida amplia de la cantidad de productos cotidianos como la gasolina, los comestibles y el costo de la renta &#8211; aument\u00f3 un 0.2% en julio en comparaci\u00f3n con el mes pasado, mientras que aument\u00f3 un 2,7% desde hace un a\u00f1o. <\/p>\n<p>La cifra mensual estaba en l\u00ednea con la estimaci\u00f3n de los economistas encuestados por LSEG, mientras que el titular era ligeramente m\u00e1s fr\u00edo de lo esperado del 2.8%.<\/p>\n<p>Los llamados precios fundamentales, que excluyen las mediciones vol\u00e1tiles de gasolina y alimentos para evaluar mejor las tendencias de crecimiento de los precios, aumentaron un 0.3% desde el mes anterior y 3.1% con respecto al a\u00f1o anterior. La cifra central anual era m\u00e1s caliente que las expectativas de los economistas del 3%, mientras que la cifra mensual estaba en l\u00ednea con la estimaci\u00f3n.<\/p>\n<p>El senador John Hoeven, RN.D., dijo que el \u00abmercado reconoce\u00bb que los acuerdos comerciales est\u00e1n en marcha, admitiendo que \u00abprobablemente hay cierta preocupaci\u00f3n por Canad\u00e1\u00bb.<\/p>\n<div class=\"inline image-ct\">\n<div class=\"m\"><picture><source media=\"(max-width: 767px)\" srcset=\"https:\/\/a57.foxnews.com\/static.foxbusiness.com\/foxbusiness.com\/content\/uploads\/2025\/04\/343\/192\/e1237bbc-gettyimages-2207585188.jpg?ve=1&amp;tl=1, https:\/\/a57.foxnews.com\/static.foxbusiness.com\/foxbusiness.com\/content\/uploads\/2025\/04\/686\/384\/e1237bbc-gettyimages-2207585188.jpg?ve=1&amp;tl=1 2x\"><source media=\"(min-width: 768px) and (max-width: 1023px)\" srcset=\"https:\/\/a57.foxnews.com\/static.foxbusiness.com\/foxbusiness.com\/content\/uploads\/2025\/04\/672\/378\/e1237bbc-gettyimages-2207585188.jpg?ve=1&amp;tl=1, https:\/\/a57.foxnews.com\/static.foxbusiness.com\/foxbusiness.com\/content\/uploads\/2025\/04\/1344\/756\/e1237bbc-gettyimages-2207585188.jpg?ve=1&amp;tl=1 2x\"><source media=\"(min-width: 1024px) and (max-width: 1279px)\" srcset=\"https:\/\/a57.foxnews.com\/static.foxbusiness.com\/foxbusiness.com\/content\/uploads\/2025\/04\/931\/523\/e1237bbc-gettyimages-2207585188.jpg?ve=1&amp;tl=1, https:\/\/a57.foxnews.com\/static.foxbusiness.com\/foxbusiness.com\/content\/uploads\/2025\/04\/1862\/1046\/e1237bbc-gettyimages-2207585188.jpg?ve=1&amp;tl=1 2x\"><source media=\"(min-width: 1280px)\" srcset=\"https:\/\/a57.foxnews.com\/static.foxbusiness.com\/foxbusiness.com\/content\/uploads\/2025\/04\/720\/405\/e1237bbc-gettyimages-2207585188.jpg?ve=1&amp;tl=1, https:\/\/a57.foxnews.com\/static.foxbusiness.com\/foxbusiness.com\/content\/uploads\/2025\/04\/1440\/810\/e1237bbc-gettyimages-2207585188.jpg?ve=1&amp;tl=1 2x\"><img decoding=\"async\" src=\"https:\/\/a57.foxnews.com\/static.foxbusiness.com\/foxbusiness.com\/content\/uploads\/2025\/04\/931\/523\/e1237bbc-gettyimages-2207585188.jpg?ve=1&amp;tl=1\" alt=\"Tarifa de Trump\"\/><\/source><\/source><\/source><\/source><\/picture><\/div>\n<div class=\"caption\">\n<p><span>El presidente Donald Trump celebra una tabla mientras ofrece comentarios sobre aranceles rec\u00edprocos durante un evento en el jard\u00edn de rosas titulado \u00abMake America Wealthy Again\u00bb en la Casa Blanca en Washington el 2 de abril de 2025. <\/span><span>  (Brendan Smialowski \/ AFP a trav\u00e9s de Getty Images \/ Getty Images)<\/span><\/p>\n<\/div>\n<\/div>\n<p>\u00abDebe recordar que la estrategia comercial del presidente Trump es mantener a quien est\u00e9 negociando con el equilibrio, y luego obtiene un mejor trato. Es un negociador maestro\u00bb.<\/p>\n<p>Y el senador de Dakota del Norte dijo que Trump \u00abfinalmente obtendr\u00e1 a nuestros exportadores, ya sean nuestros agricultores, nuestros fabricantes, quienes, mejor t\u00e9rminos comerciales\u00bb.<\/p>\n<p>Banks llev\u00f3 el argumento a casa, dici\u00e9ndole a Fox News Digital que \u00ablos dispositivos m\u00e9dicos automotrices, los productos farmac\u00e9uticos, la fabricaci\u00f3n en todos los \u00e1mbitos han sido realmente fuertes en Indiana, por lo que m\u00e1s trabajos bien remunerados en nuestro estado son un resultado directo de los aranceles\u00bb.<\/p>\n<p><strong><u>Obtenga el negocio de Fox sobre la marcha haciendo clic aqu\u00ed<\/u><\/strong><\/p>\n<p>Dijo que Hoosiers entiende que Trump est\u00e1 \u00abdebilitando la econom\u00eda de China\u00bb, lo cual es bueno para Estados Unidos a largo plazo. <\/p>\n<p><i>Eric Revell de Fox News Digital contribuy\u00f3 a este informe. <\/i><\/p>\n<\/div>\n\n","protected":false},"excerpt":{"rendered":"<p>Los senadores hablaron con Fox News Digital en Capitol Hill sobre los aranceles del presidente Trump, y los dem\u00f3cratas argumentan que los precios est\u00e1n subiendo mientras los republicanos promocionan los ingresos y el regreso de la fabricaci\u00f3n estadounidense. (Cr\u00e9dito: Nicholas Ballasy para Fox News Digital) Los senadores republicanos que hablaron con Fox News Digital en &hellip;<\/p>\n","protected":false},"author":1,"featured_media":40629,"comment_status":"open","ping_status":"open","sticky":false,"template":"","format":"standard","meta":{"fifu_image_url":"https:\/\/a57.foxnews.com\/static.foxbusiness.com\/foxbusiness.com\/content\/uploads\/2025\/08\/0\/0\/donald-trump-signing-executive-order-tariffs-01.jpg?ve=1&tl=1","fifu_image_alt":"","footnotes":""},"categories":[3],"tags":[],"class_list":["post-40627","post","type-post","status-publish","format-standard","has-post-thumbnail","","category-negocio"],"_links":{"self":[{"href":"https:\/\/noticiasveraces.com\/index.php?rest_route=\/wp\/v2\/posts\/40627","targetHints":{"allow":["GET"]}}],"collection":[{"href":"https:\/\/noticiasveraces.com\/index.php?rest_route=\/wp\/v2\/posts"}],"about":[{"href":"https:\/\/noticiasveraces.com\/index.php?rest_route=\/wp\/v2\/types\/post"}],"author":[{"embeddable":true,"href":"https:\/\/noticiasveraces.com\/index.php?rest_route=\/wp\/v2\/users\/1"}],"replies":[{"embeddable":true,"href":"https:\/\/noticiasveraces.com\/index.php?rest_route=%2Fwp%2Fv2%2Fcomments&post=40627"}],"version-history":[{"count":0,"href":"https:\/\/noticiasveraces.com\/index.php?rest_route=\/wp\/v2\/posts\/40627\/revisions"}],"wp:featuredmedia":[{"embeddable":true,"href":"https:\/\/noticiasveraces.com\/index.php?rest_route=\/wp\/v2\/media\/40629"}],"wp:attachment":[{"href":"https:\/\/noticiasveraces.com\/index.php?rest_route=%2Fwp%2Fv2%2Fmedia&parent=40627"}],"wp:term":[{"taxonomy":"category","embeddable":true,"href":"https:\/\/noticiasveraces.com\/index.php?rest_route=%2Fwp%2Fv2%2Fcategories&post=40627"},{"taxonomy":"post_tag","embeddable":true,"href":"https:\/\/noticiasveraces.com\/index.php?rest_route=%2Fwp%2Fv2%2Ftags&post=40627"}],"curies":[{"name":"wp","href":"https:\/\/api.w.org\/{rel}","templated":true}]}}