{"id":40593,"date":"2025-08-16T07:43:14","date_gmt":"2025-08-16T11:43:14","guid":{"rendered":"https:\/\/noticiasveraces.com\/?p=40593"},"modified":"2025-08-16T07:43:14","modified_gmt":"2025-08-16T11:43:14","slug":"aviso-rojo-por-calor-extremo-en-sevilla-valencia-y-tarragona-clima-y-medio-ambiente","status":"publish","type":"post","link":"https:\/\/noticiasveraces.com\/?p=40593","title":{"rendered":"Aviso rojo por calor extremo en Sevilla, Valencia y Tarragona | Clima y Medio Ambiente"},"content":{"rendered":"<p> \n<\/p>\n<div data-dtm-region=\"articulo_cuerpo\">\n<p class=\"\">Si el fin de semana pasado el calor abras\u00f3 Canarias, este s\u00e1bado la ola que durar\u00e1 hasta el lunes 18 azotar\u00e1 con fuerza el Este peninsular y al sur, la provincia de Sevilla, donde hay aviso rojo por peligro extraordinario y temperaturas extremas que llegar\u00e1n hasta los 44 grados entre las 13:00 y las 20:59. El servicio 112 ha pedido a los ciudadanos que no salgan a la calle en las franjas de m\u00e1s calor. <\/p>\n<p class=\"\">Tambi\u00e9n, seg\u00fan la predicci\u00f3n de la Agencia Estatal de Meteorolog\u00eda (Aemet) habr\u00e1 riesgo extremo por temperaturas m\u00e1ximas en el litoral sur y norte de Valencia, con temperaturas de hasta 42 grados en las zonas del interior (entre las 12:00 y las 19:59) y en el prelitoral sur de Tarragona, tambi\u00e9n con temperaturas de hasta 42 grados (entre las 13:00 y las 20:59). <\/p>\n<div id=\"sum_twitter\" data-oembed-type=\"twitter\" class=\"a_em _df\">\n<blockquote class=\"twitter-tweet\">\n<p lang=\"es\" dir=\"ltr\">\u26a0\ufe0f\ud83d\udd34AVISOS ROJOS | Temperaturas m\u00e1ximas muy altas. Peligro extraordinario. <\/p>\n<p>\u2192 Se superar\u00e1n 42 \u00b0C en zonas de las provincias de Tarragona y de Valencia. <br \/>\u2192 44 \u00b0C o m\u00e1s en la campi\u00f1a sevillana.<\/p>\n<p>\ud83d\udfe0Situaci\u00f3n muy adversa por la ola de calor. Numerosos avisos naranjas. \u00a1Precauci\u00f3n! <a href=\"https:\/\/t.co\/lv1CQSBq17\">pic.twitter.com\/lv1cqsbq17<\/a><\/p>\n<p>\u2014 AEMET (@AEMET_Esp) <a href=\"https:\/\/twitter.com\/AEMET_Esp\/status\/1956633816048558268?ref_src=twsrc%5Etfw\">16 de agosto de 2025<\/a><\/p><\/blockquote>\n<\/div>\n<p class=\"\">En C\u00f3rdoba, el aviso naranja por altas temperaturas se activar\u00e1 en las comarcas de Sierra y Pedroches, as\u00ed como en la Subb\u00e9tica, donde se esperan m\u00e1ximas entre los 41 y 43 grados. La misma alerta afectar\u00e1 a la campi\u00f1a cordobesa, donde las temperaturas podr\u00edan alcanzar los 43 grados y, de forma puntual, llegar hasta los 44. <\/p>\n<p class=\"\">Se superar\u00e1n los 35 grados en la mayor parte de la pen\u00ednsula salvo en los litorales, zonas de monta\u00f1a y el extremo norte, as\u00ed como en zonas de Baleares y Canarias. Por el contrario, se prev\u00e9n descensos notables en el Cant\u00e1brico y Galicia.<\/p>\n<p class=\"\">El riesgo de incendios para este s\u00e1bado va a ser \u201cmuy alto o extremo en la pr\u00e1ctica totalidad del territorio\u201d. <\/p>\n<p class=\"\">Para el domingo, Aemet mantiene la alerta roja por temperaturas extremas en la campi\u00f1a sevillana, en la campi\u00f1a cordobesa y en Vega del Segura donde, localmente, se podr\u00eda alcanzar hasta los 45 grados. <\/p>\n<p class=\"\">Por otra parte, este viernes has 125 estaciones de la red de la Aemet registraron valores iguales o superiores a 40 grados, dispersas por todo el interior de la Pen\u00ednsula y zona cant\u00e1brica. Las m\u00e1ximas registradas fueron de 43,5 en el aeropuerto de Bilbao y 43,3 en Cill\u00f3rigo de Li\u00e9bana (Cantabria). Durante la madrugada, temperaturas m\u00ednimas m\u00e1s elevadas se registraron en el litoral de C\u00e1diz con 28,7 grados en Barbate y 27,3 en San Fernando. <\/p>\n<p class=\"\">La entrada de una masa de aire fresco del Atl\u00e1ntico deber\u00eda hacer bajar las temperaturas a partir del lunes.<\/p>\n<\/div>\n<p><script async src=\"https:\/\/platform.twitter.com\/widgets.js\" charset=\"utf-8\"><\/script><br \/>\n<br \/>\n","protected":false},"excerpt":{"rendered":"<p>Si el fin de semana pasado el calor abras\u00f3 Canarias, este s\u00e1bado la ola que durar\u00e1 hasta el lunes 18 azotar\u00e1 con fuerza el Este peninsular y al sur, la provincia de Sevilla, donde hay aviso rojo por peligro extraordinario y temperaturas extremas que llegar\u00e1n hasta los 44 grados entre las 13:00 y las 20:59. &hellip;<\/p>\n","protected":false},"author":1,"featured_media":40594,"comment_status":"open","ping_status":"open","sticky":false,"template":"","format":"standard","meta":{"fifu_image_url":"https:\/\/imagenes.elpais.com\/resizer\/v2\/CPMPCN35IVEWHB7SOVDIDN26DI.jpg?auth=18b90fd87766cdf7ec2de82f2f4806ed1b87ef3d6d15c3efdc3b350a812df499&width=1200","fifu_image_alt":"","footnotes":""},"categories":[11],"tags":[],"class_list":["post-40593","post","type-post","status-publish","format-standard","has-post-thumbnail","","category-viaje"],"_links":{"self":[{"href":"https:\/\/noticiasveraces.com\/index.php?rest_route=\/wp\/v2\/posts\/40593","targetHints":{"allow":["GET"]}}],"collection":[{"href":"https:\/\/noticiasveraces.com\/index.php?rest_route=\/wp\/v2\/posts"}],"about":[{"href":"https:\/\/noticiasveraces.com\/index.php?rest_route=\/wp\/v2\/types\/post"}],"author":[{"embeddable":true,"href":"https:\/\/noticiasveraces.com\/index.php?rest_route=\/wp\/v2\/users\/1"}],"replies":[{"embeddable":true,"href":"https:\/\/noticiasveraces.com\/index.php?rest_route=%2Fwp%2Fv2%2Fcomments&post=40593"}],"version-history":[{"count":0,"href":"https:\/\/noticiasveraces.com\/index.php?rest_route=\/wp\/v2\/posts\/40593\/revisions"}],"wp:featuredmedia":[{"embeddable":true,"href":"https:\/\/noticiasveraces.com\/index.php?rest_route=\/wp\/v2\/media\/40594"}],"wp:attachment":[{"href":"https:\/\/noticiasveraces.com\/index.php?rest_route=%2Fwp%2Fv2%2Fmedia&parent=40593"}],"wp:term":[{"taxonomy":"category","embeddable":true,"href":"https:\/\/noticiasveraces.com\/index.php?rest_route=%2Fwp%2Fv2%2Fcategories&post=40593"},{"taxonomy":"post_tag","embeddable":true,"href":"https:\/\/noticiasveraces.com\/index.php?rest_route=%2Fwp%2Fv2%2Ftags&post=40593"}],"curies":[{"name":"wp","href":"https:\/\/api.w.org\/{rel}","templated":true}]}}