{"id":40587,"date":"2025-08-16T07:22:05","date_gmt":"2025-08-16T11:22:05","guid":{"rendered":"https:\/\/noticiasveraces.com\/?p=40587"},"modified":"2025-08-16T07:22:05","modified_gmt":"2025-08-16T11:22:05","slug":"sheinbaum-quiere-extender-el-tren-maya-hacia-guatemala-en-una-apuesta-por-la-integracion-regional","status":"publish","type":"post","link":"https:\/\/noticiasveraces.com\/?p=40587","title":{"rendered":"Sheinbaum quiere extender el Tren Maya hacia Guatemala en una apuesta por la integraci\u00f3n regional"},"content":{"rendered":"<p> \n<br \/><img decoding=\"async\" src=\"https:\/\/s.france24.com\/media\/display\/4a1fd138-7a25-11f0-9fdf-005056bf30b7\/w:1024\/p:16x9\/guate-1.jpg\" \/><br \/>Desde la frontera selv\u00e1tica de M\u00e9xico y Guatemala, la presidenta Claudia Sheinbaum y su hom\u00f3logo Bernardo Ar\u00e9valo anunciaron una nueva etapa de cooperaci\u00f3n bilateral centrada en tres pilares: la posible expansi\u00f3n del Tren Maya hacia Centroam\u00e9rica, la creaci\u00f3n de un protocolo conjunto de repatriaci\u00f3n y un plan para regular la migraci\u00f3n laboral.<br \/>\n<br \/>\n","protected":false},"excerpt":{"rendered":"<p>Desde la frontera selv\u00e1tica de M\u00e9xico y Guatemala, la presidenta Claudia Sheinbaum y su hom\u00f3logo Bernardo Ar\u00e9valo anunciaron una nueva etapa de cooperaci\u00f3n bilateral centrada en tres pilares: la posible expansi\u00f3n del Tren Maya hacia Centroam\u00e9rica, la creaci\u00f3n de un protocolo conjunto de repatriaci\u00f3n y un plan para regular la migraci\u00f3n laboral.<\/p>\n","protected":false},"author":1,"featured_media":40589,"comment_status":"open","ping_status":"open","sticky":false,"template":"","format":"standard","meta":{"fifu_image_url":"https:\/\/s.france24.com\/media\/display\/4a1fd138-7a25-11f0-9fdf-005056bf30b7\/w:1024\/p:16x9\/guate-1.jpg","fifu_image_alt":"","footnotes":""},"categories":[13],"tags":[],"class_list":["post-40587","post","type-post","status-publish","format-standard","has-post-thumbnail","","category-mundo"],"_links":{"self":[{"href":"https:\/\/noticiasveraces.com\/index.php?rest_route=\/wp\/v2\/posts\/40587","targetHints":{"allow":["GET"]}}],"collection":[{"href":"https:\/\/noticiasveraces.com\/index.php?rest_route=\/wp\/v2\/posts"}],"about":[{"href":"https:\/\/noticiasveraces.com\/index.php?rest_route=\/wp\/v2\/types\/post"}],"author":[{"embeddable":true,"href":"https:\/\/noticiasveraces.com\/index.php?rest_route=\/wp\/v2\/users\/1"}],"replies":[{"embeddable":true,"href":"https:\/\/noticiasveraces.com\/index.php?rest_route=%2Fwp%2Fv2%2Fcomments&post=40587"}],"version-history":[{"count":0,"href":"https:\/\/noticiasveraces.com\/index.php?rest_route=\/wp\/v2\/posts\/40587\/revisions"}],"wp:featuredmedia":[{"embeddable":true,"href":"https:\/\/noticiasveraces.com\/index.php?rest_route=\/wp\/v2\/media\/40589"}],"wp:attachment":[{"href":"https:\/\/noticiasveraces.com\/index.php?rest_route=%2Fwp%2Fv2%2Fmedia&parent=40587"}],"wp:term":[{"taxonomy":"category","embeddable":true,"href":"https:\/\/noticiasveraces.com\/index.php?rest_route=%2Fwp%2Fv2%2Fcategories&post=40587"},{"taxonomy":"post_tag","embeddable":true,"href":"https:\/\/noticiasveraces.com\/index.php?rest_route=%2Fwp%2Fv2%2Ftags&post=40587"}],"curies":[{"name":"wp","href":"https:\/\/api.w.org\/{rel}","templated":true}]}}