{"id":40559,"date":"2025-08-16T03:18:05","date_gmt":"2025-08-16T07:18:05","guid":{"rendered":"https:\/\/noticiasveraces.com\/?p=40559"},"modified":"2025-08-16T03:18:05","modified_gmt":"2025-08-16T07:18:05","slug":"armand-duplantis-y-el-limite-humano-en-el-salto-con-garrocha-dw-15-08-2025","status":"publish","type":"post","link":"https:\/\/noticiasveraces.com\/?p=40559","title":{"rendered":"Armand Duplantis y el l\u00edmite humano en el salto con garrocha \u2013 DW \u2013 15\/08\/2025"},"content":{"rendered":"<p> \n<\/p>\n<div data-tracking-name=\"rich-text\" data-tracking-skip=\"true\">\n<p>Sonr\u00ede antes de saltar\u2026 y luego vuela a alturas que nadie hab\u00eda alcanzado antes. El pasado martes,\u00a012 de agosto de 2025,\u00a0Armand Duplantis lo hizo de nuevo: con 6,29 metros, mejor\u00f3 en un cent\u00edmetro su propio r\u00e9cord mundial en el encuentro\u00a0de atletismo de la capital h\u00fangara, Budapest, y volvi\u00f3 a imponer una marca que parece de otro mundo.<\/p>\n<p>El joven de 25 a\u00f1os, nacido en 1999 en Lafayette, en el estado estadounidense de Luisiana, ten\u00eda su camino hacia el salto con garrocha casi predestinado. Su padre Greg, \u00e9l mismo pertiguista con una marca personal de 5,80 metros, le construy\u00f3 muy pronto una pista y zona de salto en el jard\u00edn de casa. Su madre Helena, exheptatleta sueca, le entren\u00f3 la t\u00e9cnica y la preparaci\u00f3n f\u00edsica.<\/p>\n<p>Esta doble herencia deportiva convirti\u00f3 a Duplantis en un saltador excepcional desde ni\u00f1o. Aunque naci\u00f3 en Estados Unidos, compite por Suecia\u2014pa\u00eds de su madre\u2014 y desde el inicio de su carrera profesional luce los colores azul y amarillo en la escena internacional.<\/p>\n<p><span data-slot-id=\"Article_InContent-1\" class=\"rich-text-ad\"\/><\/p>\n<h2>R\u00e9cords mundiales a placer<\/h2>\n<p>Con 15 a\u00f1os super\u00f3 por primera vez los 5,30 metros; con 18 gan\u00f3 de forma sensacional el oro europeo en Berl\u00edn, sobrepasando los 6,05 metros. Desde entonces, no persigue el r\u00e9cord mundial: lo tiene bien sujeto. En 2020 salt\u00f3 6,17 metros, y una semana despu\u00e9s 6,18. En 2023 lleg\u00f3 a 6,23, y en los Juegos Ol\u00edmpicos de Par\u00eds 2024 lo elev\u00f3 a 6,25.<\/p>\n<p>Su salto en Budapest fue ya su tercer r\u00e9cord mundial de este a\u00f1o: en febrero sobrepas\u00f3\u00a0los 6,27 metros en Clermont-Ferrand; a mediados de junio, 6,28 en Estocolmo. Actualmente, Duplantis acumula 13 r\u00e9cords mundiales. Y su conquista\u00a0de las alturas parece no tener fin.<\/p>\n<p>El estilo de Duplantis es una combinaci\u00f3n de velocidad, fuerza y precisi\u00f3n digna de manual. Su carrera es explosiva, su\u00a0impulso parece una catapulta, y su postura sobre la barra, casi ingr\u00e1vida. Al mismo tiempo, transmite al p\u00fablico la impresi\u00f3n de que es lo m\u00e1s f\u00e1cil del mundo.<\/p>\n<figure class=\"placeholder-image master_landscape big\"><img data-format=\"MASTER_LANDSCAPE\" data-id=\"69875285\" data-url=\"https:\/\/static.dw.com\/image\/69875285_${formatId}.jpg\" data-aspect-ratio=\"16\/9\" alt=\"Armand Duplantis salta con la garrocha en los Juegos Ol\u00edmpicos de Par\u00eds 2024\" style=\"padding-bottom: 56.25%; height: 0; max-height: 0;\"\/><figcaption class=\"img-caption\">Duplantis naci\u00f3 en Estados Unidos, pero compite por Suecia.<small class=\"copyright\">Imagen: David J. Phillip\/Picture Alliance\/AP<\/small><\/figcaption><\/figure>\n<h2>Saltar en \u00abmodo piloto autom\u00e1tico\u201d<\/h2>\n<p>Pero, detr\u00e1s de esa aparente facilidad, hay una disciplina de hierro. Duplantis entrena con meticulosidad, perfecciona cada paso, cada \u00e1ngulo, cada agarre en la garrocha. \u00abMe ha llevado mucho tiempo alcanzar el nivel en el que estoy ahora\u201d, dijo en una entrevista con <em>Medios de CH<\/em>. \u00abS\u00e9 lo duro que ha sido llegar hasta aqu\u00ed. Ha habido\u00a0tantos entrenamientos, tantos a\u00f1os en los que sent\u00ed que muchas cosas no sal\u00edan como quer\u00eda. Por eso es fant\u00e1stico estar ahora en un punto en el que, a veces, siento que puedo saltar en modo piloto autom\u00e1tico\u201d.<\/p>\n<p>A la vez, mantiene la cercan\u00eda: bromea con sus rivales, charla con los aficionados y saluda al p\u00fablico antes de desafiar de nuevo las leyes de la f\u00edsica. \u00abNo es algo forzado, me sale de forma natural. Me dejo guiar por la energ\u00eda del momento\u201d, a\u00f1ade el atleta de 25 a\u00f1os.<\/p>\n<p>Su carrera se lee como un cap\u00edtulo de la historia del deporte: oro ol\u00edmpico en 2020 y 2024, campe\u00f3n mundial en 2022 y 2023, y varias veces campe\u00f3n de Europa. Pero para \u00e9l, las medallas son solo etapas. \u00abEn realidad no persigo una cifra concreta\u201d, dijo Armand Duplantis ya en 2020. \u00abQuiero averiguar hasta qu\u00e9 altura puede saltar realmente un ser humano\u201d.<\/p>\n<p>(GG\/MS)<\/p>\n<\/div>\n\n","protected":false},"excerpt":{"rendered":"<p>Sonr\u00ede antes de saltar\u2026 y luego vuela a alturas que nadie hab\u00eda alcanzado antes. El pasado martes,\u00a012 de agosto de 2025,\u00a0Armand Duplantis lo hizo de nuevo: con 6,29 metros, mejor\u00f3 en un cent\u00edmetro su propio r\u00e9cord mundial en el encuentro\u00a0de atletismo de la capital h\u00fangara, Budapest, y volvi\u00f3 a imponer una marca que parece de &hellip;<\/p>\n","protected":false},"author":1,"featured_media":40560,"comment_status":"open","ping_status":"open","sticky":false,"template":"","format":"standard","meta":{"fifu_image_url":"https:\/\/static.dw.com\/image\/73652477_6.jpg","fifu_image_alt":"","footnotes":""},"categories":[13],"tags":[],"class_list":["post-40559","post","type-post","status-publish","format-standard","has-post-thumbnail","","category-mundo"],"_links":{"self":[{"href":"https:\/\/noticiasveraces.com\/index.php?rest_route=\/wp\/v2\/posts\/40559","targetHints":{"allow":["GET"]}}],"collection":[{"href":"https:\/\/noticiasveraces.com\/index.php?rest_route=\/wp\/v2\/posts"}],"about":[{"href":"https:\/\/noticiasveraces.com\/index.php?rest_route=\/wp\/v2\/types\/post"}],"author":[{"embeddable":true,"href":"https:\/\/noticiasveraces.com\/index.php?rest_route=\/wp\/v2\/users\/1"}],"replies":[{"embeddable":true,"href":"https:\/\/noticiasveraces.com\/index.php?rest_route=%2Fwp%2Fv2%2Fcomments&post=40559"}],"version-history":[{"count":0,"href":"https:\/\/noticiasveraces.com\/index.php?rest_route=\/wp\/v2\/posts\/40559\/revisions"}],"wp:featuredmedia":[{"embeddable":true,"href":"https:\/\/noticiasveraces.com\/index.php?rest_route=\/wp\/v2\/media\/40560"}],"wp:attachment":[{"href":"https:\/\/noticiasveraces.com\/index.php?rest_route=%2Fwp%2Fv2%2Fmedia&parent=40559"}],"wp:term":[{"taxonomy":"category","embeddable":true,"href":"https:\/\/noticiasveraces.com\/index.php?rest_route=%2Fwp%2Fv2%2Fcategories&post=40559"},{"taxonomy":"post_tag","embeddable":true,"href":"https:\/\/noticiasveraces.com\/index.php?rest_route=%2Fwp%2Fv2%2Ftags&post=40559"}],"curies":[{"name":"wp","href":"https:\/\/api.w.org\/{rel}","templated":true}]}}