{"id":40515,"date":"2025-08-15T20:11:04","date_gmt":"2025-08-16T00:11:04","guid":{"rendered":"https:\/\/noticiasveraces.com\/?p=40515"},"modified":"2025-08-15T20:11:04","modified_gmt":"2025-08-16T00:11:04","slug":"ilan-halimi-memorial-tree-vandalizado-macron-condemns-antisemitic-ley","status":"publish","type":"post","link":"https:\/\/noticiasveraces.com\/?p=40515","title":{"rendered":"Ilan Halimi Memorial Tree vandalizado; Macron Condemns Antisemitic Ley"},"content":{"rendered":"<p> \n<\/p>\n<div>\n<div id=\"beyondwords-wrapper\" class=\"beyondwords-wrapper\">\n<p><span class=\"label-bg\">NUEVO<\/span>\u00a1Ahora puedes escuchar art\u00edculos de Fox News!\n  <\/p>\n<\/div>\n<p class=\"speakable\">Los l\u00edderes franceses condenan v\u00e1ndalos que cortaron un \u00e1rbol en honor a un hombre jud\u00edo que fue secuestrado y torturado durante m\u00e1s de tres semanas antes de morir en el camino a un hospital.<\/p>\n<p class=\"speakable\">En 2006, un grupo que se llamaba a s\u00ed mismo la \u00abpandilla de b\u00e1rbaros\u00bb, dirigido por Youssouf Fofana, secuestr\u00f3 a Ilan Halimi, un hombre jud\u00edo de 23 a\u00f1os. Durante m\u00e1s de tres semanas, Halimi fue retenido como reh\u00e9n y torturado. Creyendo en un viejo estereotipo antisem\u00edtico, los captores de Halimi asumieron que su familia era rica y exigi\u00f3 un rescate que no pod\u00eda permitirse.<\/p>\n<p>Al menos 27 personas participaron en el secuestro y la tortura de Halimi, pero se cree que m\u00e1s conoc\u00edan el crimen y no lo informaron a la polic\u00eda.<\/p>\n<p>El 13 de febrero de 2006, Halimi fue encontrado desnudo, esposado y apenas aferrado a la vida en una estaci\u00f3n de tren. Muri\u00f3 mientras fue transportado a un hospital.<\/p>\n<div class=\"image-ct inline\">\n<div class=\"m\"><picture><source media=\"(max-width: 767px)\" srcset=\"https:\/\/a57.foxnews.com\/static.foxnews.com\/foxnews.com\/content\/uploads\/2025\/08\/343\/192\/ilan-halimi-memorial.jpg?ve=1&amp;tl=1, https:\/\/a57.foxnews.com\/static.foxnews.com\/foxnews.com\/content\/uploads\/2025\/08\/686\/384\/ilan-halimi-memorial.jpg?ve=1&amp;tl=1 2x\" height=\"192\" width=\"343\"><source media=\"(min-width: 768px) and (max-width: 1023px)\" srcset=\"https:\/\/a57.foxnews.com\/static.foxnews.com\/foxnews.com\/content\/uploads\/2025\/08\/672\/378\/ilan-halimi-memorial.jpg?ve=1&amp;tl=1, https:\/\/a57.foxnews.com\/static.foxnews.com\/foxnews.com\/content\/uploads\/2025\/08\/1344\/756\/ilan-halimi-memorial.jpg?ve=1&amp;tl=1 2x\" height=\"378\" width=\"672\"><source media=\"(min-width: 1024px) and (max-width: 1279px)\" srcset=\"https:\/\/a57.foxnews.com\/static.foxnews.com\/foxnews.com\/content\/uploads\/2025\/08\/931\/523\/ilan-halimi-memorial.jpg?ve=1&amp;tl=1, https:\/\/a57.foxnews.com\/static.foxnews.com\/foxnews.com\/content\/uploads\/2025\/08\/1862\/1046\/ilan-halimi-memorial.jpg?ve=1&amp;tl=1 2x\" height=\"523\" width=\"931\"><source media=\"(min-width: 1280px)\" srcset=\"https:\/\/a57.foxnews.com\/static.foxnews.com\/foxnews.com\/content\/uploads\/2025\/08\/720\/405\/ilan-halimi-memorial.jpg?ve=1&amp;tl=1, https:\/\/a57.foxnews.com\/static.foxnews.com\/foxnews.com\/content\/uploads\/2025\/08\/1440\/810\/ilan-halimi-memorial.jpg?ve=1&amp;tl=1 2x\" height=\"405\" width=\"720\"><img loading=\"lazy\" decoding=\"async\" src=\"https:\/\/a57.foxnews.com\/static.foxnews.com\/foxnews.com\/content\/uploads\/2025\/08\/1200\/675\/ilan-halimi-memorial.jpg?ve=1&amp;tl=1\" alt=\"Memorial improvisado para Ilan Halimi\" width=\"1200\" height=\"675\"\/><\/source><\/source><\/source><\/source><\/picture><\/div>\n<div class=\"info\">\n<div class=\"caption\">\n<p><span>Una foto de Ilan Halimi en un improvisado monumento conmemorativo el 13 de febrero de 2019, en Sainte-Genevieve-des-Bois.<\/span> <span>(Bertrand Guay\/AFP a trav\u00e9s de Getty Images)<\/span><\/p>\n<\/div>\n<\/div>\n<\/div>\n<p><strong>Controlador de tr\u00e1fico a\u00e9reo suspendido despu\u00e9s de la transmisi\u00f3n de &#8216;Palestina libre&#8217; a los pilotos israel\u00edes<\/strong><\/p>\n<p>El olivo conmemorativo, plantado en honor de Halimi hace 14 a\u00f1os, fue cortado el mi\u00e9rcoles por la noche. Associated Press inform\u00f3 que la tala parec\u00eda estar realizada con una motosierra.<\/p>\n<p>El presidente franc\u00e9s, Emmanuel Macron, conden\u00f3 el acto, diciendo: \u00abCortar el \u00e1rbol en honor a Ilan Halimi es un intento de matarlo por segunda vez.<\/p>\n<p>\u00abNo tendr\u00e1 \u00e9xito: la naci\u00f3n no olvidar\u00e1 a este hijo de Francia que muri\u00f3 porque era jud\u00edo\u00bb, agreg\u00f3.<\/p>\n<p>El primer ministro franc\u00e9s, Fran\u00e7ois Bayrou, dijo: \u00abNing\u00fan crimen puede desarraigar su memoria\u00bb.<\/p>\n<p>En respuesta, el embajador de los Estados Unidos en Francia Charles Kushner agradeci\u00f3 a Bayrou por su condena \u00abfuerte e inequ\u00edvoca\u00bb de la tala del \u00e1rbol conmemorativo.<\/p>\n<p>\u00abEspero que su clara condena, como l\u00edder del gobierno franc\u00e9s, sea un modelo de liderazgo de principios y tolerancia cero hacia el aumento del antisemitismo en Francia y el mundo.<\/p>\n<div class=\"image-ct inline\">\n<div class=\"m\"><picture><source media=\"(max-width: 767px)\" srcset=\"https:\/\/a57.foxnews.com\/static.foxnews.com\/foxnews.com\/content\/uploads\/2025\/08\/343\/192\/ilan-halimi-tree-chopped-down-81525.jpg?ve=1&amp;tl=1, https:\/\/a57.foxnews.com\/static.foxnews.com\/foxnews.com\/content\/uploads\/2025\/08\/686\/384\/ilan-halimi-tree-chopped-down-81525.jpg?ve=1&amp;tl=1 2x\" height=\"192\" width=\"343\"><source media=\"(min-width: 768px) and (max-width: 1023px)\" srcset=\"https:\/\/a57.foxnews.com\/static.foxnews.com\/foxnews.com\/content\/uploads\/2025\/08\/672\/378\/ilan-halimi-tree-chopped-down-81525.jpg?ve=1&amp;tl=1, https:\/\/a57.foxnews.com\/static.foxnews.com\/foxnews.com\/content\/uploads\/2025\/08\/1344\/756\/ilan-halimi-tree-chopped-down-81525.jpg?ve=1&amp;tl=1 2x\" height=\"378\" width=\"672\"><source media=\"(min-width: 1024px) and (max-width: 1279px)\" srcset=\"https:\/\/a57.foxnews.com\/static.foxnews.com\/foxnews.com\/content\/uploads\/2025\/08\/931\/523\/ilan-halimi-tree-chopped-down-81525.jpg?ve=1&amp;tl=1, https:\/\/a57.foxnews.com\/static.foxnews.com\/foxnews.com\/content\/uploads\/2025\/08\/1862\/1046\/ilan-halimi-tree-chopped-down-81525.jpg?ve=1&amp;tl=1 2x\" height=\"523\" width=\"931\"><source media=\"(min-width: 1280px)\" srcset=\"https:\/\/a57.foxnews.com\/static.foxnews.com\/foxnews.com\/content\/uploads\/2025\/08\/720\/405\/ilan-halimi-tree-chopped-down-81525.jpg?ve=1&amp;tl=1, https:\/\/a57.foxnews.com\/static.foxnews.com\/foxnews.com\/content\/uploads\/2025\/08\/1440\/810\/ilan-halimi-tree-chopped-down-81525.jpg?ve=1&amp;tl=1 2x\" height=\"405\" width=\"720\"><img loading=\"lazy\" decoding=\"async\" src=\"https:\/\/a57.foxnews.com\/static.foxnews.com\/foxnews.com\/content\/uploads\/2025\/08\/1200\/675\/ilan-halimi-tree-chopped-down-81525.jpg?ve=1&amp;tl=1\" alt=\"Flores colocadas en un \u00e1rbol conmemorativo que se cort\u00f3\" width=\"1200\" height=\"675\"\/><\/source><\/source><\/source><\/source><\/picture><\/div>\n<div class=\"info\">\n<div class=\"caption\">\n<p><span>Esta foto muestra una estela conmemorativa y el tronco de un olivo, seg\u00fan los informes, cortados con una motosierra. El \u00e1rbol fue plantado en 2011 para honrar a Ilan Halimi en Epinay-sur-Seine, cerca de Par\u00eds, 15 de agosto de 2025. Halimi, un joven jud\u00edo franc\u00e9s, fue secuestrado y torturado hasta la muerte en 2006.<\/span> <span>(Dimitar Dilkoff\/AFP a trav\u00e9s de Getty Images)<\/span><\/p>\n<\/div>\n<\/div>\n<\/div>\n<p><strong>Los l\u00edderes europeos denuncian el video de Hamas de los cautivos israel\u00edes: &#8216;inhumanidad ilimitada&#8217;<\/strong><\/p>\n<p>A pesar de condenar fuertemente el incidente, Macron no fue elogiado por el Ministro de Di\u00e1spora israel\u00ed y la lucha contra el antisemitismo Amichai Chikli. El funcionario israel\u00ed se\u00f1al\u00f3 la reciente promesa de Macron de reconocer a un estado palestino y sugiri\u00f3 que el presidente franc\u00e9s \u00abempu\u00f1\u00f3 el hacha\u00bb.<\/p>\n<p>\u00abMacron se apresur\u00f3 a condenarlo, pero le dije que sus propias manos ejerc\u00edan el hacha. Ning\u00fan presidente franc\u00e9s ha sido m\u00e1s hostil con la comunidad jud\u00eda desde el r\u00e9gimen de Vichy\u00bb, escribi\u00f3 Chikli. <\/p>\n<p>\u00abAl impulsar el reconocimiento de un estado palestino, bajo la fuerte sombra de las atrocidades del 7 de octubre, mientras que nuestra gente se pudre en cautiverio, Macron se coloca a la vanguardia pol\u00edtica de Hamas y de la creciente marea del antisemitismo global\u00bb.<\/p>\n<p>En los a\u00f1os posteriores al asesinato de Halimi, Francia ha lidiado con incidentes antisem\u00edticos, incluido un ataque de 2015 contra la tienda Hyper Cacher en Par\u00eds que dej\u00f3 cuatro muertos. En marzo, poco m\u00e1s de 10 a\u00f1os despu\u00e9s del ataque, la tienda fue atacada nuevamente. Un incendiario incendi\u00f3 un fuego que da\u00f1\u00f3 el frente de la tienda y parte de su interior, seg\u00fan The Times of Israel.<\/p>\n<div class=\"image-ct inline\">\n<div class=\"m\"><picture><source media=\"(max-width: 767px)\" srcset=\"https:\/\/a57.foxnews.com\/static.foxnews.com\/foxnews.com\/content\/uploads\/2025\/08\/343\/192\/el-al-paris-vandalism.jpg?ve=1&amp;tl=1, https:\/\/a57.foxnews.com\/static.foxnews.com\/foxnews.com\/content\/uploads\/2025\/08\/686\/384\/el-al-paris-vandalism.jpg?ve=1&amp;tl=1 2x\" height=\"192\" width=\"343\"><source media=\"(min-width: 768px) and (max-width: 1023px)\" srcset=\"https:\/\/a57.foxnews.com\/static.foxnews.com\/foxnews.com\/content\/uploads\/2025\/08\/672\/378\/el-al-paris-vandalism.jpg?ve=1&amp;tl=1, https:\/\/a57.foxnews.com\/static.foxnews.com\/foxnews.com\/content\/uploads\/2025\/08\/1344\/756\/el-al-paris-vandalism.jpg?ve=1&amp;tl=1 2x\" height=\"378\" width=\"672\"><source media=\"(min-width: 1024px) and (max-width: 1279px)\" srcset=\"https:\/\/a57.foxnews.com\/static.foxnews.com\/foxnews.com\/content\/uploads\/2025\/08\/931\/523\/el-al-paris-vandalism.jpg?ve=1&amp;tl=1, https:\/\/a57.foxnews.com\/static.foxnews.com\/foxnews.com\/content\/uploads\/2025\/08\/1862\/1046\/el-al-paris-vandalism.jpg?ve=1&amp;tl=1 2x\" height=\"523\" width=\"931\"><source media=\"(min-width: 1280px)\" srcset=\"https:\/\/a57.foxnews.com\/static.foxnews.com\/foxnews.com\/content\/uploads\/2025\/08\/720\/405\/el-al-paris-vandalism.jpg?ve=1&amp;tl=1, https:\/\/a57.foxnews.com\/static.foxnews.com\/foxnews.com\/content\/uploads\/2025\/08\/1440\/810\/el-al-paris-vandalism.jpg?ve=1&amp;tl=1 2x\" height=\"405\" width=\"720\"><img loading=\"lazy\" decoding=\"async\" src=\"https:\/\/a57.foxnews.com\/static.foxnews.com\/foxnews.com\/content\/uploads\/2025\/08\/1200\/675\/el-al-paris-vandalism.jpg?ve=1&amp;tl=1\" alt=\"Las oficinas de Par\u00eds de El Al vandalizadas\" width=\"1200\" height=\"675\"\/><\/source><\/source><\/source><\/source><\/picture><\/div>\n<div class=\"info\">\n<div class=\"caption\">\n<p><span>Una vista de la \u00abaerol\u00ednea de genocidio El Al\u00bb \u00abrociada con pintura roja en la entrada de las oficinas de El Al Israel Airlines en Par\u00eds el 7 de agosto de 2025.<\/span> <span>(Noemie Olive \/ Reuters)<\/span><\/p>\n<\/div>\n<\/div>\n<\/div>\n<p><strong><u>Francia para deportar a la mujer palestina sobre un puesto antisemita con Hitler, detiene las evacuaciones de Gaza<\/u><\/strong><\/p>\n<p>El antisemitismo en Francia ha persistido desde que comenz\u00f3 la guerra en Gaza en 2023 despu\u00e9s de la brutal masacre del 7 de octubre de Hamas. Los jud\u00edos en Francia no solo han visto protestas masivas contra Israel. Han sido v\u00edctimas de violencia antisemita. <\/p>\n<p>En junio de 2024, una ni\u00f1a de 12 a\u00f1os fue violada por tres adolescentes que, seg\u00fan informes policiales, pronunciaron amenazas de muerte y comentarios antisem\u00edticos durante el ataque. El incidente provoc\u00f3 indignaci\u00f3n en Francia y fue condenado por Macron. <\/p>\n<p>Seg\u00fan el Times of Israel, los ni\u00f1os fueron acusados de agresi\u00f3n sexual a un menor y grabar y compartir im\u00e1genes sexuales, agravadas por la motivaci\u00f3n religiosa. El medio inform\u00f3 que dos de los atacantes, que ten\u00edan 13 en el momento de la violaci\u00f3n, fueron sentenciados a nueve y siete a\u00f1os de prisi\u00f3n. Un asaltante no pudo ser sentenciado a la c\u00e1rcel debido a su edad y, seg\u00fan los informes, ser\u00eda puesto en cuidado de crianza cerrado durante cinco a\u00f1os.<\/p>\n<div class=\"image-ct inline\">\n<div class=\"m\"><picture><source media=\"(max-width: 767px)\" srcset=\"https:\/\/a57.foxnews.com\/static.foxnews.com\/foxnews.com\/content\/uploads\/2025\/08\/343\/192\/march-against-antisemitism-france.jpg?ve=1&amp;tl=1, https:\/\/a57.foxnews.com\/static.foxnews.com\/foxnews.com\/content\/uploads\/2025\/08\/686\/384\/march-against-antisemitism-france.jpg?ve=1&amp;tl=1 2x\" height=\"192\" width=\"343\"><source media=\"(min-width: 768px) and (max-width: 1023px)\" srcset=\"https:\/\/a57.foxnews.com\/static.foxnews.com\/foxnews.com\/content\/uploads\/2025\/08\/672\/378\/march-against-antisemitism-france.jpg?ve=1&amp;tl=1, https:\/\/a57.foxnews.com\/static.foxnews.com\/foxnews.com\/content\/uploads\/2025\/08\/1344\/756\/march-against-antisemitism-france.jpg?ve=1&amp;tl=1 2x\" height=\"378\" width=\"672\"><source media=\"(min-width: 1024px) and (max-width: 1279px)\" srcset=\"https:\/\/a57.foxnews.com\/static.foxnews.com\/foxnews.com\/content\/uploads\/2025\/08\/931\/523\/march-against-antisemitism-france.jpg?ve=1&amp;tl=1, https:\/\/a57.foxnews.com\/static.foxnews.com\/foxnews.com\/content\/uploads\/2025\/08\/1862\/1046\/march-against-antisemitism-france.jpg?ve=1&amp;tl=1 2x\" height=\"523\" width=\"931\"><source media=\"(min-width: 1280px)\" srcset=\"https:\/\/a57.foxnews.com\/static.foxnews.com\/foxnews.com\/content\/uploads\/2025\/08\/720\/405\/march-against-antisemitism-france.jpg?ve=1&amp;tl=1, https:\/\/a57.foxnews.com\/static.foxnews.com\/foxnews.com\/content\/uploads\/2025\/08\/1440\/810\/march-against-antisemitism-france.jpg?ve=1&amp;tl=1 2x\" height=\"405\" width=\"720\"><img loading=\"lazy\" decoding=\"async\" src=\"https:\/\/a57.foxnews.com\/static.foxnews.com\/foxnews.com\/content\/uploads\/2025\/08\/1200\/675\/march-against-antisemitism-france.jpg?ve=1&amp;tl=1\" alt=\"Los manifestantes marchan despu\u00e9s de que una joven jud\u00eda fuera violada en un ataque antisemita\" width=\"1200\" height=\"675\"\/><\/source><\/source><\/source><\/source><\/picture><\/div>\n<div class=\"info\">\n<div class=\"caption\">\n<p><span>Los manifestantes tienen se\u00f1ales que dicen \u00abvioladas a las 12 porque jud\u00edas\u00bb durante una manifestaci\u00f3n en Par\u00eds el 20 de junio de 2024, despu\u00e9s de la supuesta violaci\u00f3n de pandillas antisem\u00e9tica de una ni\u00f1a de 12 a\u00f1os en el suburbio de Par\u00eds, Courbevoie.<\/span> <span>(Zacaria Abdelkafi\/AFP Vitty Images)<\/span><\/p>\n<\/div>\n<\/div>\n<\/div>\n<p><strong><u>Haga clic aqu\u00ed para obtener la aplicaci\u00f3n Fox News<\/u><\/strong><\/p>\n<p>Recientemente, la aerol\u00ednea israel\u00ed El Al ha sido un objetivo para el antisemitismo en Francia. A principios de este mes, las oficinas de Par\u00eds de la compa\u00f1\u00eda fueron destrozadas con pintura roja y graffiti anti-Israel. Los v\u00e1ndalos escribieron que El Al era una \u00abaerol\u00ednea de genocidio\u00bb. <\/p>\n<p>Solo unos d\u00edas despu\u00e9s, un controlador de tr\u00e1fico a\u00e9reo franc\u00e9s transmiti\u00f3 \u00abPalestina gratuita\u00bb a El Al Pilots. Desde entonces, el trabajador ha sido suspendido. El Al calific\u00f3 los comentarios \u00abno profesionales e inapropiados\u00bb.<\/p>\n<p>Fofana, quien dirigi\u00f3 el ataque contra Halimi, fue sentenciado a cadena perpetua en 2009 y no es elegible para la libertad condicional durante 22 a\u00f1os. Dos de sus c\u00f3mplices fueron sentados a 15 y 18 a\u00f1os de prisi\u00f3n. Un hombre que era un menor en el momento del ataque tambi\u00e9n fue sentenciado a 15 a\u00f1os de prisi\u00f3n. Una ni\u00f1a que sol\u00eda atraer a Halimi fue sentenciada a nueve a\u00f1os de prisi\u00f3n.<\/p>\n<p> <!----> <\/p>\n<div class=\"article-meta\">\n<div class=\"author-bio\">\n<p>Rachel Wolf es una escritora de noticias de Fox News Digital y Fox Business.<\/p>\n<\/div>\n<\/div>\n<\/div>\n\n","protected":false},"excerpt":{"rendered":"<p>NUEVO\u00a1Ahora puedes escuchar art\u00edculos de Fox News! Los l\u00edderes franceses condenan v\u00e1ndalos que cortaron un \u00e1rbol en honor a un hombre jud\u00edo que fue secuestrado y torturado durante m\u00e1s de tres semanas antes de morir en el camino a un hospital. En 2006, un grupo que se llamaba a s\u00ed mismo la \u00abpandilla de b\u00e1rbaros\u00bb, &hellip;<\/p>\n","protected":false},"author":1,"featured_media":40517,"comment_status":"open","ping_status":"open","sticky":false,"template":"","format":"standard","meta":{"fifu_image_url":"https:\/\/static.foxnews.com\/foxnews.com\/content\/uploads\/2025\/08\/memorial-tree-cut-ilan-halimi.jpg","fifu_image_alt":"","footnotes":""},"categories":[13],"tags":[],"class_list":["post-40515","post","type-post","status-publish","format-standard","has-post-thumbnail","","category-mundo"],"_links":{"self":[{"href":"https:\/\/noticiasveraces.com\/index.php?rest_route=\/wp\/v2\/posts\/40515","targetHints":{"allow":["GET"]}}],"collection":[{"href":"https:\/\/noticiasveraces.com\/index.php?rest_route=\/wp\/v2\/posts"}],"about":[{"href":"https:\/\/noticiasveraces.com\/index.php?rest_route=\/wp\/v2\/types\/post"}],"author":[{"embeddable":true,"href":"https:\/\/noticiasveraces.com\/index.php?rest_route=\/wp\/v2\/users\/1"}],"replies":[{"embeddable":true,"href":"https:\/\/noticiasveraces.com\/index.php?rest_route=%2Fwp%2Fv2%2Fcomments&post=40515"}],"version-history":[{"count":0,"href":"https:\/\/noticiasveraces.com\/index.php?rest_route=\/wp\/v2\/posts\/40515\/revisions"}],"wp:featuredmedia":[{"embeddable":true,"href":"https:\/\/noticiasveraces.com\/index.php?rest_route=\/wp\/v2\/media\/40517"}],"wp:attachment":[{"href":"https:\/\/noticiasveraces.com\/index.php?rest_route=%2Fwp%2Fv2%2Fmedia&parent=40515"}],"wp:term":[{"taxonomy":"category","embeddable":true,"href":"https:\/\/noticiasveraces.com\/index.php?rest_route=%2Fwp%2Fv2%2Fcategories&post=40515"},{"taxonomy":"post_tag","embeddable":true,"href":"https:\/\/noticiasveraces.com\/index.php?rest_route=%2Fwp%2Fv2%2Ftags&post=40515"}],"curies":[{"name":"wp","href":"https:\/\/api.w.org\/{rel}","templated":true}]}}