{"id":40493,"date":"2025-08-15T15:01:12","date_gmt":"2025-08-15T19:01:12","guid":{"rendered":"https:\/\/noticiasveraces.com\/?p=40493"},"modified":"2025-08-15T15:01:12","modified_gmt":"2025-08-15T19:01:12","slug":"controlador-frances-suspendido-por-gritar-palestina-libre-a-los-pilotos-israelies","status":"publish","type":"post","link":"https:\/\/noticiasveraces.com\/?p=40493","title":{"rendered":"Controlador franc\u00e9s suspendido por gritar &#8216;Palestina libre&#8217; a los pilotos israel\u00edes"},"content":{"rendered":"<p> \n<\/p>\n<div>\n<div id=\"beyondwords-wrapper\" class=\"beyondwords-wrapper\">\n<p><span class=\"label-bg\">NUEVO<\/span>\u00a1Ahora puedes escuchar art\u00edculos de Fox News!\n  <\/p>\n<\/div>\n<p class=\"speakable\">Seg\u00fan los informes, un controlador de tr\u00e1fico a\u00e9reo franc\u00e9s ha sido suspendido despu\u00e9s de declarar \u00abPalestina libre\u00bb mientras se comunica con los pilotos israel\u00edes que operan un avi\u00f3n El AL.<\/p>\n<p class=\"speakable\">El incidente ocurri\u00f3 el lunes poco despu\u00e9s de que el avi\u00f3n despeg\u00f3 del aeropuerto de Charles de Gaulle en Par\u00eds, seg\u00fan los informes. Un portavoz de El Al Al le dijo a Fox News Digital que la aerol\u00ednea vio el incidente \u00abcon la m\u00e1xima severidad\u00bb y dijo que los comentarios del controlador de tr\u00e1fico a\u00e9reo eran \u00abpoco profesionales e inapropiados\u00bb.<\/p>\n<p>\u00abEl Al continuar\u00e1 volando con orgullo alrededor del mundo con la bandera israel\u00ed en su avi\u00f3n, defendiendo la profesionalidad y garantizando la seguridad de sus pasajeros y tripulaciones\u00bb, dijo la aerol\u00ednea en un comunicado.<\/p>\n<div class=\"image-ct inline\">\n<div class=\"m\"><picture><source media=\"(max-width: 767px)\" srcset=\"https:\/\/a57.foxnews.com\/static.foxnews.com\/foxnews.com\/content\/uploads\/2025\/08\/343\/192\/el-al-plane-france.jpg?ve=1&amp;tl=1, https:\/\/a57.foxnews.com\/static.foxnews.com\/foxnews.com\/content\/uploads\/2025\/08\/686\/384\/el-al-plane-france.jpg?ve=1&amp;tl=1 2x\" height=\"192\" width=\"343\"><source media=\"(min-width: 768px) and (max-width: 1023px)\" srcset=\"https:\/\/a57.foxnews.com\/static.foxnews.com\/foxnews.com\/content\/uploads\/2025\/08\/672\/378\/el-al-plane-france.jpg?ve=1&amp;tl=1, https:\/\/a57.foxnews.com\/static.foxnews.com\/foxnews.com\/content\/uploads\/2025\/08\/1344\/756\/el-al-plane-france.jpg?ve=1&amp;tl=1 2x\" height=\"378\" width=\"672\"><source media=\"(min-width: 1024px) and (max-width: 1279px)\" srcset=\"https:\/\/a57.foxnews.com\/static.foxnews.com\/foxnews.com\/content\/uploads\/2025\/08\/931\/523\/el-al-plane-france.jpg?ve=1&amp;tl=1, https:\/\/a57.foxnews.com\/static.foxnews.com\/foxnews.com\/content\/uploads\/2025\/08\/1862\/1046\/el-al-plane-france.jpg?ve=1&amp;tl=1 2x\" height=\"523\" width=\"931\"><source media=\"(min-width: 1280px)\" srcset=\"https:\/\/a57.foxnews.com\/static.foxnews.com\/foxnews.com\/content\/uploads\/2025\/08\/720\/405\/el-al-plane-france.jpg?ve=1&amp;tl=1, https:\/\/a57.foxnews.com\/static.foxnews.com\/foxnews.com\/content\/uploads\/2025\/08\/1440\/810\/el-al-plane-france.jpg?ve=1&amp;tl=1 2x\" height=\"405\" width=\"720\"><img loading=\"lazy\" decoding=\"async\" src=\"https:\/\/a57.foxnews.com\/static.foxnews.com\/foxnews.com\/content\/uploads\/2025\/08\/1200\/675\/el-al-plane-france.jpg?ve=1&amp;tl=1\" alt=\"El avi\u00f3n en Francia\" width=\"1200\" height=\"675\"\/><\/source><\/source><\/source><\/source><\/picture><\/div>\n<div class=\"info\">\n<div class=\"caption\">\n<p><span>Un avi\u00f3n de las aerol\u00edneas El Al Israel de Israel se conect\u00f3 a un aerbrilla en la Terminal 2 del Aeropuerto Internacional Roissy Charles de Gaulle (CDG), en las afueras de Par\u00eds, el 12 de mayo de 2025. <\/span> <span>(Kiran Ridley\/AFP a trav\u00e9s de Getty Images)<\/span><\/p>\n<\/div>\n<\/div>\n<\/div>\n<p><strong><u>Francia para deportar a la mujer palestina sobre un puesto antisemita con Hitler, detiene las evacuaciones de Gaza<\/u><\/strong><\/p>\n<p>El ministro de Transporte Franc\u00e9s, Philippe Tabarot, respondi\u00f3 r\u00e1pidamente al incidente y pidi\u00f3 una investigaci\u00f3n.<\/p>\n<p>\u00abSi los hechos fueran confirmados, ser\u00edan reprensibles, ya que violar\u00edan las reglas de las comunicaciones de radio, que deben limitarse a la seguridad y la regularidad del tr\u00e1fico a\u00e9reo\u00bb, escribi\u00f3 Tabarot en una publicaci\u00f3n sobre X el lunes poco despu\u00e9s de que se informara el incidente. Agreg\u00f3 que la Autoridad de Aviaci\u00f3n Civil Francesa (DGAC) estaba analizando grabaciones de comunicaciones de radio desde la ma\u00f1ana del incidente.<\/p>\n<p>M\u00e1s tarde, Tabarot confirm\u00f3 en X que las grabaciones coincid\u00edan con lo que El Al inform\u00f3 y dijo que el controlador de tr\u00e1fico a\u00e9reo fue identificado y prohibido realizar cualquier tarea \u00abhasta nuevo aviso\u00bb. El funcionario franc\u00e9s tambi\u00e9n dijo que los procedimientos disciplinarios se iniciaron de inmediato. Conden\u00f3 adem\u00e1s el incidente el mi\u00e9rcoles, diciendo que la industria del transporte no es inmune al \u00absurgimiento del antisemitismo y los comportamientos de odio que explotan la situaci\u00f3n en el Medio Oriente\u00bb.<\/p>\n<p><strong>El presidente franc\u00e9s, Emmanuel Macron, reconocer\u00e1 el &#8216;Estado de Palestina&#8217; en septiembre en la Asamblea General de la ONU<\/strong><\/p>\n<p>El incidente del controlador de tr\u00e1fico a\u00e9reo se produce en medio de desaf\u00edos para El Al en Francia, incluida la vandalizaci\u00f3n de su oficina de Par\u00eds y la detenci\u00f3n temporal de Francia de la renovaci\u00f3n de las visas de trabajo para su personal de seguridad.<\/p>\n<p>El martes, una fuente del gobierno franc\u00e9s confirm\u00f3 a los tiempos de Israel que la renovaci\u00f3n de las visas de trabajo para los miembros del personal de seguridad de El Al hab\u00eda sido detenida. La decisi\u00f3n supuestamente se relacion\u00f3 con las dificultades que enfrenta el personal diplom\u00e1tico franc\u00e9s en ex\u00e1menes de seguridad.<br \/>El embajador de los Estados Unidos en Israel Mike Huckabee volvi\u00f3 a publicar un informe sobre la pausa en las renovaciones de visas y dijo \u00ab\u00bfQu\u00e9 le pas\u00f3 a Francia?\u00bb<\/p>\n<div class=\"image-ct inline\">\n<div class=\"m\"><picture><source media=\"(max-width: 767px)\" srcset=\"https:\/\/a57.foxnews.com\/static.foxnews.com\/foxnews.com\/content\/uploads\/2025\/08\/343\/192\/france-palestine-antisemitism.jpg?ve=1&amp;tl=1, https:\/\/a57.foxnews.com\/static.foxnews.com\/foxnews.com\/content\/uploads\/2025\/08\/686\/384\/france-palestine-antisemitism.jpg?ve=1&amp;tl=1 2x\" height=\"192\" width=\"343\"><source media=\"(min-width: 768px) and (max-width: 1023px)\" srcset=\"https:\/\/a57.foxnews.com\/static.foxnews.com\/foxnews.com\/content\/uploads\/2025\/08\/672\/378\/france-palestine-antisemitism.jpg?ve=1&amp;tl=1, https:\/\/a57.foxnews.com\/static.foxnews.com\/foxnews.com\/content\/uploads\/2025\/08\/1344\/756\/france-palestine-antisemitism.jpg?ve=1&amp;tl=1 2x\" height=\"378\" width=\"672\"><source media=\"(min-width: 1024px) and (max-width: 1279px)\" srcset=\"https:\/\/a57.foxnews.com\/static.foxnews.com\/foxnews.com\/content\/uploads\/2025\/08\/931\/523\/france-palestine-antisemitism.jpg?ve=1&amp;tl=1, https:\/\/a57.foxnews.com\/static.foxnews.com\/foxnews.com\/content\/uploads\/2025\/08\/1862\/1046\/france-palestine-antisemitism.jpg?ve=1&amp;tl=1 2x\" height=\"523\" width=\"931\"><source media=\"(min-width: 1280px)\" srcset=\"https:\/\/a57.foxnews.com\/static.foxnews.com\/foxnews.com\/content\/uploads\/2025\/08\/720\/405\/france-palestine-antisemitism.jpg?ve=1&amp;tl=1, https:\/\/a57.foxnews.com\/static.foxnews.com\/foxnews.com\/content\/uploads\/2025\/08\/1440\/810\/france-palestine-antisemitism.jpg?ve=1&amp;tl=1 2x\" height=\"405\" width=\"720\"><img loading=\"lazy\" decoding=\"async\" src=\"https:\/\/a57.foxnews.com\/static.foxnews.com\/foxnews.com\/content\/uploads\/2025\/08\/1200\/675\/france-palestine-antisemitism.jpg?ve=1&amp;tl=1\" alt=\"El manifestante tiene un &quot;Palestina libre&quot; firmar\" width=\"1200\" height=\"675\"\/><\/source><\/source><\/source><\/source><\/picture><\/div>\n<div class=\"info\">\n<div class=\"caption\">\n<p><span>Un hombre posee un cartel que lee \u00abPalestina libre\u00bb durante una manifestaci\u00f3n en el lugar de la Republique en Par\u00eds, Francia, el 9 de junio de 2025. <\/span> <span>(Reuters\/Sarah Meyssonnier\/Foto de archivo)<\/span><\/p>\n<\/div>\n<\/div>\n<\/div>\n<p><strong><u>Cientos de manifestantes anti-Israel arrestados en Londres por un grupo de apoyo prohibido bajo la ley de terrorismo<\/u><\/strong><\/p>\n<p>A principios de este mes, las oficinas de Par\u00eds de El Al fueron manchadas de pintura roja, as\u00ed como grafiti pro-palestino y antiisrael\u00ed. Las palabras \u00abPalestina libre\u00bb y \u00abAerol\u00ednea de Genocidio El Al\u00bb fueron pintadas en el exterior de las oficinas. La embajada israel\u00ed en Francia comparti\u00f3 fotos del incidente, con el ministro plenipotenciario Asaf Moran denunciando el \u00abclima de incitaci\u00f3n violenta y desenfrenada por parte de ciertos funcionarios electos franceses\u00bb.<\/p>\n<p>Tras el incidente del vandalismo, el embajador israel\u00ed en Francia Joshua Zarka visit\u00f3 las oficinas de Par\u00eds de El Al y prometi\u00f3 que el gobierno de Israel apoyar\u00eda a su gente y sus negocios israel\u00edes. <\/p>\n<p>El Secretario de Transporte Israel\u00ed, Miri Regev, tambi\u00e9n coment\u00f3 sobre el incidente, calific\u00e1ndolo de \u00abacto b\u00e1rbaro y violento\u00bb. Parec\u00eda culpar al presidente franc\u00e9s Emmanuel Macron, quien recientemente anunci\u00f3 que Francia reconocer\u00eda a un estado palestino. Regev tambi\u00e9n dijo que la declaraci\u00f3n de Macron fue un regalo para Hamas.<\/p>\n<div class=\"image-ct inline\">\n<div class=\"m\"><picture><source media=\"(max-width: 767px)\" srcset=\"https:\/\/a57.foxnews.com\/static.foxnews.com\/foxnews.com\/content\/uploads\/2025\/08\/343\/192\/el-al-paris-vandalism.jpg?ve=1&amp;tl=1, https:\/\/a57.foxnews.com\/static.foxnews.com\/foxnews.com\/content\/uploads\/2025\/08\/686\/384\/el-al-paris-vandalism.jpg?ve=1&amp;tl=1 2x\" height=\"192\" width=\"343\"><source media=\"(min-width: 768px) and (max-width: 1023px)\" srcset=\"https:\/\/a57.foxnews.com\/static.foxnews.com\/foxnews.com\/content\/uploads\/2025\/08\/672\/378\/el-al-paris-vandalism.jpg?ve=1&amp;tl=1, https:\/\/a57.foxnews.com\/static.foxnews.com\/foxnews.com\/content\/uploads\/2025\/08\/1344\/756\/el-al-paris-vandalism.jpg?ve=1&amp;tl=1 2x\" height=\"378\" width=\"672\"><source media=\"(min-width: 1024px) and (max-width: 1279px)\" srcset=\"https:\/\/a57.foxnews.com\/static.foxnews.com\/foxnews.com\/content\/uploads\/2025\/08\/931\/523\/el-al-paris-vandalism.jpg?ve=1&amp;tl=1, https:\/\/a57.foxnews.com\/static.foxnews.com\/foxnews.com\/content\/uploads\/2025\/08\/1862\/1046\/el-al-paris-vandalism.jpg?ve=1&amp;tl=1 2x\" height=\"523\" width=\"931\"><source media=\"(min-width: 1280px)\" srcset=\"https:\/\/a57.foxnews.com\/static.foxnews.com\/foxnews.com\/content\/uploads\/2025\/08\/720\/405\/el-al-paris-vandalism.jpg?ve=1&amp;tl=1, https:\/\/a57.foxnews.com\/static.foxnews.com\/foxnews.com\/content\/uploads\/2025\/08\/1440\/810\/el-al-paris-vandalism.jpg?ve=1&amp;tl=1 2x\" height=\"405\" width=\"720\"><img loading=\"lazy\" decoding=\"async\" src=\"https:\/\/a57.foxnews.com\/static.foxnews.com\/foxnews.com\/content\/uploads\/2025\/08\/1200\/675\/el-al-paris-vandalism.jpg?ve=1&amp;tl=1\" alt=\"Las oficinas de Par\u00eds de El Al vandalizadas\" width=\"1200\" height=\"675\"\/><\/source><\/source><\/source><\/source><\/picture><\/div>\n<\/p><\/div>\n<p><strong><u>Haga clic aqu\u00ed para obtener la aplicaci\u00f3n Fox News<\/u><\/strong><\/p>\n<p>Tabarot tambi\u00e9n conden\u00f3 r\u00e1pidamente este incidente y dijo que \u00ablos actos de odio y antisemitismo no tienen lugar en nuestra rep\u00fablica\u00bb.<\/p>\n<p>Regev respondi\u00f3 agradeciendo a Tabarot por sus \u00abpalabras claras e inequ\u00edvocas contra el antisemitismo\u00bb.<\/p>\n<p>\u00abLos ciudadanos franceses deben entender, hoy es El Al, ma\u00f1ana podr\u00eda ser Air Francia. Todos debemos actuar juntos para condenar el antisemitismo y el odio, en todas partes del mundo\u00bb, escribi\u00f3 Regev.<\/p>\n<p>Fox News Digital se comunic\u00f3 con el aeropuerto de Charles de Gaulle y DGAC, pero no recibi\u00f3 respuestas a tiempo para su publicaci\u00f3n.<\/p>\n<p> <!----> <\/p>\n<div class=\"article-meta\">\n<div class=\"author-bio\">\n<p>Rachel Wolf es una escritora de noticias de Fox News Digital y Fox Business.<\/p>\n<\/div>\n<\/div>\n<\/div>\n\n","protected":false},"excerpt":{"rendered":"<p>NUEVO\u00a1Ahora puedes escuchar art\u00edculos de Fox News! Seg\u00fan los informes, un controlador de tr\u00e1fico a\u00e9reo franc\u00e9s ha sido suspendido despu\u00e9s de declarar \u00abPalestina libre\u00bb mientras se comunica con los pilotos israel\u00edes que operan un avi\u00f3n El AL. El incidente ocurri\u00f3 el lunes poco despu\u00e9s de que el avi\u00f3n despeg\u00f3 del aeropuerto de Charles de Gaulle &hellip;<\/p>\n","protected":false},"author":1,"featured_media":40495,"comment_status":"open","ping_status":"open","sticky":false,"template":"","format":"standard","meta":{"fifu_image_url":"https:\/\/static.foxnews.com\/foxnews.com\/content\/uploads\/2025\/08\/el-al-plane-france.jpg","fifu_image_alt":"","footnotes":""},"categories":[13],"tags":[],"class_list":["post-40493","post","type-post","status-publish","format-standard","has-post-thumbnail","","category-mundo"],"_links":{"self":[{"href":"https:\/\/noticiasveraces.com\/index.php?rest_route=\/wp\/v2\/posts\/40493","targetHints":{"allow":["GET"]}}],"collection":[{"href":"https:\/\/noticiasveraces.com\/index.php?rest_route=\/wp\/v2\/posts"}],"about":[{"href":"https:\/\/noticiasveraces.com\/index.php?rest_route=\/wp\/v2\/types\/post"}],"author":[{"embeddable":true,"href":"https:\/\/noticiasveraces.com\/index.php?rest_route=\/wp\/v2\/users\/1"}],"replies":[{"embeddable":true,"href":"https:\/\/noticiasveraces.com\/index.php?rest_route=%2Fwp%2Fv2%2Fcomments&post=40493"}],"version-history":[{"count":0,"href":"https:\/\/noticiasveraces.com\/index.php?rest_route=\/wp\/v2\/posts\/40493\/revisions"}],"wp:featuredmedia":[{"embeddable":true,"href":"https:\/\/noticiasveraces.com\/index.php?rest_route=\/wp\/v2\/media\/40495"}],"wp:attachment":[{"href":"https:\/\/noticiasveraces.com\/index.php?rest_route=%2Fwp%2Fv2%2Fmedia&parent=40493"}],"wp:term":[{"taxonomy":"category","embeddable":true,"href":"https:\/\/noticiasveraces.com\/index.php?rest_route=%2Fwp%2Fv2%2Fcategories&post=40493"},{"taxonomy":"post_tag","embeddable":true,"href":"https:\/\/noticiasveraces.com\/index.php?rest_route=%2Fwp%2Fv2%2Ftags&post=40493"}],"curies":[{"name":"wp","href":"https:\/\/api.w.org\/{rel}","templated":true}]}}