{"id":40476,"date":"2025-08-15T13:06:11","date_gmt":"2025-08-15T17:06:11","guid":{"rendered":"https:\/\/noticiasveraces.com\/?p=40476"},"modified":"2025-08-15T13:06:11","modified_gmt":"2025-08-15T17:06:11","slug":"peru-la-ley-de-amnistia-es-una-afrenta-a-las-miles-de-victimas-que-merecen-justicia-no-impunidad","status":"publish","type":"post","link":"https:\/\/noticiasveraces.com\/?p=40476","title":{"rendered":"Per\u00fa: La ley de amnist\u00eda es una afrenta a las miles de v\u00edctimas que merecen justicia, no impunidad"},"content":{"rendered":"<p> \n<br \/><img decoding=\"async\" src=\"https:\/\/global.unitednations.entermediadb.net\/assets\/mediadb\/services\/module\/asset\/downloads\/preset\/Libraries\/Production%20Library\/11-10-2019-LimaWB.jpg\/image560x340cropped.jpg\" \/><\/p>\n<div>\n<p>El 13 de agosto, la\u00a0presidenta de Per\u00fa, Dina Boluarte, promulg\u00f3 una ley que otorga <strong>amnist\u00eda a los miembros de las fuerzas de seguridad y de los comit\u00e9s de autodefensa<\/strong> por cr\u00edmenes graves contra los derechos humanos cometidos durante el conflicto armado interno en ese pa\u00eds, ocurrido entre 1980 y 2000.<\/p>\n<p>Adem\u00e1s, la legislaci\u00f3n dispone la <strong>liberaci\u00f3n de los condenados<\/strong> por delitos cometidos en el marco del conflicto que sean mayores de 70 a\u00f1os.<\/p>\n<p>El Alto Comisionado de la ONU para los Derechos Humanos afirm\u00f3 este jueves que esa ley\u00a0transgrede los est\u00e1ndares internacionales y es un <strong>retroceso en la b\u00fasqueda de justicia<\/strong> por las violaciones graves a los derechos humanos cometidas durante el conflicto peruano.<\/p>\n<p>\u201cEstoy consternado por la promulgaci\u00f3n de esta ley de amnist\u00eda, que <strong>es una afrenta a las miles de v\u00edctimas que merecen verdad, justicia<\/strong>reparaciones y garant\u00edas de no repetici\u00f3n, no impunidad\u201d, declar\u00f3 Volker T\u00fcrk.<\/p>\n<p>Cientos de casos, tanto concluidos como en curso, podr\u00edan verse afectados por la nueva ley, a\u00f1adi\u00f3.<\/p>\n<p>T\u00fcrk record\u00f3 que las leyes internacionales, a las que est\u00e1 sujeto Per\u00fa, \u201c<strong>proh\u00edben claramente las amnist\u00edas<\/strong> y la prescripci\u00f3n de violaciones graves de los derechos humanos y del derecho internacional humanitario\u201d.<\/p>\n<h2>M\u00e1s de 70.000 muertos y 20.000 desaparecidos<\/h2>\n<p>Seg\u00fan expertos en derechos humanos, las\u00a0fuerzas de seguridad cometieron ejecuciones extrajudiciales, desapariciones forzadas, tortura, violencia sexual y otras atrocidades que <strong>constituyen cr\u00edmenes de guerra.<\/strong><\/p>\n<p>Adem\u00e1s, las cifras de la Comisi\u00f3n Naciones de Verdad y Reconciliaci\u00f3n indican que en los 20 a\u00f1os de conflicto <strong>murieron unas 70.000 personas, al menos el 30% de ellas a manos de agentes del Estado,<\/strong> y m\u00e1s de 20.000 desaparecieron.<\/p>\n<p>La Coordinadora Nacional de Derechos Humanos de Per\u00fa, por su parte, reporta que los tribunales peruanos han emitido sentencias en 150 casos y tienen pendientes m\u00e1s de 600.<\/p>\n<h2>\u201cEste retroceso debe revertirse\u201d<\/h2>\n<p>El Alto Comisionado de la ONU pugn\u00f3 por anular la ley: \u201cEste retroceso en la b\u00fasqueda de la justicia y la reconciliaci\u00f3n en Per\u00fa <strong>debe revertirse de inmediato<\/strong>\u201d, subray\u00f3.<\/p>\n<p>Para ganar su aprobaci\u00f3n, la ley de Amnist\u00eda obtuvo el respaldo del partido\u00a0Fuerza Popular, liderado la hija del expresidente Alberto Fujimori, detenido en 2005 y condenado en 2007 a 25 a\u00f1os de prisi\u00f3n por cr\u00edmenes contra los derechos humanos y delitos de corrupci\u00f3n cometidos durante su mandato, de1990 a 2000. Fujimori permaneci\u00f3 doce a\u00f1os en la c\u00e1rcel y fue indultado en 2017, pero la Corte Suprema revoc\u00f3 el indulto un a\u00f1o m\u00e1s tarde. Finalmente, fue liberado en diciembre de 2023 por el actual gobierno peruano.<\/p>\n<\/div>\n\n","protected":false},"excerpt":{"rendered":"<p>El 13 de agosto, la\u00a0presidenta de Per\u00fa, Dina Boluarte, promulg\u00f3 una ley que otorga amnist\u00eda a los miembros de las fuerzas de seguridad y de los comit\u00e9s de autodefensa por cr\u00edmenes graves contra los derechos humanos cometidos durante el conflicto armado interno en ese pa\u00eds, ocurrido entre 1980 y 2000. Adem\u00e1s, la legislaci\u00f3n dispone la &hellip;<\/p>\n","protected":false},"author":1,"featured_media":40478,"comment_status":"open","ping_status":"open","sticky":false,"template":"","format":"standard","meta":{"fifu_image_url":"https:\/\/global.unitednations.entermediadb.net\/assets\/mediadb\/services\/module\/asset\/downloads\/preset\/Libraries\/Production%20Library\/11-10-2019-LimaWB.jpg\/image770x420cropped.jpg","fifu_image_alt":"","footnotes":""},"categories":[3],"tags":[],"class_list":["post-40476","post","type-post","status-publish","format-standard","has-post-thumbnail","","category-negocio"],"_links":{"self":[{"href":"https:\/\/noticiasveraces.com\/index.php?rest_route=\/wp\/v2\/posts\/40476","targetHints":{"allow":["GET"]}}],"collection":[{"href":"https:\/\/noticiasveraces.com\/index.php?rest_route=\/wp\/v2\/posts"}],"about":[{"href":"https:\/\/noticiasveraces.com\/index.php?rest_route=\/wp\/v2\/types\/post"}],"author":[{"embeddable":true,"href":"https:\/\/noticiasveraces.com\/index.php?rest_route=\/wp\/v2\/users\/1"}],"replies":[{"embeddable":true,"href":"https:\/\/noticiasveraces.com\/index.php?rest_route=%2Fwp%2Fv2%2Fcomments&post=40476"}],"version-history":[{"count":0,"href":"https:\/\/noticiasveraces.com\/index.php?rest_route=\/wp\/v2\/posts\/40476\/revisions"}],"wp:featuredmedia":[{"embeddable":true,"href":"https:\/\/noticiasveraces.com\/index.php?rest_route=\/wp\/v2\/media\/40478"}],"wp:attachment":[{"href":"https:\/\/noticiasveraces.com\/index.php?rest_route=%2Fwp%2Fv2%2Fmedia&parent=40476"}],"wp:term":[{"taxonomy":"category","embeddable":true,"href":"https:\/\/noticiasveraces.com\/index.php?rest_route=%2Fwp%2Fv2%2Fcategories&post=40476"},{"taxonomy":"post_tag","embeddable":true,"href":"https:\/\/noticiasveraces.com\/index.php?rest_route=%2Fwp%2Fv2%2Ftags&post=40476"}],"curies":[{"name":"wp","href":"https:\/\/api.w.org\/{rel}","templated":true}]}}