{"id":40459,"date":"2025-08-15T10:36:12","date_gmt":"2025-08-15T14:36:12","guid":{"rendered":"https:\/\/noticiasveraces.com\/?p=40459"},"modified":"2025-08-15T10:36:12","modified_gmt":"2025-08-15T14:36:12","slug":"tras-reunion-trump-putin-debe-haber-un-alto-el-fuego-dw-15-08-2025","status":"publish","type":"post","link":"https:\/\/noticiasveraces.com\/?p=40459","title":{"rendered":"tras reuni\u00f3n Trump-Putin debe haber un alto el fuego \u2013 DW \u2013 15\/08\/2025"},"content":{"rendered":"<p> \n<\/p>\n<div data-tracking-name=\"rich-text\" data-tracking-skip=\"true\">\n<p>El canciller alem\u00e1n, Friedrich Merz, dijo este viernes (15.08.2025) antes de la reuni\u00f3n en Alaska entre los presidentes de Estados Unidos y Rusia, Donald Trump y Vlad\u00edmir Putin respectivamente, que la cita entre esos dos mandatarios debe tener como resultado un alto el fuego en el conflicto ruso-ucraniano.<\/p>\n<p>\u00abEn la cumbre se debe acordar un alto el fuego. Ucrania necesita garant\u00edas de seguridad s\u00f3lidas\u00bb, se\u00f1al\u00f3 Merz en hilo de seis mensajes publicados en su cuenta de X.<\/p>\n<p>\u00abEsperamos que el presidente Putin se tome en serio la oferta de di\u00e1logo del presidente Trump y, tras la reuni\u00f3n en Alaska, inicie negociaciones incondicionales con Ucrania\u00bb, abund\u00f3 Merz, para el que la reuni\u00f3n entre los presidentes de Estados Unidos y Rusia es una \u00aboportunidad para acordar un alto el fuego y el fin de las hostilidades\u00bb.<\/p>\n<p>El canciller alem\u00e1n tambi\u00e9n record\u00f3, en vista de que el presidente ucraniano, Volod\u00edmir Zelenski, no estar\u00e1 presente en Alaska, que \u00ablas cuestiones territoriales s\u00f3lo pueden decidirse con el acuerdo de los ucranianos\u00bb.<\/p>\n<p>Adem\u00e1s, Merz apunt\u00f3 que Trump \u00abpuede lograr un paso importante hacia la paz\u00bb en la guerra que comenz\u00f3 en febrero de 2022 con la invasi\u00f3n rusa de Ucrania.<\/p>\n<p>Seg\u00fan Merz, Trump \u00abmerece nuestro agradecimiento por esta iniciativa y por la estrecha coordinaci\u00f3n de los \u00faltimos d\u00edas\u00bb.<\/p>\n<p>\u00abEn nuestras \u00faltimas conversaciones, los socios europeos le aseguramos nuestro apoyo continuo a Ucrania. El presidente Trump puede contar con ello\u00bb, concluy\u00f3 el jefe del Gobierno alem\u00e1n.<\/p>\n<p>CT (EFE, DPA, ARD)<\/p>\n<\/p>\n<\/div>\n\n","protected":false},"excerpt":{"rendered":"<p>El canciller alem\u00e1n, Friedrich Merz, dijo este viernes (15.08.2025) antes de la reuni\u00f3n en Alaska entre los presidentes de Estados Unidos y Rusia, Donald Trump y Vlad\u00edmir Putin respectivamente, que la cita entre esos dos mandatarios debe tener como resultado un alto el fuego en el conflicto ruso-ucraniano. \u00abEn la cumbre se debe acordar un &hellip;<\/p>\n","protected":false},"author":1,"featured_media":40460,"comment_status":"open","ping_status":"open","sticky":false,"template":"","format":"standard","meta":{"fifu_image_url":"https:\/\/static.dw.com\/image\/73628413_6.jpg","fifu_image_alt":"","footnotes":""},"categories":[13],"tags":[],"class_list":["post-40459","post","type-post","status-publish","format-standard","has-post-thumbnail","","category-mundo"],"_links":{"self":[{"href":"https:\/\/noticiasveraces.com\/index.php?rest_route=\/wp\/v2\/posts\/40459","targetHints":{"allow":["GET"]}}],"collection":[{"href":"https:\/\/noticiasveraces.com\/index.php?rest_route=\/wp\/v2\/posts"}],"about":[{"href":"https:\/\/noticiasveraces.com\/index.php?rest_route=\/wp\/v2\/types\/post"}],"author":[{"embeddable":true,"href":"https:\/\/noticiasveraces.com\/index.php?rest_route=\/wp\/v2\/users\/1"}],"replies":[{"embeddable":true,"href":"https:\/\/noticiasveraces.com\/index.php?rest_route=%2Fwp%2Fv2%2Fcomments&post=40459"}],"version-history":[{"count":0,"href":"https:\/\/noticiasveraces.com\/index.php?rest_route=\/wp\/v2\/posts\/40459\/revisions"}],"wp:featuredmedia":[{"embeddable":true,"href":"https:\/\/noticiasveraces.com\/index.php?rest_route=\/wp\/v2\/media\/40460"}],"wp:attachment":[{"href":"https:\/\/noticiasveraces.com\/index.php?rest_route=%2Fwp%2Fv2%2Fmedia&parent=40459"}],"wp:term":[{"taxonomy":"category","embeddable":true,"href":"https:\/\/noticiasveraces.com\/index.php?rest_route=%2Fwp%2Fv2%2Fcategories&post=40459"},{"taxonomy":"post_tag","embeddable":true,"href":"https:\/\/noticiasveraces.com\/index.php?rest_route=%2Fwp%2Fv2%2Ftags&post=40459"}],"curies":[{"name":"wp","href":"https:\/\/api.w.org\/{rel}","templated":true}]}}