{"id":40437,"date":"2025-08-15T07:16:12","date_gmt":"2025-08-15T11:16:12","guid":{"rendered":"https:\/\/noticiasveraces.com\/?p=40437"},"modified":"2025-08-15T07:16:12","modified_gmt":"2025-08-15T11:16:12","slug":"berlin-condena-plan-israeli-en-colonias-de-cisjordania-dw-15-08-2025","status":"publish","type":"post","link":"https:\/\/noticiasveraces.com\/?p=40437","title":{"rendered":"Berl\u00edn condena plan israel\u00ed en colonias de Cisjordania \u2013 DW \u2013 15\/08\/2025"},"content":{"rendered":"<p> \n<\/p>\n<div data-tracking-name=\"rich-text\" data-tracking-skip=\"true\">\n<p>El Gobierno alem\u00e1n mostr\u00f3 su rechazo ante el proyecto israel\u00ed de crear miles de nuevas viviendas en colonias de Cisjordania, seg\u00fan un comunicado del Ministerio de Asuntos Exteriores germano emitido en la madrugada de este viernes (15.08.2025).<\/p>\n<p>\u00abEl Gobierno alem\u00e1n rechaza rotundamente los anuncios del Gobierno israel\u00ed sobre la aprobaci\u00f3n de miles de nuevas viviendas en los asentamientos israel\u00edes de Cisjordania\u00bb, manifest\u00f3 en un comunicado un portavoz del Ministerio de Asuntos Exteriores germano.<\/p>\n<p>Los planes del proyecto en el \u00abE1\u00bb y la ampliaci\u00f3n de Ma&#8217;ale Adumim \u00abrestringir\u00edan a\u00fan m\u00e1s la movilidad de la poblaci\u00f3n palestina en Cisjordania, dividir\u00edan de facto Cisjordania en dos mitades y aislar\u00edan Jerusal\u00e9n Este del resto de Cisjordania\u00bb, reproch\u00f3 en su comunicado el ministerio alem\u00e1n.<\/p>\n<p>El jueves, la Administraci\u00f3n Civil de Israel en Cisjordania dio luz verde a un plan de construcci\u00f3n en un enorme terreno al este de Jerusal\u00e9n, el \u00abE1\u00bb, que contribuir\u00e1 a aislar la ciudad de los territorios palestinos y favorecer\u00e1 la colonizaci\u00f3n.<\/p>\n<p>El portavoz del ministerio que dirige Johann Wadephul record\u00f3 que \u00abla construcci\u00f3n de asentamientos viola el derecho internacional y las resoluciones pertinentes del Consejo de Seguridad de las Naciones Unidas\u00bb, por lo que Berl\u00edn llam\u00f3 al Ejecutivo israel\u00ed a paralizar esos proyectos.<\/p>\n<p>\u00abEl Gobierno federal rechaza claramente cualquier plan de anexi\u00f3n por parte del Gobierno israel\u00ed\u00bb, concluy\u00f3 el comunicado del Ejecutivo alem\u00e1n.<\/p>\n<p>CT (Efe, Reuters)<\/p>\n<\/div>\n\n","protected":false},"excerpt":{"rendered":"<p>El Gobierno alem\u00e1n mostr\u00f3 su rechazo ante el proyecto israel\u00ed de crear miles de nuevas viviendas en colonias de Cisjordania, seg\u00fan un comunicado del Ministerio de Asuntos Exteriores germano emitido en la madrugada de este viernes (15.08.2025). \u00abEl Gobierno alem\u00e1n rechaza rotundamente los anuncios del Gobierno israel\u00ed sobre la aprobaci\u00f3n de miles de nuevas viviendas &hellip;<\/p>\n","protected":false},"author":1,"featured_media":40438,"comment_status":"open","ping_status":"open","sticky":false,"template":"","format":"standard","meta":{"fifu_image_url":"https:\/\/static.dw.com\/image\/73639651_6.jpg","fifu_image_alt":"","footnotes":""},"categories":[13],"tags":[],"class_list":["post-40437","post","type-post","status-publish","format-standard","has-post-thumbnail","","category-mundo"],"_links":{"self":[{"href":"https:\/\/noticiasveraces.com\/index.php?rest_route=\/wp\/v2\/posts\/40437","targetHints":{"allow":["GET"]}}],"collection":[{"href":"https:\/\/noticiasveraces.com\/index.php?rest_route=\/wp\/v2\/posts"}],"about":[{"href":"https:\/\/noticiasveraces.com\/index.php?rest_route=\/wp\/v2\/types\/post"}],"author":[{"embeddable":true,"href":"https:\/\/noticiasveraces.com\/index.php?rest_route=\/wp\/v2\/users\/1"}],"replies":[{"embeddable":true,"href":"https:\/\/noticiasveraces.com\/index.php?rest_route=%2Fwp%2Fv2%2Fcomments&post=40437"}],"version-history":[{"count":0,"href":"https:\/\/noticiasveraces.com\/index.php?rest_route=\/wp\/v2\/posts\/40437\/revisions"}],"wp:featuredmedia":[{"embeddable":true,"href":"https:\/\/noticiasveraces.com\/index.php?rest_route=\/wp\/v2\/media\/40438"}],"wp:attachment":[{"href":"https:\/\/noticiasveraces.com\/index.php?rest_route=%2Fwp%2Fv2%2Fmedia&parent=40437"}],"wp:term":[{"taxonomy":"category","embeddable":true,"href":"https:\/\/noticiasveraces.com\/index.php?rest_route=%2Fwp%2Fv2%2Fcategories&post=40437"},{"taxonomy":"post_tag","embeddable":true,"href":"https:\/\/noticiasveraces.com\/index.php?rest_route=%2Fwp%2Fv2%2Ftags&post=40437"}],"curies":[{"name":"wp","href":"https:\/\/api.w.org\/{rel}","templated":true}]}}