{"id":40408,"date":"2025-08-15T02:31:11","date_gmt":"2025-08-15T06:31:11","guid":{"rendered":"https:\/\/noticiasveraces.com\/?p=40408"},"modified":"2025-08-15T02:31:11","modified_gmt":"2025-08-15T06:31:11","slug":"a-luis-diaz-lo-extranan-en-liverpool-fc-emotiva-confesion-de-alexis-mac-allister-sobre-colombiano-curiosidades-de-futbol","status":"publish","type":"post","link":"https:\/\/noticiasveraces.com\/?p=40408","title":{"rendered":"A Luis D\u00edaz lo extra\u00f1an en Liverpool FC: emotiva confesi\u00f3n de Alexis Mac Allister sobre colombiano | Curiosidades de f\u00fatbol"},"content":{"rendered":"<p> \n<br \/><img decoding=\"async\" src=\"https:\/\/www.futbolred.com\/files\/article_graphic\/uploads\/2024\/10\/02\/66fdaee368187.jpeg\" \/><\/p>\n<div id=\"cuerpoArticulo\">\n<p class=\"texto intro\" id=\"p253485-m324-323-325\">Luis D\u00edaz se fue del Liverpool para jugar con otro grande de Europa, el Bayern M\u00fanich. De hecho, este fin de semana espera celebrar su primer t\u00edtulo en Alemania, pues jugar\u00e1 la Supercopa contra el Stuttgart.<\/p>\n<p>Sin embargo, el extremo colombiano es recordado con cari\u00f1o en el hist\u00f3rico equipo ingl\u00e9s, pues se gan\u00f3 el coraz\u00f3n de los aficionados y de antiguos compa\u00f1eros.<\/p>\n<p>Es as\u00ed que Alexis Mac Allister reconoci\u00f3 que extra\u00f1ar\u00e1 a Lucho, as\u00ed como a figuras suramericanas como Darwin N\u00fa\u00f1ez, o el entrenador de arqueros Claudio Andr\u00e9 Taffarel, recordado portero brasile\u00f1o.<\/p>\n<p class=\"texto contenido-parrafo-articulo\" id=\"p253485-m342-2-343\">\u201cMis compa\u00f1eros, tambi\u00e9n fueron incre\u00edbles. Siguieron haci\u00e9ndome sonre\u00edr en tiempos dif\u00edciles. Especialmente los sudamericanos: Lucho. Alisson. Darwin. Hasta Taffarel. \u00a1Qu\u00e9 leyenda! Tiene casi 60 a\u00f1os y no hay nadie m\u00e1s gracioso que \u00e9l\u201d, coment\u00f3 Mac Allister en una nota publicada en <i>&#8216;Los jugadores Tribune&#8217;<\/i>.<\/p>\n<p>El argentino record\u00f3 la relaci\u00f3n que llevaba especialmente con el colombiano D\u00edaz y el uruguayo N\u00fa\u00f1ez: \u201cComo buenos sudamericanos, muchas veces nos juntamos a hacer asados o a tomar unos mates. Y ah\u00ed empiezan los problemas porque Lucho y Darwin son como el yin y el yang: Lucho, el tranquilo, el que siempre se r\u00ede de todo; Darwin, la locura. Cu\u00e1ntas charlas habremos tenido para intentar bajar esa locura por momentos, \u00bfeh Darwin?\u201d.<\/p>\n<p>Finalmente, el \u201810\u2019 de Liverpool confes\u00f3 que la ausencia de Luis D\u00edaz y de N\u00fa\u00f1ez lo han llevado al llanto: \u201cPor otro lado, tengo que admitir que se me cae otra l\u00e1grima al pensar que Lucho, Darwin y Taffa no van a estar m\u00e1s con nosotros. Tantos mates, asados, copas de vino y momentos compartidos que se me vienen a la cabeza y que jam\u00e1s voy a olvidar. Los voy a extra\u00f1ar mucho y les deseo lo mejor en estos nuevos caminos que tomaron. No tengo dudas de que lo van a hacer muy bien porque tienen mucho talento\u201d.<\/p>\n<\/div>\n\n","protected":false},"excerpt":{"rendered":"<p>Luis D\u00edaz se fue del Liverpool para jugar con otro grande de Europa, el Bayern M\u00fanich. De hecho, este fin de semana espera celebrar su primer t\u00edtulo en Alemania, pues jugar\u00e1 la Supercopa contra el Stuttgart. Sin embargo, el extremo colombiano es recordado con cari\u00f1o en el hist\u00f3rico equipo ingl\u00e9s, pues se gan\u00f3 el coraz\u00f3n &hellip;<\/p>\n","protected":false},"author":1,"featured_media":40410,"comment_status":"open","ping_status":"open","sticky":false,"template":"","format":"standard","meta":{"fifu_image_url":"https:\/\/www.futbolred.com\/files\/og_thumbnail\/uploads\/2024\/10\/02\/66fdaee368187.jpeg","fifu_image_alt":"","footnotes":""},"categories":[6],"tags":[],"class_list":["post-40408","post","type-post","status-publish","format-standard","has-post-thumbnail","","category-deportes"],"_links":{"self":[{"href":"https:\/\/noticiasveraces.com\/index.php?rest_route=\/wp\/v2\/posts\/40408","targetHints":{"allow":["GET"]}}],"collection":[{"href":"https:\/\/noticiasveraces.com\/index.php?rest_route=\/wp\/v2\/posts"}],"about":[{"href":"https:\/\/noticiasveraces.com\/index.php?rest_route=\/wp\/v2\/types\/post"}],"author":[{"embeddable":true,"href":"https:\/\/noticiasveraces.com\/index.php?rest_route=\/wp\/v2\/users\/1"}],"replies":[{"embeddable":true,"href":"https:\/\/noticiasveraces.com\/index.php?rest_route=%2Fwp%2Fv2%2Fcomments&post=40408"}],"version-history":[{"count":0,"href":"https:\/\/noticiasveraces.com\/index.php?rest_route=\/wp\/v2\/posts\/40408\/revisions"}],"wp:featuredmedia":[{"embeddable":true,"href":"https:\/\/noticiasveraces.com\/index.php?rest_route=\/wp\/v2\/media\/40410"}],"wp:attachment":[{"href":"https:\/\/noticiasveraces.com\/index.php?rest_route=%2Fwp%2Fv2%2Fmedia&parent=40408"}],"wp:term":[{"taxonomy":"category","embeddable":true,"href":"https:\/\/noticiasveraces.com\/index.php?rest_route=%2Fwp%2Fv2%2Fcategories&post=40408"},{"taxonomy":"post_tag","embeddable":true,"href":"https:\/\/noticiasveraces.com\/index.php?rest_route=%2Fwp%2Fv2%2Ftags&post=40408"}],"curies":[{"name":"wp","href":"https:\/\/api.w.org\/{rel}","templated":true}]}}