{"id":40401,"date":"2025-08-15T00:26:11","date_gmt":"2025-08-15T04:26:11","guid":{"rendered":"https:\/\/noticiasveraces.com\/?p=40401"},"modified":"2025-08-15T00:26:11","modified_gmt":"2025-08-15T04:26:11","slug":"vizcarra-ingresa-a-carcel-de-barbadillo-acusado-de-cohecho-dw-15-08-2025","status":"publish","type":"post","link":"https:\/\/noticiasveraces.com\/?p=40401","title":{"rendered":"Vizcarra ingresa a c\u00e1rcel de Barbadillo acusado de cohecho \u2013 DW \u2013 15\/08\/2025"},"content":{"rendered":"<p> \n<\/p>\n<div data-tracking-name=\"rich-text\" data-tracking-skip=\"true\">\n<p>El expresidente de Per\u00fa Mart\u00edn Vizcarra (2018-2020) ingres\u00f3 este jueves (14.08.2025) a la c\u00e1rcel de Barbadillo, situada en el este de Lima, para cumplir con los cinco meses de prisi\u00f3n preventiva ordenada en su contra por presuntos sobornos cuando fue gobernador regional en Moquegua.<\/p>\n<p>En esa prisi\u00f3n, Vizcarra coincide con los tambi\u00e9n exmandatarios Alejandro Toledo, Ollanta Humala y Pedro Castillo, acusados tambi\u00e9n por diferentes delitos.<\/p>\n<p>Vizcarra fue conducido por la Polic\u00eda Judicial desde la carceleta del Poder Judicial, en la que pas\u00f3 la noche, hacia la sede del penal de Barbadillo, en el distrito lime\u00f1o de Ate, en una furgoneta fuertemente resguardada y seguida por medios de prensa.<\/p>\n<p>Minutos antes, el Instituto Nacional Penitenciario (Inpe) inform\u00f3 que el procesado Vizcarra hab\u00eda sido clasificado al establecimiento penitenciario Barbadillo, donde solo est\u00e1n recluidos los exmandatarios y que se garantiza el respeto de sus derechos fundamentales y el estricto cumplimiento del r\u00e9gimen penitenciario, conforme a ley.<\/p>\n<p>En los exteriores de la Corte Superior de Justicia de Lima, desde donde sali\u00f3 la furgoneta con Vizcarra, hubo varios simpatizantes que lanzaban arengas de apoyo al exmandatario y entre ellos se encontraba su hermano Mario Vizcarra, quien declar\u00f3 a la prensa que su familiar \u00abpronto estar\u00e1 en libertad\u00bb.<\/p>\n<p>\u00ab\u00c9l est\u00e1 tranquilo porque tiene la conciencia limpia\u00bb, expres\u00f3 su hermano.<\/p>\n<p>El mi\u00e9rcoles, el juez Jorge Ch\u00e1vez Tamariz dict\u00f3 prisi\u00f3n preventiva por cinco meses contra Vizcarra para evitar que rehuya a una eventual condena en el juicio por el delito de cohecho pasivo propio, a ra\u00edz de los presuntos sobornos recibidos cuando fue gobernador regional de Moquegua (2011-2014).<\/p>\n<p><span data-slot-id=\"Article_InContent-1\" class=\"rich-text-ad\"\/><\/p>\n<h2>Vizcarra denuncia contubernio pol\u00edtico<\/h2>\n<p>Tras la resoluci\u00f3n y cuando Vizcarra ya estaba detenido, su cuenta en la red social TikTok difundi\u00f3 un pregrabado video de dos minutos de duraci\u00f3n donde rechazaba su prisi\u00f3n preventiva.<\/p>\n<p>\u00abHola, si est\u00e1s viendo este video es porque han dictado detenci\u00f3n preventiva contra mi persona. Esto ya lo sab\u00eda hace dos d\u00edas, porque hab\u00eda una resoluci\u00f3n que incluso estaba firmada dando este resultado, porque esto no se trata ya de justicia, se trata de pol\u00edtica\u00bb, dijo el exmandatario.<\/p>\n<p>\u00abHay un pacto mafioso que est\u00e1 gobernando el Per\u00fa desde las sombras y est\u00e1 copando todas las instituciones y poderes del Estado y ahora lo demuestra meti\u00e9ndose al Poder Judicial\u00bb, indic\u00f3 Vizcarra, que seg\u00fan varias encuestas figuraba entre los primeros en intenci\u00f3n de voto para las elecciones de 2026, pese a tener una triple inhabilitaci\u00f3n impuesta por el Congreso (Parlamento).<\/p>\n<p>Record\u00f3 que fue destituido en 2020 de la Presidencia de la Rep\u00fablica por el Parlamento, y en los \u00faltimos a\u00f1os, precisamente el Congreso lo ha inhabilitado tres veces y lo ha \u00absacado\u00bb del partido Per\u00fa Primero que \u00e9l mismo fund\u00f3 y con el que lideraba las encuestas de intenci\u00f3n de voto.<\/p>\n<p>mg (efe, La Rep\u00fablica)<\/p>\n<\/p>\n<\/div>\n\n","protected":false},"excerpt":{"rendered":"<p>El expresidente de Per\u00fa Mart\u00edn Vizcarra (2018-2020) ingres\u00f3 este jueves (14.08.2025) a la c\u00e1rcel de Barbadillo, situada en el este de Lima, para cumplir con los cinco meses de prisi\u00f3n preventiva ordenada en su contra por presuntos sobornos cuando fue gobernador regional en Moquegua. En esa prisi\u00f3n, Vizcarra coincide con los tambi\u00e9n exmandatarios Alejandro Toledo, &hellip;<\/p>\n","protected":false},"author":1,"featured_media":40402,"comment_status":"open","ping_status":"open","sticky":false,"template":"","format":"standard","meta":{"fifu_image_url":"https:\/\/static.dw.com\/image\/73645704_6.jpg","fifu_image_alt":"","footnotes":""},"categories":[13],"tags":[],"class_list":["post-40401","post","type-post","status-publish","format-standard","has-post-thumbnail","","category-mundo"],"_links":{"self":[{"href":"https:\/\/noticiasveraces.com\/index.php?rest_route=\/wp\/v2\/posts\/40401","targetHints":{"allow":["GET"]}}],"collection":[{"href":"https:\/\/noticiasveraces.com\/index.php?rest_route=\/wp\/v2\/posts"}],"about":[{"href":"https:\/\/noticiasveraces.com\/index.php?rest_route=\/wp\/v2\/types\/post"}],"author":[{"embeddable":true,"href":"https:\/\/noticiasveraces.com\/index.php?rest_route=\/wp\/v2\/users\/1"}],"replies":[{"embeddable":true,"href":"https:\/\/noticiasveraces.com\/index.php?rest_route=%2Fwp%2Fv2%2Fcomments&post=40401"}],"version-history":[{"count":0,"href":"https:\/\/noticiasveraces.com\/index.php?rest_route=\/wp\/v2\/posts\/40401\/revisions"}],"wp:featuredmedia":[{"embeddable":true,"href":"https:\/\/noticiasveraces.com\/index.php?rest_route=\/wp\/v2\/media\/40402"}],"wp:attachment":[{"href":"https:\/\/noticiasveraces.com\/index.php?rest_route=%2Fwp%2Fv2%2Fmedia&parent=40401"}],"wp:term":[{"taxonomy":"category","embeddable":true,"href":"https:\/\/noticiasveraces.com\/index.php?rest_route=%2Fwp%2Fv2%2Fcategories&post=40401"},{"taxonomy":"post_tag","embeddable":true,"href":"https:\/\/noticiasveraces.com\/index.php?rest_route=%2Fwp%2Fv2%2Ftags&post=40401"}],"curies":[{"name":"wp","href":"https:\/\/api.w.org\/{rel}","templated":true}]}}