{"id":40397,"date":"2025-08-14T22:16:13","date_gmt":"2025-08-15T02:16:13","guid":{"rendered":"https:\/\/noticiasveraces.com\/?p=40397"},"modified":"2025-08-14T22:16:13","modified_gmt":"2025-08-15T02:16:13","slug":"serbia-vive-otra-jornada-de-protestas-masivas-antigobierno-dw-15-08-2025","status":"publish","type":"post","link":"https:\/\/noticiasveraces.com\/?p=40397","title":{"rendered":"Serbia vive otra jornada de protestas masivas antigobierno \u2013 DW \u2013 15\/08\/2025"},"content":{"rendered":"<p> \n<\/p>\n<div data-tracking-name=\"rich-text\" data-tracking-skip=\"true\">\n<p>Miles de manifestantes antigubernamentales volvieron a las calles de Serbia el jueves (14.08.2025) tras dos d\u00edas de enfrentamientos con partidarios del presidente autocr\u00e1tico Aleksandar Vucic y la polic\u00eda antidisturbios, que dejaron decenas de heridos y detenidos.<\/p>\n<p>La polic\u00eda lanz\u00f3 gases lacrim\u00f3genos en al menos dos ciudades y se registraron numerosos incidentes en todo el pa\u00eds.<\/p>\n<p>En la ciudad norte\u00f1a de Novi Sad, donde comenz\u00f3 la revuelta contra Vucic hace m\u00e1s de nueve meses, grupos de j\u00f3venes manifestantes demolieron las oficinas del gobernante Partido Progresista Serbio (SNS) en el centro de la ciudad.<\/p>\n<p>Los manifestantes rompieron las ventanas y se llevaron algunos documentos y muebles del interior.<\/p>\n<p>La polic\u00eda y los partidarios de Vucic, que hab\u00edan custodiado la oficina durante meses, no se encontraban por ninguna parte.<\/p>\n<p>Docenas de personas han resultado heridas en los choques nocturnos en varias ciudades entre manifestantes y polic\u00edas y simpatizantes de Vucic, seg\u00fan informaron varios medios locales.<\/p>\n<figure class=\"placeholder-image master_landscape big\"><img data-format=\"MASTER_LANDSCAPE\" data-id=\"73645933\" data-url=\"https:\/\/static.dw.com\/image\/73645933_${formatId}.jpg\" data-aspect-ratio=\"16\/9\" alt=\"Agentes de la gendarmer\u00eda serbia bloquean una calle durante una protesta contra el Gobierno cerca de la sede del Partido Progresista Serbio en Belgrado.\" style=\"padding-bottom: 56.25%; height: 0; max-height: 0;\"\/><figcaption class=\"img-caption\">Agentes de la gendarmer\u00eda serbia bloquean una calle durante una protesta contra el Gobierno cerca de la sede del Partido Progresista Serbio en Belgrado.<small class=\"copyright\">Imagen: Darko Vojinovic\/AP Photo\/Picture Alliance<\/small><\/figcaption><\/figure>\n<p>Las emisoras N1, Danas y Nova han emitido im\u00e1genes de agentes golpeando a manifestantes antigubernamentales y lanzando gases lacrim\u00f3genos contra ellos.<\/p>\n<h2>Vucic amenaza con \u00ablimpiar\u00bb ciudades de manifestantes<\/h2>\n<p>El gobernante, por su parte, ha afirmado que 16 polic\u00edas y 64 civiles sufrieron heridas a manos de los manifestantes, a los que calific\u00f3 de matones y asesinos, prometiendo \u00ablimpiar\u00bb de ellos a Belgrado, la capital del pa\u00eds, as\u00ed como la ciudad de Novi Sad para evitar, dijo, una \u00abguerra civil\u00bb, seg\u00fan inform\u00f3 el diario Blic, cercano al r\u00e9gimen nacionalista.<\/p>\n<p><span data-slot-id=\"Article_InContent-1\" class=\"rich-text-ad\"\/><\/p>\n<p>\u00abNo habr\u00e1 clemencia para los matones, gamberros, violentos y abusadores\u00bb, advirti\u00f3.<\/p>\n<p>La protesta estuvo convocada por los colectivos de universitarios debido a la violencia contra los manifestantes en la peque\u00f1a ciudad de Vrbas, en el norte del pa\u00eds, el d\u00eda anterior.<\/p>\n<p>Durante esa marcha, hombres enmascarados, algunos armados con palos, se enfrentaron con los manifestantes antigubernamentales frente a las oficinas del SNS, que domina la pol\u00edtica en Serbia desde hace m\u00e1s de diez a\u00f1os.<\/p>\n<p>La tensi\u00f3n tambi\u00e9n se vivi\u00f3 cerca del Parlamento de Serbia, adonde acudi\u00f3 el propio Vucic para saludar a sus partidarios que acampan en un parque cercano en una muestra de apoyo y lealtad.<\/p>\n<figure class=\"placeholder-image master_landscape big\"><img data-format=\"MASTER_LANDSCAPE\" data-id=\"73646075\" data-url=\"https:\/\/static.dw.com\/image\/73646075_${formatId}.jpg\" data-aspect-ratio=\"16\/9\" alt=\"La polic\u00eda antidisturbios serbia se enfrenta a manifestantes antigubernamentales en Belgrado.\" style=\"padding-bottom: 56.25%; height: 0; max-height: 0;\"\/><figcaption class=\"img-caption\">La polic\u00eda antidisturbios serbia se enfrenta a manifestantes antigubernamentales en Belgrado.<small class=\"copyright\">Imagen: Marko Djokovic\/AFP<\/small><\/figcaption><\/figure>\n<h2>Bengalas contra los manifestantes <\/h2>\n<p>En las calles de Novi Sad, la segunda ciudad del pa\u00eds, se escucharon detonaciones y los partidarios del SNS arrojaron bengalas y material pirot\u00e9cnico contra los manifestantes, informan distintos medios.<\/p>\n<p>Los disturbios en Novi Sad continuaron hasta altas horas de la noche, y se desconoce el n\u00famero de manifestantes heridos o detenidos.<\/p>\n<p>Un grupo de universitarios de la ciudad de Nis han publicado un video de la paliza que, aseguran, propinaron agentes de la Gendarmer\u00eda a un estudiante de Filosof\u00eda.<\/p>\n<p>La ola de protestas comenz\u00f3 tras el derrumbe el pasado 1 de noviembre de una marquesina en la estaci\u00f3n de trenes de Novi Sad, que acababa de ser remodelada, en el que murieron 16 personas.<\/p>\n<p>La inicial exigencia de responsabilidades y de transparencia sobre la adjudicaci\u00f3n y ejecuci\u00f3n de la obra, realizada por empresas chinas, se transform\u00f3 en una denuncia del autoritarismo del Gobierno, la exigencia de mejoras en el Estado de derecho y de la celebraci\u00f3n de elecciones anticipadas.<\/p>\n<p>JC (AP, EFE, AFP)<\/p>\n<\/p>\n<\/div>\n\n","protected":false},"excerpt":{"rendered":"<p>Miles de manifestantes antigubernamentales volvieron a las calles de Serbia el jueves (14.08.2025) tras dos d\u00edas de enfrentamientos con partidarios del presidente autocr\u00e1tico Aleksandar Vucic y la polic\u00eda antidisturbios, que dejaron decenas de heridos y detenidos. La polic\u00eda lanz\u00f3 gases lacrim\u00f3genos en al menos dos ciudades y se registraron numerosos incidentes en todo el pa\u00eds. &hellip;<\/p>\n","protected":false},"author":1,"featured_media":40398,"comment_status":"open","ping_status":"open","sticky":false,"template":"","format":"standard","meta":{"fifu_image_url":"https:\/\/static.dw.com\/image\/73645755_6.jpg","fifu_image_alt":"","footnotes":""},"categories":[13],"tags":[],"class_list":["post-40397","post","type-post","status-publish","format-standard","has-post-thumbnail","","category-mundo"],"_links":{"self":[{"href":"https:\/\/noticiasveraces.com\/index.php?rest_route=\/wp\/v2\/posts\/40397","targetHints":{"allow":["GET"]}}],"collection":[{"href":"https:\/\/noticiasveraces.com\/index.php?rest_route=\/wp\/v2\/posts"}],"about":[{"href":"https:\/\/noticiasveraces.com\/index.php?rest_route=\/wp\/v2\/types\/post"}],"author":[{"embeddable":true,"href":"https:\/\/noticiasveraces.com\/index.php?rest_route=\/wp\/v2\/users\/1"}],"replies":[{"embeddable":true,"href":"https:\/\/noticiasveraces.com\/index.php?rest_route=%2Fwp%2Fv2%2Fcomments&post=40397"}],"version-history":[{"count":0,"href":"https:\/\/noticiasveraces.com\/index.php?rest_route=\/wp\/v2\/posts\/40397\/revisions"}],"wp:featuredmedia":[{"embeddable":true,"href":"https:\/\/noticiasveraces.com\/index.php?rest_route=\/wp\/v2\/media\/40398"}],"wp:attachment":[{"href":"https:\/\/noticiasveraces.com\/index.php?rest_route=%2Fwp%2Fv2%2Fmedia&parent=40397"}],"wp:term":[{"taxonomy":"category","embeddable":true,"href":"https:\/\/noticiasveraces.com\/index.php?rest_route=%2Fwp%2Fv2%2Fcategories&post=40397"},{"taxonomy":"post_tag","embeddable":true,"href":"https:\/\/noticiasveraces.com\/index.php?rest_route=%2Fwp%2Fv2%2Ftags&post=40397"}],"curies":[{"name":"wp","href":"https:\/\/api.w.org\/{rel}","templated":true}]}}