{"id":40368,"date":"2025-08-14T19:31:12","date_gmt":"2025-08-14T23:31:12","guid":{"rendered":"https:\/\/noticiasveraces.com\/?p=40368"},"modified":"2025-08-14T19:31:12","modified_gmt":"2025-08-14T23:31:12","slug":"la-negociacion-del-tratado-contra-la-contaminacion-por-plastico-encalla-de-nuevo-en-los-limites-a-la-produccion-clima-y-medio-ambiente","status":"publish","type":"post","link":"https:\/\/noticiasveraces.com\/?p=40368","title":{"rendered":"La negociaci\u00f3n del tratado contra la contaminaci\u00f3n por pl\u00e1stico encalla de nuevo en los l\u00edmites a la producci\u00f3n | Clima y Medio Ambiente"},"content":{"rendered":"<p> \n<br \/><img decoding=\"async\" src=\"https:\/\/imagenes.elpais.com\/resizer\/v2\/X4E2WWCF7ZDIDFUYPQC5BYL3LU.jpg?auth=a6f823d3c1f07ccae1cdc118103ed6bad77e28965fdd84543072ccae447745f8\" \/><\/p>\n<div data-dtm-region=\"articulo_cuerpo\">\n<p class=\"\">Las negociaciones para lograr un tratado que frene la contaminaci\u00f3n por pl\u00e1sticos, un problema que afecta ya a cualquier rinc\u00f3n del planeta, deber\u00edan rematarse este jueves en la ciudad suiza de Ginebra, donde est\u00e1n reunidos los representantes de alrededor de 180 pa\u00edses. Pero de nuevo, las conversaciones sobre este pacto que se celebran bajo el auspicio del Programa de las Naciones Unidas para el Medio Ambiente (Pnuma), encallan en un asunto b\u00e1sico: si debe limitarse o no la producci\u00f3n de pl\u00e1stico virgen para frenar este problema. <\/p>\n<p class=\"\">Esta \u00faltima ronda de conversaciones, la que deber\u00eda ser la definitiva, comenz\u00f3 el 5 de agosto y deber\u00eda concluir este jueves. Pero durante todo el d\u00eda se ha ido retrasando el plenario de cierre por la falta de consenso y se han multiplicado las reuniones entre negociadores a puerta cerrada, con lo que no se descarta que sigan el viernes. <\/p>\n<p class=\"\">El mi\u00e9rcoles el presidente del comit\u00e9 encargado de liderar las negociaciones, el diplom\u00e1tico ecuatoriano Luis Vayas, present\u00f3 un borrador de acuerdo muy poco ambicioso \u2014seg\u00fan lamentaron muchos negociadores\u2014 que no inclu\u00eda ning\u00fan punto sobre la reducci\u00f3n de la producci\u00f3n de pl\u00e1sticos, algo que motiv\u00f3 un fuerte rechazo por un amplio grupo de pa\u00edses. Tampoco se incluyeron limitaciones para las sustancias qu\u00edmicas que se utilizan en los productos pl\u00e1sticos. \u201cAl eludir los l\u00edmites vinculantes a la producci\u00f3n, el borrador le da a la industria de los combustibles f\u00f3siles un salvavidas en pl\u00e1sticos a medida que el mundo se aleja del petr\u00f3leo y el gas\u201d, sostiene Sian Sutherland, cofundadora de la ONG A Plastic Planet.<\/p>\n<p class=\"\">Durante este jueves, tras las consultas con los pa\u00edses, se esperaba que la presidencia presentara un nuevo texto para luego convocar un plenario. Pero esa reuni\u00f3n y la difusi\u00f3n de ese documento se ha ido posponiendo. <\/p>\n<p class=\"\">Las negociaciones en Ginebra ya estaban en el tiempo de descuento. Porque el acuerdo sobre el nuevo tratado se deber\u00eda haber cerrado en diciembre del pasado a\u00f1o, en una reuni\u00f3n celebrada en Busan (Corea del Sur). Pero la conferencia se cerr\u00f3 sin acuerdo y se decidi\u00f3 conceder una pr\u00f3rroga, que es la que se ha desarrollado en la ciudad suiza durante este mes de agosto.<\/p>\n<p class=\"\">El mandato para la elaboraci\u00f3n de un tratado internacional para combatir la contaminaci\u00f3n por pl\u00e1sticos surgi\u00f3 de la reuni\u00f3n de la Asamblea de las Naciones Unidas para el Medio Ambiente (UNEA, sus siglas en ingl\u00e9s) celebrada en 2022 en Nairobi (Kenia). Los pa\u00edses acordaron entonces que se creara ese primer tratado internacional jur\u00eddicamente vinculante contra la contaminaci\u00f3n por pl\u00e1sticos, para lo que se conform\u00f3 un comit\u00e9 intergubernamental de negociaci\u00f3n al que se le inst\u00f3 a que a finales de 2024 tuviera listo el texto, algo que no ha logrado tras seis rondas de conversaciones. <\/p>\n<p class=\"\">Ya la negociaci\u00f3n de aquel mandato de la UNEA fue dura y estuvo precedida de a\u00f1os de trabajos. En 2022 ya se inclu\u00eda una referencia a la ra\u00edz del problema: la asamblea inst\u00f3 a que el futuro tratado fuera un \u201cinstrumento internacional jur\u00eddicamente vinculante\u201d que abordara el \u201cciclo de vida completo del pl\u00e1stico\u201d. <\/p>\n<p class=\"\">La referencia al ciclo de vida completo fue lo que m\u00e1s cost\u00f3 cerrar entonces porque abre la puerta a que no solo se pongan en marcha medidas contra la contaminaci\u00f3n ya generada, sino tambi\u00e9n a que se limite la producci\u00f3n de pl\u00e1stico virgen, algo que los cient\u00edficos y diferentes instituciones consideran b\u00e1sico. Tambi\u00e9n lo creen muchos de los pa\u00edses reunidos para la elaboraci\u00f3n del texto \u2014existe una coalici\u00f3n de alrededor de un centenar de naciones que abogan por un tratado ambicioso que incluya esos limites a la producci\u00f3n\u2014. <\/p>\n<p class=\"\">Pero enfrente se sit\u00faan los pa\u00edses productores de petr\u00f3leo \u2014el 98% de los pl\u00e1sticos provienen de combustibles f\u00f3siles\u2014 que aspiran a que el pacto solo se refiera a medidas relativas a la contaminaci\u00f3n y el reciclado, y que no ponga limitaciones a la producci\u00f3n. Arabia Saud\u00ed encabeza a ese grupo de pa\u00edses que est\u00e1n respaldado por el sector petrolero. De hecho, ese sector ve en el aumento de la fabricaci\u00f3n de pl\u00e1sticos una alternativa para compensar la reducci\u00f3n de sus ventas debido al avance en el mundo de la movilidad el\u00e9ctrica. De ah\u00ed que no quieran que el acuerdo pueda suponer l\u00edmites a la producci\u00f3n. <\/p>\n<p class=\"\">Pero si no se limita esa producci\u00f3n de alguna forma es complicado que se pueda frenar la plaga de la contaminaci\u00f3n por pl\u00e1stico. A eso apuntan diversos estudios, por ejemplo, de la OCDE. Esta organizaci\u00f3n explica que sin pol\u00edticas m\u00e1s s\u00f3lidas contra el pl\u00e1stico, se espera que la producci\u00f3n y el uso de pl\u00e1sticos aumenten un 70%, de 435 millones de toneladas en 2020 a 736 en 2040. Y el problema es que solo el 6% de los pl\u00e1sticos provendr\u00e1 de fuentes recicladas. Paralelamente, las fugas de pl\u00e1sticos mal gestionados al medio ambiente, incluyendo su liberaci\u00f3n en r\u00edos, oc\u00e9anos y tierra firme, aumentar\u00e1n un 50%, seg\u00fan la OCDE. Lo barato que resulta fabricar este material derivado del petr\u00f3leo es una de las razones por las que la tasa de reciclaje mundial es tan baja, lo que a su vez lleva a que los residuos pl\u00e1sticos acaben en vertederos, incinerados o contaminando el medio ambiente. <\/p>\n<p class=\"\">Al igual que un buen n\u00famero de pa\u00edses latinoamericanos, la Uni\u00f3n Europea en su conjunto, representada por la Comisi\u00f3n, ha sido uno de los bloques que ha rechazado la rebaja en la ambici\u00f3n que supone dejar fuera de un tratado sobre este tipo de contaminaci\u00f3n la limitaci\u00f3n de la producci\u00f3n de pl\u00e1stico. Y algunos de sus miembros, como Francia, se han mostrado muy activos. \u201cEl tratado global contra la contaminaci\u00f3n por pl\u00e1stico es nuestra oportunidad de marcar la diferencia\u201d, ha se\u00f1alado a trav\u00e9s de las redes sociales este jueves el presidente franc\u00e9s, Emmanuel Macron. \u201cPero la falta de ambici\u00f3n en el texto presentado ayer a las Naciones Unidas es inaceptable\u201d, ha a\u00f1adido. \u201cHago un llamamiento a todos los Estados presentes en Ginebra para que adopten un texto que est\u00e9 a la altura de la emergencia ambiental y sanitaria\u201d. <\/p>\n<p class=\"\">En la misma l\u00ednea, la vicepresidenta tercera y ministra para la Transici\u00f3n Ecol\u00f3gica de Espa\u00f1a, Sara Aagesen, ha recordado tambi\u00e9n a trav\u00e9s de las redes que \u201cla contaminaci\u00f3n por pl\u00e1sticos amenaza la biodiversidad, nuestra salud y la forma de vida de millones de personas en el mundo\u201d. Y ha instado a que se cierre \u201cun texto ambicioso, que abarque el ciclo completo de vida de los pl\u00e1sticos: desde la producci\u00f3n a la gesti\u00f3n de residuos\u201d.<\/p>\n<\/div>\n\n","protected":false},"excerpt":{"rendered":"<p>Las negociaciones para lograr un tratado que frene la contaminaci\u00f3n por pl\u00e1sticos, un problema que afecta ya a cualquier rinc\u00f3n del planeta, deber\u00edan rematarse este jueves en la ciudad suiza de Ginebra, donde est\u00e1n reunidos los representantes de alrededor de 180 pa\u00edses. Pero de nuevo, las conversaciones sobre este pacto que se celebran bajo el &hellip;<\/p>\n","protected":false},"author":1,"featured_media":40370,"comment_status":"open","ping_status":"open","sticky":false,"template":"","format":"standard","meta":{"fifu_image_url":"https:\/\/imagenes.elpais.com\/resizer\/v2\/X4E2WWCF7ZDIDFUYPQC5BYL3LU.jpg?auth=a6f823d3c1f07ccae1cdc118103ed6bad77e28965fdd84543072ccae447745f8&width=1200","fifu_image_alt":"","footnotes":""},"categories":[11],"tags":[],"class_list":["post-40368","post","type-post","status-publish","format-standard","has-post-thumbnail","","category-viaje"],"_links":{"self":[{"href":"https:\/\/noticiasveraces.com\/index.php?rest_route=\/wp\/v2\/posts\/40368","targetHints":{"allow":["GET"]}}],"collection":[{"href":"https:\/\/noticiasveraces.com\/index.php?rest_route=\/wp\/v2\/posts"}],"about":[{"href":"https:\/\/noticiasveraces.com\/index.php?rest_route=\/wp\/v2\/types\/post"}],"author":[{"embeddable":true,"href":"https:\/\/noticiasveraces.com\/index.php?rest_route=\/wp\/v2\/users\/1"}],"replies":[{"embeddable":true,"href":"https:\/\/noticiasveraces.com\/index.php?rest_route=%2Fwp%2Fv2%2Fcomments&post=40368"}],"version-history":[{"count":0,"href":"https:\/\/noticiasveraces.com\/index.php?rest_route=\/wp\/v2\/posts\/40368\/revisions"}],"wp:featuredmedia":[{"embeddable":true,"href":"https:\/\/noticiasveraces.com\/index.php?rest_route=\/wp\/v2\/media\/40370"}],"wp:attachment":[{"href":"https:\/\/noticiasveraces.com\/index.php?rest_route=%2Fwp%2Fv2%2Fmedia&parent=40368"}],"wp:term":[{"taxonomy":"category","embeddable":true,"href":"https:\/\/noticiasveraces.com\/index.php?rest_route=%2Fwp%2Fv2%2Fcategories&post=40368"},{"taxonomy":"post_tag","embeddable":true,"href":"https:\/\/noticiasveraces.com\/index.php?rest_route=%2Fwp%2Fv2%2Ftags&post=40368"}],"curies":[{"name":"wp","href":"https:\/\/api.w.org\/{rel}","templated":true}]}}