{"id":40357,"date":"2025-08-14T15:36:13","date_gmt":"2025-08-14T19:36:13","guid":{"rendered":"https:\/\/noticiasveraces.com\/?p=40357"},"modified":"2025-08-14T15:36:13","modified_gmt":"2025-08-14T19:36:13","slug":"sufrimiento-en-afganistan-dw-14-08-2025","status":"publish","type":"post","link":"https:\/\/noticiasveraces.com\/?p=40357","title":{"rendered":"sufrimiento en Afganist\u00e1n \u2013 DW \u2013 14\/08\/2025"},"content":{"rendered":"<p> \n<\/p>\n<div data-tracking-name=\"rich-text\" data-tracking-skip=\"true\">\n<p>En agosto de 2021, la toma de control de Afganist\u00e1n\u00a0por el r\u00e9gimen de los talibanesparec\u00eda ser algo temporal. Los observadores cre\u00edan que el pa\u00eds quedar\u00eda\u00a0aislado internacionalmente bajo el liderazgo de una organizaci\u00f3n terrorista\u00a0islamista\u00a0radical. Cuatro a\u00f1os despu\u00e9s, se ha demostrado que estaban equivocados.<\/p>\n<p>Los talibanes est\u00e1n firmemente anclados en el poder, tan firmemente, que, entretanto, varios Gobiernos europeos, entre ellos, tambi\u00e9n Alemania, normalizaron gradualmente sus relaciones con el Gobierno de facto en Kabul\u00a0y lo aceptaron como socio negociador.<\/p>\n<p>Rusia\u00a0fue el primer Estado en reconocer al Gobierno talib\u00e1n, a principios de julio, asumiendo as\u00ed el rol de Estados Unidos, que retir\u00f3 sus tropas de all\u00ed, comenta a DW Sardar Rahimi, investigador de relaciones internacionales en la Universidad Inalco, de Par\u00eds.<\/p>\n<figure class=\"placeholder-image master_landscape big\"><img data-format=\"MASTER_LANDSCAPE\" data-id=\"73155261\" data-url=\"https:\/\/static.dw.com\/image\/73155261_${formatId}.jpg\" data-aspect-ratio=\"16\/9\" alt=\"La bandera talibana ondea en el edificio de la embajada afgana en Mosc\u00fa.\" style=\"padding-bottom: 56.25%; height: 0; max-height: 0;\"\/><figcaption class=\"img-caption\">La bandera talib\u00e1n ondea ahora en el edificio de la embajada afgana en Mosc\u00fa.<small class=\"copyright\">Imagen: Alexander Nemenov\/AFP<\/small><\/figcaption><\/figure>\n<p>China sostiene relaciones econ\u00f3micas y diplom\u00e1ticas con el Gobierno talib\u00e1n, pero no lo ha reconocido oficialmente. El gigante\u00a0asi\u00e1tico\u00a0necesita a Afganist\u00e1n para su proyecto de infraestructura global, la Iniciativa de la Ruta de la Seda, por las valiosas exportaciones de materias primas afganas.<\/p>\n<p><span data-slot-id=\"Article_InContent-1\" class=\"rich-text-ad\"\/><\/p>\n<h2>Alemania y las deportaciones de refugiados a Afganist\u00e1n<\/h2>\n<p>Desde que los talibanes tomaron el poder, Alemania\u00a0ha organizado dos vuelos de deportaci\u00f3n a Afganist\u00e1n. Un total de 109 ciudadanos afganos fueron devueltos a su pa\u00eds de origen, incluidos 56\u00a0convictos. Organizaciones de derechos humanos como Pro Asyl describieron los vuelos de deportaci\u00f3n como una \u00abflagrante violaci\u00f3n del derecho internacional\u00bb.<\/p>\n<p>Para poder deportar a afganos, el Gobierno talib\u00e1n debe confirmar primero su nacionalidad, por regla, extendi\u00e9ndoles un pasaporte o un certificado adecuado, para que puedan ingresar al pa\u00eds.<\/p>\n<p>Occidente debe tener en cuenta que los talibanes controlan la vida p\u00fablica en Afganist\u00e1n en todos los aspectos, dice Rahimi, \u00abesta es tambi\u00e9n la base sobre la que se asientan las relaciones de otros pa\u00edses con el r\u00e9gimen talib\u00e1n\u201d. Para los talibanes, el mero hecho de que Occidente solicite conversaciones es un gran \u00e9xito.<\/p>\n<p>\u00abEl Gobierno alem\u00e1n debe dialogar con muchos gobiernos y reg\u00edmenes cuyas opiniones y acciones no aprobamos. Sin embargo, nuestros intereses a veces nos exigen mantener alg\u00fan tipo de contacto. Cualquier otra cosa ser\u00eda negar la realidad\u201d, declar\u00f3 el ministro alem\u00e1n de Exteriores, Johannes Wadephul, en julio, a <em>Red editorial Alemania<\/em>.<\/p>\n<figure class=\"placeholder-image master_landscape big\"><img data-format=\"MASTER_LANDSCAPE\" data-id=\"73365278\" data-url=\"https:\/\/static.dw.com\/image\/73365278_${formatId}.jpg\" data-aspect-ratio=\"16\/9\" alt=\"Un avi\u00f3n de un vuelo de deportaci\u00f3n de Alemania a Afganist\u00e1n, el 18 de julio de 2025, en el aeropuerto de Leipzig\/Halle.\" style=\"padding-bottom: 56.25%; height: 0; max-height: 0;\"\/><figcaption class=\"img-caption\">Vuelo de deportaci\u00f3n de Alemania a Afganist\u00e1n, el 18 de julio de 2025.<small class=\"copyright\">Imagen: EHL Media\/IMAGO<\/small><\/figcaption><\/figure>\n<h2>Desastrosa situaci\u00f3n de derechos humanos<\/h2>\n<p>Seg\u00fan ACNUR, solo en 2025 la cifra de personas retornadas de Pakist\u00e1n e Ir\u00e1n a Afganist\u00e1n aument\u00f3 desde comienzos de agosto a m\u00e1s de 2,1 millones. Otros 1,3 millones de personas podr\u00edan ser deportadas en septiembre, a pesar de contar con una estad\u00eda legal. <\/p>\n<p>Esta cat\u00e1strofe humanitaria beneficia a los talibanes, que aprovechan la mayor crisis del pa\u00eds para asegurarse el m\u00e1ximo control posible.\u00a0Grupos activistas independientes coinciden en que los gobernantes islamistas suprimen sistem\u00e1ticamente los derechos humanos y civiles.<\/p>\n<p>Seg\u00fan Shukria Barakzai, exdiplom\u00e1tica afgana, los derechos de las mujeres, en particular, siguen siendo objeto de abusos. \u00abLos talibanes explotan pol\u00edticamente a las mujeres para sus propios fines. Aumentan la presi\u00f3n sobre ellas mediante nuevas restricciones para legitimar su r\u00e9gimen\u201d.<\/p>\n<p>Las mujeres est\u00e1n completamente excluidas de la vida p\u00fablica. 1,4 millones de ni\u00f1as mayores de doce a\u00f1os ya no pueden asistir al colegio.\u00a0Las escuelas secundarias y las universidades tambi\u00e9n est\u00e1n prohibidas para las mujeres. Organizaciones de derechos humanos documentan la violencia de g\u00e9nero contra mujeres y ni\u00f1as en todo el pa\u00eds.<\/p>\n<p>Por otro lado, opositores y periodistas temen la persecuci\u00f3n radical por parte del movimiento islamista. Seg\u00fan Reporteros Sin Fronteras (RSF), al menos doce medios de comunicaci\u00f3n fueron cerrados en 2024.\u00a0Afganist\u00e1n ocupa el puesto 175 de 180 en el \u00edndice mundial de libertad de prensa.<\/p>\n<div class=\"vjs-wrapper embed big\">\n<h2 aria-label=\"Video integrado \u2014 Alemania frena la esperanza de los refugiados afganos\" class=\"headline\"><svg xmlns=\"http:\/\/www.w3.org\/2000\/svg\" viewbox=\"0 0 20 20\"><g fill-rule=\"evenodd\"><path d=\"M14.114 7.599H13.5l.002 4.706h.601l4.582 3.25-.005-11.11zM11.084 4.444l-9.007.002-1.336.797.002 9.514 1.334.793 9.007.006 1.509-.799-.004-9.516z\"\/><\/g><\/svg>Alemania frena la esperanza de los refugiados afganos<\/h2>\n<p><video id=\"video-72391319\" controls=\"\" playsinline=\"\" preload=\"none\" poster=\"data:image\/png;base64,iVBORw0KGgoAAAANSUhEUgAAAAEAAAABCAQAAAC1HAwCAAAAC0lEQVR42mNkYAAAAAYAAjCB0C8AAAAASUVORK5CYII=\" data-id=\"72391319\" data-posterurl=\"https:\/\/static.dw.com\/image\/72349053_605.webp\" data-duration=\"02:52\"><source src=\"https:\/\/hlsvod.dw.com\/i\/dwtv_video\/flv\/js\/js20250429_FLIGHTS_,AVC_480x270,AVC_512x288,AVC_640x360,AVC_960x540,AVC_1280x720,AVC_1920x1080,.mp4.csmil\/master.m3u8\" type=\"application\/x-mpegURL\"><source src=\"https:\/\/tvdownloaddw-a.akamaihd.net\/dwtv_video\/flv\/js\/js20250429_FLIGHTS_AVC_1920x1080.mp4\" type=\"video\/mp4\"><track src=\"https:\/\/www.dw.com\/media\/subtitles\/72573253\" srclang=\"es\" label=\"SPANISH\" default=\"\"><p class=\"vjs-no-js\">Para ver este video, habilite JavaScript y considere actualizar a un navegador web que admite el video HTML5<\/p>\n<\/track><\/source><\/source><\/video><\/div>\n<h2>Cat\u00e1strofe humanitaria en Afganist\u00e1n<\/h2>\n<p>La situaci\u00f3n humanitaria en el pa\u00eds sigue siendo catastr\u00f3fica tambi\u00e9n despu\u00e9s de cuatro a\u00f1os de la toma del poder por los talibanes. Seg\u00fan datos de la Comisi\u00f3n Europea, actualmente 22,9 millones de personas en Afganist\u00e1n dependen de la ayuda internacional, la mitad de la poblaci\u00f3n.<\/p>\n<p>El Programa Mundial de Alimentos (PMA) de Naciones Unidas asegura\u00a0que, desde\u00a0principios de agosto de 2025, uno de cada cuatro afganos sufre de inseguridad alimentaria, en total, diez millones de personas. Y uno de cada tres ni\u00f1os en Afganist\u00e1n est\u00e1 desnutrido. Esa crisis se agudiz\u00f3 desde que Estados Unidos disolvi\u00f3 la agencia de cooperaci\u00f3n al desarrollo USAID. Tres millones de personas perdieron acceso a la atenci\u00f3n m\u00e9dica. Se cerraron 420 hospitales.<\/p>\n<p>Desde 2021, Alemania ha destinado un total de 551 millones de euros en ayuda al desarrollo para garantizar los servicios b\u00e1sicos en Afganist\u00e1n. Los talibanes no tienen influencia en los proyectos financiados por los contribuyentes alemanes, seg\u00fan el Ministerio alem\u00e1n de Cooperaci\u00f3n Econ\u00f3mica y Desarrollo (BMZ). Esos\u00a0fondos se destinaron al Banco Mundial, instituciones de la ONU y organizaciones sin fines de lucro.<\/p>\n<p>Lo que s\u00ed ha hecho el nuevo Gobierno alem\u00e1n ha sido parar\u00a0el \u00abprograma de admisi\u00f3n\u00bb para Afganist\u00e1n, que permitir\u00eda viajar a Alemania a personas que, por ejemplo, trabajaron para Alemania en Afganist\u00e1n antes de 2021.<\/p>\n<p>(CP\/MS) <\/p>\n<\/p>\n<\/div>\n\n","protected":false},"excerpt":{"rendered":"<p>En agosto de 2021, la toma de control de Afganist\u00e1n\u00a0por el r\u00e9gimen de los talibanesparec\u00eda ser algo temporal. Los observadores cre\u00edan que el pa\u00eds quedar\u00eda\u00a0aislado internacionalmente bajo el liderazgo de una organizaci\u00f3n terrorista\u00a0islamista\u00a0radical. Cuatro a\u00f1os despu\u00e9s, se ha demostrado que estaban equivocados. Los talibanes est\u00e1n firmemente anclados en el poder, tan firmemente, que, entretanto, varios &hellip;<\/p>\n","protected":false},"author":1,"featured_media":40358,"comment_status":"open","ping_status":"open","sticky":false,"template":"","format":"standard","meta":{"fifu_image_url":"https:\/\/static.dw.com\/image\/58873865_6.jpg","fifu_image_alt":"","footnotes":""},"categories":[13],"tags":[],"class_list":["post-40357","post","type-post","status-publish","format-standard","has-post-thumbnail","","category-mundo"],"_links":{"self":[{"href":"https:\/\/noticiasveraces.com\/index.php?rest_route=\/wp\/v2\/posts\/40357","targetHints":{"allow":["GET"]}}],"collection":[{"href":"https:\/\/noticiasveraces.com\/index.php?rest_route=\/wp\/v2\/posts"}],"about":[{"href":"https:\/\/noticiasveraces.com\/index.php?rest_route=\/wp\/v2\/types\/post"}],"author":[{"embeddable":true,"href":"https:\/\/noticiasveraces.com\/index.php?rest_route=\/wp\/v2\/users\/1"}],"replies":[{"embeddable":true,"href":"https:\/\/noticiasveraces.com\/index.php?rest_route=%2Fwp%2Fv2%2Fcomments&post=40357"}],"version-history":[{"count":0,"href":"https:\/\/noticiasveraces.com\/index.php?rest_route=\/wp\/v2\/posts\/40357\/revisions"}],"wp:featuredmedia":[{"embeddable":true,"href":"https:\/\/noticiasveraces.com\/index.php?rest_route=\/wp\/v2\/media\/40358"}],"wp:attachment":[{"href":"https:\/\/noticiasveraces.com\/index.php?rest_route=%2Fwp%2Fv2%2Fmedia&parent=40357"}],"wp:term":[{"taxonomy":"category","embeddable":true,"href":"https:\/\/noticiasveraces.com\/index.php?rest_route=%2Fwp%2Fv2%2Fcategories&post=40357"},{"taxonomy":"post_tag","embeddable":true,"href":"https:\/\/noticiasveraces.com\/index.php?rest_route=%2Fwp%2Fv2%2Ftags&post=40357"}],"curies":[{"name":"wp","href":"https:\/\/api.w.org\/{rel}","templated":true}]}}