{"id":40340,"date":"2025-08-14T12:11:13","date_gmt":"2025-08-14T16:11:13","guid":{"rendered":"https:\/\/noticiasveraces.com\/?p=40340"},"modified":"2025-08-14T12:11:13","modified_gmt":"2025-08-14T16:11:13","slug":"japon-no-quiere-disculparse-eternamente-dw-14-08-2025","status":"publish","type":"post","link":"https:\/\/noticiasveraces.com\/?p=40340","title":{"rendered":"Jap\u00f3n no quiere disculparse eternamente \u2013 DW \u2013 14\/08\/2025"},"content":{"rendered":"<p> \n<\/p>\n<div data-tracking-name=\"rich-text\" data-tracking-skip=\"true\">\n<p>Jap\u00f3n conmemora el\u00a080.\u00ba aniversario del fin de la Segunda Guerra Mundial en Asia, el\u00a0viernes 15 de agosto de 2025, pero el pa\u00eds desiste de dar una declaraci\u00f3n oficial al respecto. El 15 de agosto de 1945, el emperador Hirohito anunci\u00f3 la capitulaci\u00f3n de Jap\u00f3n\u00a0en la radio.<\/p>\n<p>El primer ministro de Jap\u00f3n, Shigeru Ishiba, no pronunciar\u00e1 una declaraci\u00f3n personal en este aniversario, aunque\u00a0probablemente lo haga m\u00e1s tarde. El jefe de Gobierno rompe as\u00ed con la pr\u00e1ctica, iniciada en 1995, por la cual el Gabinete emite una declaraci\u00f3n cada diez a\u00f1os. En 1995, Tomiichi Murayama se convirti\u00f3 en el primer premier japon\u00e9s en \u00abdisculparse sinceramente por el dominio colonial y la agresi\u00f3n\u00bb, y expresar su \u00abprofundo arrepentimiento\u00bb.<\/p>\n<figure class=\"placeholder-image master_landscape big\"><img data-format=\"MASTER_LANDSCAPE\" data-id=\"61087051\" data-url=\"https:\/\/static.dw.com\/image\/61087051_${formatId}.jpeg\" data-aspect-ratio=\"16\/9\" alt=\"Bombas at\u00f3micas sobre Hiroshima y Nagasaki, lanzadas por EE. UU. el 15 de agosto de 1945. Jap\u00f3n declar\u00f3 su rendici\u00f3n y as\u00ed finaliz\u00f3 la II Guerra Mundial.\" style=\"padding-bottom: 56.25%; height: 0; max-height: 0;\"\/><figcaption class=\"img-caption\">El 6 y el 9 de agosto de 1945, Estados Unidos lanz\u00f3 dos bombas at\u00f3micas sobre Jap\u00f3n. El 15 de agosto de 1945, Jap\u00f3n declar\u00f3 su rendici\u00f3n y as\u00ed finaliz\u00f3 la II Guerra Mundial.<small class=\"copyright\">Imagen: WHA\/United Archives International\/Imelo<\/small><\/figcaption><\/figure>\n<h2>Alejamiento del pacifismo<\/h2>\n<p>La decisi\u00f3n de Ishiba tambi\u00e9n sorprende porque Jap\u00f3n est\u00e1 reconfigurando\u00a0su pol\u00edtica de seguridad y defensa, y su Gabinete podr\u00eda haberse referido a ello con motivo del\u00a080.\u00ba Aniversario. Despu\u00e9s de todo, el pa\u00eds insular se ha despedido de facto de su pol\u00edtica pacifista, que implement\u00f3 como resultado de la lecci\u00f3n sacada de la Segunda Guerra Mundial.<\/p>\n<p>Los gastos del pa\u00eds nip\u00f3n en defensa aumentar\u00e1n a un dos por ciento del rendimiento econ\u00f3mico hasta 2027. Detr\u00e1s de Estados Unidos, China\u00a0y Alemania, Jap\u00f3n es la cuarta mayor econom\u00eda del mundo. Tokio tambi\u00e9n flexibiliz\u00f3 su prohibici\u00f3n autoimpuesta de exportaci\u00f3n de armas. A principios de agosto, la japonesa Mitsubishi Heavy Industries consigui\u00f3 su primer contrato importante de armas desde la guerra, superando a la alemana Thyssenkrupp Marine Systems. La empresa est\u00e1 construyendo once fragatas para la Armada australiana por el equivalente a 5600 millones de euros.<\/p>\n<figure class=\"placeholder-image master_landscape big\"><img data-format=\"MASTER_LANDSCAPE\" data-id=\"64212538\" data-url=\"https:\/\/static.dw.com\/image\/64212538_${formatId}.jpg\" data-aspect-ratio=\"16\/9\" alt=\"Las llamadas Fuerzas de Autodefensa de Jap\u00f3n.\" style=\"padding-bottom: 56.25%; height: 0; max-height: 0;\"\/><figcaption class=\"img-caption\">En la imagen, las llamadas Fuerzas de Autodefensa de Jap\u00f3n, f\u00f3rmula que pretende evitar t\u00e9rminos como \u00abej\u00e9rcito\u00bb y \u00abmilitar\u00bb.<small class=\"copyright\">Imagen: Kazuhiro Nogi\/AFP<\/small><\/figcaption><\/figure>\n<p>Con su silencio, el premier Ishiba, de 68 a\u00f1os, contempla los intereses del ala conservadora del Partido Liberal Democr\u00e1tico (PLD) gobernante, para no comprometer su posici\u00f3n como l\u00edder del gobierno y del partido tras perder las elecciones a la c\u00e1mara alta\u00a0en julio. La derecha del PLD cree que Jap\u00f3n, con la declaraci\u00f3n del entonces primer ministro Shinzo Abe, en 2015, ha\u00a0dicho todo lo necesario sobre el fin de\u00a0la guerra.<\/p>\n<p>En el 70.\u00ba Aniversario, Abe reiter\u00f3 las disculpas de sus predecesores, Tomiichi Murayama (1995) y Junichiro Koizumi (2005), pero rechaz\u00f3 nuevas disculpas. \u00abNo podemos permitir que nuestros hijos, nietos e incluso las futuras generaciones, que no tuvieron nada que ver con esta guerra, se vean obligados a disculparse continuamente\u201d, declar\u00f3 Abe.<\/p>\n<h2>Una \u00abevasi\u00f3n de la responsabilidad\u201d<\/h2>\n<p>El historiador alem\u00e1n Torsten Weber, del Instituto Alem\u00e1n de Estudios Japoneses en Tokio, reconoce en esta afirmaci\u00f3n una mentalidad de \u00abpasar p\u00e1gina\u00bb. \u00abDesde una perspectiva alemana, parece una evasi\u00f3n de la responsabilidad o incluso una negaci\u00f3n de la culpa, pero, en el contexto de Asia Oriental, esta actitud es totalmente comprensible\u00bb, afirma Weber en entrevista con Deutsche Welle.<\/p>\n<p>Muchos japoneses se consideran v\u00edctimas de cr\u00edticas excesivas por parte de China y Corea del Sur, porque estos pa\u00edses \u00abinstrumentalizaron su historia de forma nacionalista y antijaponesa\u00bb. Un an\u00e1lisis m\u00e1s profundo de las causas de la guerra y sus propios cr\u00edmenes en\u00a0el conflicto\u00a0tambi\u00e9n conducir\u00eda a un an\u00e1lisis cr\u00edtico del papel del emperador y la familia imperial durante la contienda. Esto ser\u00eda un tab\u00fa para el p\u00fablico general en Jap\u00f3n, cree Weber.<\/p>\n<h2>Lucha ideol\u00f3gica por libros escolares<\/h2>\n<p>Luego de la disculpa de Murayama, en 1995, grupos ultraconservadores de extrema derecha como NIppon Kaigi y la Sociedad Japonesa por la Reforma de Libros de Texto de Historia, trabajan para transmitir a los j\u00f3venes una visi\u00f3n revisionista de la Segunda Guerra Mundial.<\/p>\n<p>Como resultado, el Ministerio de Educaci\u00f3n de Tokio aprob\u00f3 m\u00e1s libros de texto con este contenido. Presentan a Jap\u00f3n como una v\u00edctima que tuvo que defenderse de la agresi\u00f3n extranjera y encubrir u ocultar sus propios cr\u00edmenes de guerra. A trav\u00e9s de la \u00abeducaci\u00f3n moral\u00bb, que se convirti\u00f3 en una asignatura v\u00e1lida en 2018, estas representaciones tambi\u00e9n llegan a los ni\u00f1os de primaria y secundaria.<\/p>\n<figure class=\"placeholder-image master_landscape big\"><img data-format=\"MASTER_LANDSCAPE\" data-id=\"56955818\" data-url=\"https:\/\/static.dw.com\/image\/56955818_${formatId}.jpg\" data-aspect-ratio=\"16\/9\" alt=\"Fotograf\u00eda sin fecha donde soldados estadounidenses caminan entre escombros y cad\u00e1veres, en la isla japonesa de Okinawa en 1945.\" style=\"padding-bottom: 56.25%; height: 0; max-height: 0;\"\/><figcaption class=\"img-caption\">Fotograf\u00eda sin fecha que muestra a soldados estadounidenses en la isla japonesa de Okinawa en 1945.<small class=\"copyright\">Imagen: AP Photo\/Picture Alliance <\/small><\/figcaption><\/figure>\n<p>Hace dos a\u00f1os, algunas editoriales modificaron sus libros de texto sobre la Batalla de Okinawa. En aquel entonces, soldados estadounidenses marcharon sobre la isla de Okinawa, al sur de Jap\u00f3n, en abril de 1945. La isla se consideraba la \u00faltima l\u00ednea de defensa de Jap\u00f3n. Los libros de texto describen la batalla diciendo que civiles japoneses se suicidaron en masa al verse \u00abacorralados por los ataques militares estadounidenses\u00bb.<\/p>\n<p>Los pasajes del texto ya no mencionan el papel de las Fuerzas Armadas japonesas, ni el hecho de que el propio Ej\u00e9rcito japon\u00e9s presion\u00f3 a civiles japoneses para que se suicidaran y los utiliz\u00f3 como escudos humanos. A pesar de esas influencias ultraconservadoras de extrema derecha, la mayor\u00eda de los libros de texto que se utilizan en Jap\u00f3n a\u00fan presentan la Segunda Guerra Mundial de forma relativamente neutral.<\/p>\n<p><span data-slot-id=\"Article_InContent-1\" class=\"rich-text-ad\"\/><\/p>\n<h2>Peri\u00f3dico liberal critica a Ishiba<\/h2>\n<p>El primer ministro Ishiba se mostr\u00f3 anteriormente estar a favor de un debate sobre pasado b\u00e9lico de Jap\u00f3n. Tras asumir el cargo, en 2024, declar\u00f3 a sus allegados que el 80.\u00ba aniversario ser\u00eda \u00abel \u00faltimo gran hito, mientras haya personas vivas que hayan vivido la guerra\u00bb.<\/p>\n<p>En este contexto, el peri\u00f3dico liberal <em>Asahi<\/em> lo critic\u00f3 por guardar silencio sobre la hist\u00f3rica fecha por temor a un movimiento anti-Ishiba dentro del PLD. \u00abCon Murayama, Jap\u00f3n ten\u00eda un primer ministro dispuesto a arriesgar su cargo para hacer semejante declaraci\u00f3n\u00bb, escribi\u00f3 el peri\u00f3dico. \u00abHoy, Jap\u00f3n tiene un primer ministro que se abstiene de hacer una declaraci\u00f3n para evitar ser obligado a dimitir\u00bb.<\/p>\n<p>A pesar de que los medios se ocupan intensivamente del 80.\u00ba aniversario,\u00a0una encuesta revel\u00f3 que m\u00e1s de un 25 por ciento de los consultados no supieron la fecha del final de la Segunda Guerra Mundial. \u00abDebido al rol de las redes sociales y el consumo de medios, se cree que\u00a0esa proporci\u00f3n seguir\u00e1 aumentando\u201d, opina el historiador Weber.<\/p>\n<p>(CP\/MS)<\/p>\n<\/p>\n<\/div>\n\n","protected":false},"excerpt":{"rendered":"<p>Jap\u00f3n conmemora el\u00a080.\u00ba aniversario del fin de la Segunda Guerra Mundial en Asia, el\u00a0viernes 15 de agosto de 2025, pero el pa\u00eds desiste de dar una declaraci\u00f3n oficial al respecto. El 15 de agosto de 1945, el emperador Hirohito anunci\u00f3 la capitulaci\u00f3n de Jap\u00f3n\u00a0en la radio. El primer ministro de Jap\u00f3n, Shigeru Ishiba, no pronunciar\u00e1 &hellip;<\/p>\n","protected":false},"author":1,"featured_media":40341,"comment_status":"open","ping_status":"open","sticky":false,"template":"","format":"standard","meta":{"fifu_image_url":"https:\/\/static.dw.com\/image\/73546006_6.jpg","fifu_image_alt":"","footnotes":""},"categories":[13],"tags":[],"class_list":["post-40340","post","type-post","status-publish","format-standard","has-post-thumbnail","","category-mundo"],"_links":{"self":[{"href":"https:\/\/noticiasveraces.com\/index.php?rest_route=\/wp\/v2\/posts\/40340","targetHints":{"allow":["GET"]}}],"collection":[{"href":"https:\/\/noticiasveraces.com\/index.php?rest_route=\/wp\/v2\/posts"}],"about":[{"href":"https:\/\/noticiasveraces.com\/index.php?rest_route=\/wp\/v2\/types\/post"}],"author":[{"embeddable":true,"href":"https:\/\/noticiasveraces.com\/index.php?rest_route=\/wp\/v2\/users\/1"}],"replies":[{"embeddable":true,"href":"https:\/\/noticiasveraces.com\/index.php?rest_route=%2Fwp%2Fv2%2Fcomments&post=40340"}],"version-history":[{"count":0,"href":"https:\/\/noticiasveraces.com\/index.php?rest_route=\/wp\/v2\/posts\/40340\/revisions"}],"wp:featuredmedia":[{"embeddable":true,"href":"https:\/\/noticiasveraces.com\/index.php?rest_route=\/wp\/v2\/media\/40341"}],"wp:attachment":[{"href":"https:\/\/noticiasveraces.com\/index.php?rest_route=%2Fwp%2Fv2%2Fmedia&parent=40340"}],"wp:term":[{"taxonomy":"category","embeddable":true,"href":"https:\/\/noticiasveraces.com\/index.php?rest_route=%2Fwp%2Fv2%2Fcategories&post=40340"},{"taxonomy":"post_tag","embeddable":true,"href":"https:\/\/noticiasveraces.com\/index.php?rest_route=%2Fwp%2Fv2%2Ftags&post=40340"}],"curies":[{"name":"wp","href":"https:\/\/api.w.org\/{rel}","templated":true}]}}