{"id":40324,"date":"2025-08-14T10:31:41","date_gmt":"2025-08-14T14:31:41","guid":{"rendered":"https:\/\/noticiasveraces.com\/?p=40324"},"modified":"2025-08-14T10:31:41","modified_gmt":"2025-08-14T14:31:41","slug":"al-menos-40-muertos-en-solo-una-semana-por-colera-dw-14-08-2025","status":"publish","type":"post","link":"https:\/\/noticiasveraces.com\/?p=40324","title":{"rendered":"al menos 40 muertos en s\u00f3lo una semana por c\u00f3lera \u2013 DW \u2013 14\/08\/2025"},"content":{"rendered":"<p> \n<\/p>\n<div data-tracking-name=\"rich-text\" data-tracking-skip=\"true\">\n<p>Al menos 40 muertes vinculadas con el c\u00f3lera se registraron en una semana en la regi\u00f3n sudanesa de Darfur, en el peor brote de esa enfermedad que ha sufrido el pa\u00eds africano devastado por la guerra, alert\u00f3 el jueves (14.08.2025) M\u00e9dicos Sin Fronteras (MSF).<\/p>\n<p>\u00abAdem\u00e1s de una guerra total, la poblaci\u00f3n de Sud\u00e1n est\u00e1 sufriendo ahora el peor brote de c\u00f3lera que ha vivido el pa\u00eds en a\u00f1os\u00bb, afirm\u00f3 la organizaci\u00f3n m\u00e9dica en un comunicado.<\/p>\n<p>\u00abSolo en la regi\u00f3n de Darfur, los equipos de MSF atendieron a m\u00e1s de 2.300 pacientes y registraron 40 muertes en la \u00faltima semana\u00bb.<\/p>\n<p>Desde julio de 2024, se han registrado alrededor de 100.000 casos de c\u00f3lera en todo Sud\u00e1n, seg\u00fan la Organizaci\u00f3n Mundial de la Salud (OMS), que alert\u00f3 que la dolencia se est\u00e1 propagando \u00abpor todos los estados sudaneses\u00bb. La temporada de lluvias, que se intensifica en agosto, podr\u00eda agravar la crisis sanitaria.<\/p>\n<p>El c\u00f3lera es una infecci\u00f3n intestinal aguda que se propaga a trav\u00e9s de alimentos y agua contaminados con bacterias, a menudo provenientes de materia fecal. Provoca diarrea grave, v\u00f3mitos y calambres musculares.<\/p>\n<p>Esta enfermedad puede ser mortal en pocas horas si no se trata, pero puede curarse con una simple rehidrataci\u00f3n oral y con el uso de antibi\u00f3ticos en casos m\u00e1s graves.<\/p>\n<p>Al entrar en su tercer a\u00f1o, la guerra sudanesa, que ha matado a decenas de miles de personas y desplazado a millones, ha provocado lo que Naciones Unidas describe como \u00abla peor crisis humanitaria del mundo\u00bb.<\/p>\n<p>CT (AFP, Efe)<\/p>\n<\/p>\n<\/div>\n\n","protected":false},"excerpt":{"rendered":"<p>Al menos 40 muertes vinculadas con el c\u00f3lera se registraron en una semana en la regi\u00f3n sudanesa de Darfur, en el peor brote de esa enfermedad que ha sufrido el pa\u00eds africano devastado por la guerra, alert\u00f3 el jueves (14.08.2025) M\u00e9dicos Sin Fronteras (MSF). \u00abAdem\u00e1s de una guerra total, la poblaci\u00f3n de Sud\u00e1n est\u00e1 sufriendo &hellip;<\/p>\n","protected":false},"author":1,"featured_media":40325,"comment_status":"open","ping_status":"open","sticky":false,"template":"","format":"standard","meta":{"fifu_image_url":"https:\/\/static.dw.com\/image\/73636637_6.jpg","fifu_image_alt":"","footnotes":""},"categories":[13],"tags":[],"class_list":["post-40324","post","type-post","status-publish","format-standard","has-post-thumbnail","","category-mundo"],"_links":{"self":[{"href":"https:\/\/noticiasveraces.com\/index.php?rest_route=\/wp\/v2\/posts\/40324","targetHints":{"allow":["GET"]}}],"collection":[{"href":"https:\/\/noticiasveraces.com\/index.php?rest_route=\/wp\/v2\/posts"}],"about":[{"href":"https:\/\/noticiasveraces.com\/index.php?rest_route=\/wp\/v2\/types\/post"}],"author":[{"embeddable":true,"href":"https:\/\/noticiasveraces.com\/index.php?rest_route=\/wp\/v2\/users\/1"}],"replies":[{"embeddable":true,"href":"https:\/\/noticiasveraces.com\/index.php?rest_route=%2Fwp%2Fv2%2Fcomments&post=40324"}],"version-history":[{"count":0,"href":"https:\/\/noticiasveraces.com\/index.php?rest_route=\/wp\/v2\/posts\/40324\/revisions"}],"wp:featuredmedia":[{"embeddable":true,"href":"https:\/\/noticiasveraces.com\/index.php?rest_route=\/wp\/v2\/media\/40325"}],"wp:attachment":[{"href":"https:\/\/noticiasveraces.com\/index.php?rest_route=%2Fwp%2Fv2%2Fmedia&parent=40324"}],"wp:term":[{"taxonomy":"category","embeddable":true,"href":"https:\/\/noticiasveraces.com\/index.php?rest_route=%2Fwp%2Fv2%2Fcategories&post=40324"},{"taxonomy":"post_tag","embeddable":true,"href":"https:\/\/noticiasveraces.com\/index.php?rest_route=%2Fwp%2Fv2%2Ftags&post=40324"}],"curies":[{"name":"wp","href":"https:\/\/api.w.org\/{rel}","templated":true}]}}