{"id":40296,"date":"2025-08-14T04:15:14","date_gmt":"2025-08-14T08:15:14","guid":{"rendered":"https:\/\/noticiasveraces.com\/?p=40296"},"modified":"2025-08-14T04:15:14","modified_gmt":"2025-08-14T08:15:14","slug":"colombia-la-procuraduria-pide-que-la-condena-contra-el-expresidente-alvaro-uribe-sea-revocada","status":"publish","type":"post","link":"https:\/\/noticiasveraces.com\/?p=40296","title":{"rendered":"Colombia: la Procuradur\u00eda pide que la condena contra el expresidente \u00c1lvaro Uribe sea revocada"},"content":{"rendered":"<p> \n<br \/><img decoding=\"async\" src=\"https:\/\/s.france24.com\/media\/display\/ef882b90-779e-11f0-821b-005056bfb2b6\/w:1024\/p:16x9\/71ad02b452032da3c0f2dc47296762de51fe7af9.jpg\" \/><br \/>La Procuradur\u00eda de Colombia solicit\u00f3 al Tribunal Superior de Bogot\u00e1 que revoque el fallo por medio del cual el expresidente \u00c1lvaro Uribe fue condenado en primera instancia a 12 a\u00f1os de prisi\u00f3n domiciliaria por\u00a0los delitos de fraude procesal y\u00a0soborno\u00a0en actuaci\u00f3n penal, al alegar \u00abvicios de evaluaci\u00f3n de pruebas\u00bb.\u00a0<br \/>\n<br \/>\n","protected":false},"excerpt":{"rendered":"<p>La Procuradur\u00eda de Colombia solicit\u00f3 al Tribunal Superior de Bogot\u00e1 que revoque el fallo por medio del cual el expresidente \u00c1lvaro Uribe fue condenado en primera instancia a 12 a\u00f1os de prisi\u00f3n domiciliaria por\u00a0los delitos de fraude procesal y\u00a0soborno\u00a0en actuaci\u00f3n penal, al alegar \u00abvicios de evaluaci\u00f3n de pruebas\u00bb.\u00a0<\/p>\n","protected":false},"author":1,"featured_media":40298,"comment_status":"open","ping_status":"open","sticky":false,"template":"","format":"standard","meta":{"fifu_image_url":"https:\/\/s.france24.com\/media\/display\/ef882b90-779e-11f0-821b-005056bfb2b6\/w:1024\/p:16x9\/71ad02b452032da3c0f2dc47296762de51fe7af9.jpg","fifu_image_alt":"","footnotes":""},"categories":[13],"tags":[],"class_list":["post-40296","post","type-post","status-publish","format-standard","has-post-thumbnail","","category-mundo"],"_links":{"self":[{"href":"https:\/\/noticiasveraces.com\/index.php?rest_route=\/wp\/v2\/posts\/40296","targetHints":{"allow":["GET"]}}],"collection":[{"href":"https:\/\/noticiasveraces.com\/index.php?rest_route=\/wp\/v2\/posts"}],"about":[{"href":"https:\/\/noticiasveraces.com\/index.php?rest_route=\/wp\/v2\/types\/post"}],"author":[{"embeddable":true,"href":"https:\/\/noticiasveraces.com\/index.php?rest_route=\/wp\/v2\/users\/1"}],"replies":[{"embeddable":true,"href":"https:\/\/noticiasveraces.com\/index.php?rest_route=%2Fwp%2Fv2%2Fcomments&post=40296"}],"version-history":[{"count":0,"href":"https:\/\/noticiasveraces.com\/index.php?rest_route=\/wp\/v2\/posts\/40296\/revisions"}],"wp:featuredmedia":[{"embeddable":true,"href":"https:\/\/noticiasveraces.com\/index.php?rest_route=\/wp\/v2\/media\/40298"}],"wp:attachment":[{"href":"https:\/\/noticiasveraces.com\/index.php?rest_route=%2Fwp%2Fv2%2Fmedia&parent=40296"}],"wp:term":[{"taxonomy":"category","embeddable":true,"href":"https:\/\/noticiasveraces.com\/index.php?rest_route=%2Fwp%2Fv2%2Fcategories&post=40296"},{"taxonomy":"post_tag","embeddable":true,"href":"https:\/\/noticiasveraces.com\/index.php?rest_route=%2Fwp%2Fv2%2Ftags&post=40296"}],"curies":[{"name":"wp","href":"https:\/\/api.w.org\/{rel}","templated":true}]}}