{"id":40271,"date":"2025-08-14T01:42:43","date_gmt":"2025-08-14T05:42:43","guid":{"rendered":"https:\/\/noticiasveraces.com\/?p=40271"},"modified":"2025-08-14T01:42:43","modified_gmt":"2025-08-14T05:42:43","slug":"dayro-moreno-brilla-hasta-con-su-calva-genera-bromas-por-peinado","status":"publish","type":"post","link":"https:\/\/noticiasveraces.com\/?p=40271","title":{"rendered":"Dayro Moreno brilla hasta con su &#8216;calva&#8217;: genera bromas por peinado"},"content":{"rendered":"<p> \n<br \/><img decoding=\"async\" src=\"https:\/\/www.futbolred.com\/files\/article_graphic\/files\/crop\/uploads\/2025\/08\/12\/689c0a7cabd67.r_1348936.0-0-686-343.png\" \/><\/p>\n<header>\n<h3>Curiosidades de f\u00fatbol<br \/>\n            <\/h3>\n<h1>Dayro Moreno brilla hasta con su &#8216;calva&#8217;: genera bromas por peinado<br \/>\n        <\/h1>\n<address>\n            <a>Andres Rocha Florez<br \/>\n        <\/address>\n<p>        13 de agosto de 2025, 07:24 p. metro.<\/p>\n<\/header>\n<p>El hist\u00f3rico jugador de Once Caldas y del FPC gener\u00f3 preocupaci\u00f3n por su cabello.<\/p>\n<p>Dayro Moreno sigue rompiendo registros goleadores y tras su actuaci\u00f3n estelar ante Hurac\u00e1n en octavos de final ida de Copa Sudamericana 2025 en la que aport\u00f3 un gol, su nombre se hizo tendencia en todo el continente, pero al final no solo fue por sus goles, sino por el ins\u00f3lito peinado que tiene.<\/p>\n<p>El goleador de Once Caldas ha confesado en varias oportunidades que disfruta de sus \u00faltimos a\u00f1os con cabello y por eso ha recurrido a modificar su peinado para saltar a la cancha bien presentado, pero en redes sociales se ha hecho viral una fotograf\u00eda del delantero con la evidente calvicie que est\u00e1 padeciendo.<\/p>\n<p>Once Caldas fue el que dio a conocer la fotograf\u00eda de Dayro entrenando y all\u00ed se le ven sus populares trenzas, pero arriba ya se le ve poco cabello, lo cual gener\u00f3 todo tipo de reacciones.<\/p>\n<p>Los memes&nbsp; no se hicieron esperar e incluso lo compararon con el personaje del popular Bolet\u00edn del Consumidor, &#8216;Tal Cual&#8217;, as\u00ed como otros aficionados mostraron su preocupaci\u00f3n por la impactante imagen.<\/p>\n\n","protected":false},"excerpt":{"rendered":"<p>Curiosidades de f\u00fatbol Dayro Moreno brilla hasta con su &#8216;calva&#8217;: genera bromas por peinado Andres Rocha Florez 13 de agosto de 2025, 07:24 p. metro. El hist\u00f3rico jugador de Once Caldas y del FPC gener\u00f3 preocupaci\u00f3n por su cabello. Dayro Moreno sigue rompiendo registros goleadores y tras su actuaci\u00f3n estelar ante Hurac\u00e1n en octavos de &hellip;<\/p>\n","protected":false},"author":1,"featured_media":40273,"comment_status":"open","ping_status":"open","sticky":false,"template":"","format":"standard","meta":{"fifu_image_url":"https:\/\/www.futbolred.com\/files\/og_thumbnail\/uploads\/2025\/08\/12\/689c0a7cabd67.png","fifu_image_alt":"","footnotes":""},"categories":[6],"tags":[],"class_list":["post-40271","post","type-post","status-publish","format-standard","has-post-thumbnail","","category-deportes"],"_links":{"self":[{"href":"https:\/\/noticiasveraces.com\/index.php?rest_route=\/wp\/v2\/posts\/40271","targetHints":{"allow":["GET"]}}],"collection":[{"href":"https:\/\/noticiasveraces.com\/index.php?rest_route=\/wp\/v2\/posts"}],"about":[{"href":"https:\/\/noticiasveraces.com\/index.php?rest_route=\/wp\/v2\/types\/post"}],"author":[{"embeddable":true,"href":"https:\/\/noticiasveraces.com\/index.php?rest_route=\/wp\/v2\/users\/1"}],"replies":[{"embeddable":true,"href":"https:\/\/noticiasveraces.com\/index.php?rest_route=%2Fwp%2Fv2%2Fcomments&post=40271"}],"version-history":[{"count":0,"href":"https:\/\/noticiasveraces.com\/index.php?rest_route=\/wp\/v2\/posts\/40271\/revisions"}],"wp:featuredmedia":[{"embeddable":true,"href":"https:\/\/noticiasveraces.com\/index.php?rest_route=\/wp\/v2\/media\/40273"}],"wp:attachment":[{"href":"https:\/\/noticiasveraces.com\/index.php?rest_route=%2Fwp%2Fv2%2Fmedia&parent=40271"}],"wp:term":[{"taxonomy":"category","embeddable":true,"href":"https:\/\/noticiasveraces.com\/index.php?rest_route=%2Fwp%2Fv2%2Fcategories&post=40271"},{"taxonomy":"post_tag","embeddable":true,"href":"https:\/\/noticiasveraces.com\/index.php?rest_route=%2Fwp%2Fv2%2Ftags&post=40271"}],"curies":[{"name":"wp","href":"https:\/\/api.w.org\/{rel}","templated":true}]}}