{"id":40267,"date":"2025-08-14T01:10:17","date_gmt":"2025-08-14T05:10:17","guid":{"rendered":"https:\/\/noticiasveraces.com\/?p=40267"},"modified":"2025-08-14T01:10:17","modified_gmt":"2025-08-14T05:10:17","slug":"pyongyang-niega-retirada-de-altavoces-de-su-frontera-sur-dw-14-08-2025","status":"publish","type":"post","link":"https:\/\/noticiasveraces.com\/?p=40267","title":{"rendered":"Pyongyang niega retirada de altavoces de su frontera sur \u2013 DW \u2013 14\/08\/2025"},"content":{"rendered":"<p> \n<\/p>\n<div data-tracking-name=\"rich-text\" data-tracking-skip=\"true\">\n<p>La poderosa hermana del gobernante de Corea del Norte desminti\u00f3 el jueves (14.08.2025) los informes del ej\u00e9rcito surcoreano seg\u00fan los cuales Pyongyang hab\u00eda retirado los altavoces de propaganda instalados a lo largo de la frontera y descart\u00f3 cualquier posibilidad de distensi\u00f3n con Se\u00fal.<\/p>\n<p>\u00abNunca hemos retirado los altavoces instalados en la zona fronteriza y no estamos dispuestos a retirarlos\u00bb, afirm\u00f3 Kim Yo Jong, hermana de Kim Jong Un, en un comunicado difundido por la agencia oficial norcoreana KCNA.<\/p>\n<p>La frontera entre las dos Coreas es escenario de una guerra de altavoces, en la que Se\u00fal difunde K-pop y boletines informativos hacia el Norte, mientras que este \u00faltimo emite ruidos inquietantes.<\/p>\n<p>Tras llegar al poder a principios de junio, el presidente surcoreano, Lee Jae-Myung, prometi\u00f3 tender la mano a Pyongyang, al argumentar que \u00abcualquiera que sea el costo, la paz es preferible a la guerra\u00bb.<\/p>\n<p>El Ministerio de Defensa surcoreano anunci\u00f3 el 5 de agosto que comenz\u00f3 a retirar los altavoces de su lado de la frontera para \u00abayudar a aliviar las tensiones con el Norte\u00bb. Unos d\u00edas m\u00e1s tarde, su Estado Mayor afirm\u00f3 que el ej\u00e9rcito norcoreano empez\u00f3 a hacer lo mismo.<\/p>\n<p>En su declaraci\u00f3n del jueves, Kim rechaz\u00f3 cualquier gesto en ese sentido.<\/p>\n<p>\u00abHemos aclarado en varias ocasiones que no tenemos voluntad de mejorar las relaciones con la Rep\u00fablica de Corea&#8230; y esta postura y punto de vista concluyentes quedar\u00e1n fijados en nuestra Constituci\u00f3n en el futuro\u00bb, a\u00f1adi\u00f3.<\/p>\n<p>JC (AFP, Efe)<\/p>\n<\/p>\n<\/div>\n\n","protected":false},"excerpt":{"rendered":"<p>La poderosa hermana del gobernante de Corea del Norte desminti\u00f3 el jueves (14.08.2025) los informes del ej\u00e9rcito surcoreano seg\u00fan los cuales Pyongyang hab\u00eda retirado los altavoces de propaganda instalados a lo largo de la frontera y descart\u00f3 cualquier posibilidad de distensi\u00f3n con Se\u00fal. \u00abNunca hemos retirado los altavoces instalados en la zona fronteriza y no &hellip;<\/p>\n","protected":false},"author":1,"featured_media":40268,"comment_status":"open","ping_status":"open","sticky":false,"template":"","format":"standard","meta":{"fifu_image_url":"https:\/\/static.dw.com\/image\/73584565_6.jpg","fifu_image_alt":"","footnotes":""},"categories":[13],"tags":[],"class_list":["post-40267","post","type-post","status-publish","format-standard","has-post-thumbnail","","category-mundo"],"_links":{"self":[{"href":"https:\/\/noticiasveraces.com\/index.php?rest_route=\/wp\/v2\/posts\/40267","targetHints":{"allow":["GET"]}}],"collection":[{"href":"https:\/\/noticiasveraces.com\/index.php?rest_route=\/wp\/v2\/posts"}],"about":[{"href":"https:\/\/noticiasveraces.com\/index.php?rest_route=\/wp\/v2\/types\/post"}],"author":[{"embeddable":true,"href":"https:\/\/noticiasveraces.com\/index.php?rest_route=\/wp\/v2\/users\/1"}],"replies":[{"embeddable":true,"href":"https:\/\/noticiasveraces.com\/index.php?rest_route=%2Fwp%2Fv2%2Fcomments&post=40267"}],"version-history":[{"count":0,"href":"https:\/\/noticiasveraces.com\/index.php?rest_route=\/wp\/v2\/posts\/40267\/revisions"}],"wp:featuredmedia":[{"embeddable":true,"href":"https:\/\/noticiasveraces.com\/index.php?rest_route=\/wp\/v2\/media\/40268"}],"wp:attachment":[{"href":"https:\/\/noticiasveraces.com\/index.php?rest_route=%2Fwp%2Fv2%2Fmedia&parent=40267"}],"wp:term":[{"taxonomy":"category","embeddable":true,"href":"https:\/\/noticiasveraces.com\/index.php?rest_route=%2Fwp%2Fv2%2Fcategories&post=40267"},{"taxonomy":"post_tag","embeddable":true,"href":"https:\/\/noticiasveraces.com\/index.php?rest_route=%2Fwp%2Fv2%2Ftags&post=40267"}],"curies":[{"name":"wp","href":"https:\/\/api.w.org\/{rel}","templated":true}]}}