{"id":40260,"date":"2025-08-13T23:07:27","date_gmt":"2025-08-14T03:07:27","guid":{"rendered":"https:\/\/noticiasveraces.com\/?p=40260"},"modified":"2025-08-13T23:07:27","modified_gmt":"2025-08-14T03:07:27","slug":"eeuu-emite-sanciones-relacionadas-a-misiones-medicas-cubanas-dw-14-08-2025","status":"publish","type":"post","link":"https:\/\/noticiasveraces.com\/?p=40260","title":{"rendered":"EEUU emite sanciones relacionadas a misiones m\u00e9dicas cubanas \u2013 DW \u2013 14\/08\/2025"},"content":{"rendered":"<p> \n<\/p>\n<div data-tracking-name=\"rich-text\" data-tracking-skip=\"true\">\n<p>Estados Unidos anunci\u00f3 este mi\u00e9rcoles (13.08.2025) restricciones de visados para funcionarios de pa\u00edses africanos, Brasil y de Granada, una naci\u00f3n insular del Caribe, por contratar misiones m\u00e9dicas cubanas, que Washington califica como trabajo forzado.<\/p>\n<p>El anuncio hecho por el secretario de Estado de Estados Unidos, Marco Rubio, incluye a exmiembros de la Organizaci\u00f3n Panamericana de la Salud (OPS) \u00abpor su complicidad en el plan de misiones m\u00e9dicas del r\u00e9gimen\u00bb de Cuba.<\/p>\n<p>En el caso de Brasil, el Departamento de Estado dijo haber tomado medidas para revocar y restringir visas a funcionarios gubernamentales brasile\u00f1os ligados al programa Mais Medicos (M\u00e1s M\u00e9dicos), en el que han participado doctores cubanos.<\/p>\n<p>Washington acusa a Mozart Julio Tabosa Sales, secretario del Ministerio de Salud brasile\u00f1o, y a Alberto Kleiman, exfuncionario gubernamental, de haber desempe\u00f1ado \u00abun papel en la planificaci\u00f3n y ejecuci\u00f3n\u00bb en el programa.<\/p>\n<h2>Sanciones fueron eludidas, dijo Washington<\/h2>\n<p>\u00abUtilizaron a la OPS como intermediaria con la dictadura cubana para implementar el programa sin cumplir los requisitos constitucionales brasile\u00f1os, eludiendo las sanciones de Estados Unidos contra Cuba\u00bb, denuncia el jefe de la diplomacia estadounidense Marco Rubio en un comunicado.<\/p>\n<p>Washington les acusa de pagar \u00aba sabiendas\u00bb a La Habana \u00ablo que se deb\u00eda a los trabajadores m\u00e9dicos cubanos\u00bb.<\/p>\n<p>Decenas de m\u00e9dicos cubanos que prestaron servicios en el programa \u00abhan informado haber sido explotados por el r\u00e9gimen cubano como parte del programa\u00bb, sostiene Rubio.<\/p>\n<p>El secretario Rubio insisti\u00f3 en que el Gobierno del presidente Miguel D\u00edaz-Canel \u00abalquila\u00bb a sus m\u00e9dicos a \u00abprecios elevados\u00bb para luego quedarse con la mayor parte de estos ingresos.<\/p>\n<p>\u00abEste plan enriquece al corrupto r\u00e9gimen cubano al tiempo que priva al pueblo cubano de atenci\u00f3n m\u00e9dica esencial\u00bb, advirti\u00f3 Rubio.<\/p>\n<p>El Departamento de Estado tambi\u00e9n tom\u00f3 medidas para imponer restricciones de visas a funcionarios de gobiernos africanos, del cubano y del granadino, y a sus familiares, por su complicidad en el plan de misiones m\u00e9dicas del r\u00e9gimen cubano.<\/p>\n<p><span data-slot-id=\"Article_InContent-1\" class=\"rich-text-ad\"\/><\/p>\n<h2>Cuba ha rechazado acusaciones<\/h2>\n<p>\u00abHacemos un llamamiento a todas las naciones que defienden la democracia y los derechos humanos a que se unan a nosotros en este esfuerzo para enfrentar los abusos del r\u00e9gimen cubano y apoyar al pueblo cubano\u00bb, dijo el secretario de Estado.<\/p>\n<p>La Administraci\u00f3n de Donald Trump ya hab\u00eda anunciado sanciones en febrero y junio pasados contra funcionarios cubanos y de pa\u00edses centroamericanos relacionados con las misiones m\u00e9dicas cubanas, una de las principales fuentes de ingresos de La Habana.<\/p>\n<p>Por su parte, Cuba rechaza categ\u00f3ricamente las acusaciones de Washington y denuncia lo que considera como \u00abuna campa\u00f1a de desprestigio\u00bb contra su programa de cooperaci\u00f3n y sus doctores, presente en varias naciones latinoamericanas y caribe\u00f1as, junto a una veintena de pa\u00edses africanos.<\/p>\n<p>JC (AFP, Efe)<\/p>\n<\/p>\n<\/div>\n\n","protected":false},"excerpt":{"rendered":"<p>Estados Unidos anunci\u00f3 este mi\u00e9rcoles (13.08.2025) restricciones de visados para funcionarios de pa\u00edses africanos, Brasil y de Granada, una naci\u00f3n insular del Caribe, por contratar misiones m\u00e9dicas cubanas, que Washington califica como trabajo forzado. El anuncio hecho por el secretario de Estado de Estados Unidos, Marco Rubio, incluye a exmiembros de la Organizaci\u00f3n Panamericana de &hellip;<\/p>\n","protected":false},"author":1,"featured_media":40261,"comment_status":"open","ping_status":"open","sticky":false,"template":"","format":"standard","meta":{"fifu_image_url":"https:\/\/static.dw.com\/image\/58740346_6.jpg","fifu_image_alt":"","footnotes":""},"categories":[13],"tags":[],"class_list":["post-40260","post","type-post","status-publish","format-standard","has-post-thumbnail","","category-mundo"],"_links":{"self":[{"href":"https:\/\/noticiasveraces.com\/index.php?rest_route=\/wp\/v2\/posts\/40260","targetHints":{"allow":["GET"]}}],"collection":[{"href":"https:\/\/noticiasveraces.com\/index.php?rest_route=\/wp\/v2\/posts"}],"about":[{"href":"https:\/\/noticiasveraces.com\/index.php?rest_route=\/wp\/v2\/types\/post"}],"author":[{"embeddable":true,"href":"https:\/\/noticiasveraces.com\/index.php?rest_route=\/wp\/v2\/users\/1"}],"replies":[{"embeddable":true,"href":"https:\/\/noticiasveraces.com\/index.php?rest_route=%2Fwp%2Fv2%2Fcomments&post=40260"}],"version-history":[{"count":0,"href":"https:\/\/noticiasveraces.com\/index.php?rest_route=\/wp\/v2\/posts\/40260\/revisions"}],"wp:featuredmedia":[{"embeddable":true,"href":"https:\/\/noticiasveraces.com\/index.php?rest_route=\/wp\/v2\/media\/40261"}],"wp:attachment":[{"href":"https:\/\/noticiasveraces.com\/index.php?rest_route=%2Fwp%2Fv2%2Fmedia&parent=40260"}],"wp:term":[{"taxonomy":"category","embeddable":true,"href":"https:\/\/noticiasveraces.com\/index.php?rest_route=%2Fwp%2Fv2%2Fcategories&post=40260"},{"taxonomy":"post_tag","embeddable":true,"href":"https:\/\/noticiasveraces.com\/index.php?rest_route=%2Fwp%2Fv2%2Ftags&post=40260"}],"curies":[{"name":"wp","href":"https:\/\/api.w.org\/{rel}","templated":true}]}}