{"id":40258,"date":"2025-08-13T22:05:03","date_gmt":"2025-08-14T02:05:03","guid":{"rendered":"https:\/\/noticiasveraces.com\/?p=40258"},"modified":"2025-08-13T22:05:03","modified_gmt":"2025-08-14T02:05:03","slug":"el-servicio-militar-obligatorio-de-nuevo-a-debate-dw-13-08-2025","status":"publish","type":"post","link":"https:\/\/noticiasveraces.com\/?p=40258","title":{"rendered":"el servicio militar obligatorio, de nuevo a debate \u2013 DW \u2013 13\/08\/2025"},"content":{"rendered":"<p> \n<\/p>\n<div data-tracking-name=\"rich-text\" data-tracking-skip=\"true\">\n<p>La Bundeswehr necesita con urgencia m\u00e1s personal, algo en lo que coinciden los partidos del Gobierno de coalici\u00f3n, los socialdem\u00f3cratas del SPD, y los conservadores de la CDU y la CSU.<\/p>\n<p>El canciller y l\u00edder de la CDU, Friedrich Merz, quiere convertir a la Bundeswehr en el ej\u00e9rcito convencional m\u00e1s fuerte de Europa, para lo cual se requiere mejor equipamiento y m\u00e1s de los actuales 183 000 soldados. Seg\u00fan las directrices de la OTAN, la Bundeswehr deber\u00eda aumentar en 60 000 efectivos.<\/p>\n<p>La cuesti\u00f3n es c\u00f3mo lograr ese crecimiento. En esto las opiniones divergen. Para el SPD, la soluci\u00f3n pasa por una reforma del servicio militar voluntario. Pero un\u00a0borrador de ley elaborado por el ministerio de Defensa, dirigido por el SPD, que el gabinete quiere aprobar a finales de agosto, genera descontento en los conservadores. Es uno\u00a0de los temas m\u00e1s importantes de la pol\u00edtica de seguridad, ya que se trata, ni m\u00e1s ni menos, que de la capacidad de defensa de Alemania. Pero sobre\u00a0el asunto\u00a0reina en estos momentos la\u00a0tensi\u00f3n\u00a0en la coalici\u00f3n de gobierno.<\/p>\n<h2>El ministro de Defensa del SPD apuesta por la voluntariedad<\/h2>\n<p>Seg\u00fan el borrador, el servicio militar ser\u00e1 m\u00e1s atractivo a partir de 2026, pero seguir\u00e1 siendo voluntario.\u00a0 As\u00ed lo estipula tambi\u00e9n el contrato de coalici\u00f3n: \u00abCreamos un nuevo servicio militar atractivo que, en principio, se basar\u00e1 en la voluntariedad\u00bb.<\/p>\n<p>Para los socialdem\u00f3cratas, la voluntariedad es clave. Rechazan el servicio obligatorio por considerarlo una intromisi\u00f3n excesiva en la vida de los j\u00f3venes. El ministro de Defensa, Boris Pistorius (SPD), est\u00e1 convencido de que un servicio militar voluntario m\u00e1s interesante y mejor remunerado que el actual atraer\u00e1 a suficientes j\u00f3venes. Seg\u00fan dijo recientemente, ser\u00edan \u00abde media entre 25 000 y 30 000 cada a\u00f1o\u201d y \u00absin grandes esfuerzos\u201d.<\/p>\n<p>El sueldo aumentar\u00e1 de forma significativa, la formaci\u00f3n se modernizar\u00e1 e incluir\u00e1, por ejemplo, el manejo de drones. Tambi\u00e9n habr\u00e1 cursos de idiomas y la posibilidad de obtener el carn\u00e9 de conducir. El servicio durar\u00e1 como m\u00ednimo seis meses.<\/p>\n<figure class=\"placeholder-image master_landscape big\"><img data-format=\"MASTER_LANDSCAPE\" data-id=\"71884952\" data-url=\"https:\/\/static.dw.com\/image\/71884952_${formatId}.jpg\" data-aspect-ratio=\"16\/9\" alt=\"Un recluta se prueba la gorra el primer d\u00eda de su servicio militar.\" style=\"padding-bottom: 56.25%; height: 0; max-height: 0;\"\/><figcaption class=\"img-caption\">En 2011 se suspendi\u00f3 el servicio militar obligatorio en Alemania.<small class=\"copyright\">Imagen: Thomas Trutschel\/Photothek\/DPA\/Picture Alliance <\/small><\/figcaption><\/figure>\n<h2>\u00bfHar\u00e1n cola los aspirantes a la Bundeswehr?<\/h2>\n<p>El optimismo del ministro no es compartido por todos en el sector conservador del Gobierno. En la actual situaci\u00f3n de tensi\u00f3n en materia de seguridad, confiar en que se presenten suficientes voluntarios no basta, se\u00f1alan. Una grave carencia de la ley es \u00abque los objetivos de la OTAN, a los que nos hemos comprometido, brillan por su ausencia\u201d, critic\u00f3 el vicepresidente del grupo parlamentario, Norbert R\u00f6ttgen, en el diario <em>El mundo<\/em>.<\/p>\n<p>No hay cifras ni plazos concretos para determinar cu\u00e1ndo debe alcanzar Alemania sus objetivos de aumento de tropas. \u00abAs\u00ed no hay ning\u00fan baremo para saber si vamos en la direcci\u00f3n correcta o si debemos corregir el rumbo\u201d, argument\u00f3 el pol\u00edtico de Exteriores de la CDU. <\/p>\n<p><span data-slot-id=\"Article_InContent-1\" class=\"rich-text-ad\"\/><\/p>\n<h2>Un cuestionario para pensar en la Bundeswehr<\/h2>\n<p>Aunque el servicio militar seguir\u00e1 siendo voluntario, la ley prev\u00e9 elementos obligatorios. Seg\u00fan los planes del ministro, a partir del pr\u00f3ximo a\u00f1o todos los hombres y mujeres de 18 a\u00f1os recibir\u00e1n una carta de la Bundeswehr. Un c\u00f3digo QR conducir\u00e1 a un cuestionario en l\u00ednea en el que se preguntar\u00e1 por la disposici\u00f3n a servir en el Ej\u00e9rcito. Para los hombres ser\u00e1 obligatorio responderlo; para las mujeres, voluntario.<\/p>\n<p>El objetivo es que los j\u00f3venes reflexionen activamente sobre si pueden imaginarse sirviendo en las fuerzas armadas. El ministro conf\u00eda en que as\u00ed aumenten las solicitudes. Ya ahora, el n\u00famero de j\u00f3venes que se ofrecen voluntarios para el servicio militar es mayor que antes: a finales de julio eran m\u00e1s de 11 000, un 15 por ciento\u00a0m\u00e1s que el a\u00f1o anterior.<\/p>\n<h2>Cuestionario sobre el Ej\u00e9rcito como en Suecia, pero sin servicio obligatorio<\/h2>\n<p>Con la introducci\u00f3n del cuestionario, el Gobierno sigue en parte el modelo sueco. All\u00ed, sin embargo, los j\u00f3venes est\u00e1n obligados a servir cuando la demanda supera el n\u00famero de voluntarios, algo habitual, y los cuestionarios sirven como base para la selecci\u00f3n. En Alemania, este mecanismo no est\u00e1 previsto.<\/p>\n<p>Pero, \u00bfqu\u00e9 pasa si el nuevo servicio militar voluntario no funciona como espera el ministro? \u00bfO si la situaci\u00f3n de seguridad se deteriora gravemente? En ese caso, el gabinete podr\u00eda, con la aprobaci\u00f3n del Bundestag, decidir volver a la conscripci\u00f3n. As\u00ed lo establece la nueva ley, que, sin embargo, no contempla ning\u00fan automatismo que obligue a reintroducir el servicio obligatorio en determinadas circunstancias.<\/p>\n<p>(GG\/MS)<\/p>\n<\/div>\n\n","protected":false},"excerpt":{"rendered":"<p>La Bundeswehr necesita con urgencia m\u00e1s personal, algo en lo que coinciden los partidos del Gobierno de coalici\u00f3n, los socialdem\u00f3cratas del SPD, y los conservadores de la CDU y la CSU. El canciller y l\u00edder de la CDU, Friedrich Merz, quiere convertir a la Bundeswehr en el ej\u00e9rcito convencional m\u00e1s fuerte de Europa, para lo &hellip;<\/p>\n","protected":false},"author":1,"featured_media":40259,"comment_status":"open","ping_status":"open","sticky":false,"template":"","format":"standard","meta":{"fifu_image_url":"https:\/\/static.dw.com\/image\/73518131_6.jpg","fifu_image_alt":"","footnotes":""},"categories":[13],"tags":[],"class_list":["post-40258","post","type-post","status-publish","format-standard","has-post-thumbnail","","category-mundo"],"_links":{"self":[{"href":"https:\/\/noticiasveraces.com\/index.php?rest_route=\/wp\/v2\/posts\/40258","targetHints":{"allow":["GET"]}}],"collection":[{"href":"https:\/\/noticiasveraces.com\/index.php?rest_route=\/wp\/v2\/posts"}],"about":[{"href":"https:\/\/noticiasveraces.com\/index.php?rest_route=\/wp\/v2\/types\/post"}],"author":[{"embeddable":true,"href":"https:\/\/noticiasveraces.com\/index.php?rest_route=\/wp\/v2\/users\/1"}],"replies":[{"embeddable":true,"href":"https:\/\/noticiasveraces.com\/index.php?rest_route=%2Fwp%2Fv2%2Fcomments&post=40258"}],"version-history":[{"count":0,"href":"https:\/\/noticiasveraces.com\/index.php?rest_route=\/wp\/v2\/posts\/40258\/revisions"}],"wp:featuredmedia":[{"embeddable":true,"href":"https:\/\/noticiasveraces.com\/index.php?rest_route=\/wp\/v2\/media\/40259"}],"wp:attachment":[{"href":"https:\/\/noticiasveraces.com\/index.php?rest_route=%2Fwp%2Fv2%2Fmedia&parent=40258"}],"wp:term":[{"taxonomy":"category","embeddable":true,"href":"https:\/\/noticiasveraces.com\/index.php?rest_route=%2Fwp%2Fv2%2Fcategories&post=40258"},{"taxonomy":"post_tag","embeddable":true,"href":"https:\/\/noticiasveraces.com\/index.php?rest_route=%2Fwp%2Fv2%2Ftags&post=40258"}],"curies":[{"name":"wp","href":"https:\/\/api.w.org\/{rel}","templated":true}]}}