{"id":40256,"date":"2025-08-13T21:04:21","date_gmt":"2025-08-14T01:04:21","guid":{"rendered":"https:\/\/noticiasveraces.com\/?p=40256"},"modified":"2025-08-13T21:04:21","modified_gmt":"2025-08-14T01:04:21","slug":"asi-se-combate-en-irak-el-calor-extremo-dw-13-08-2025","status":"publish","type":"post","link":"https:\/\/noticiasveraces.com\/?p=40256","title":{"rendered":"as\u00ed se combate en Irak el calor extremo \u2013 DW \u2013 13\/08\/2025"},"content":{"rendered":"<p> \n<\/p>\n<div data-tracking-name=\"rich-text\" data-tracking-skip=\"true\">\n<p>Esta semana, cuando Irak sufri\u00f3 un apag\u00f3n casi generalizado, las calles de Bagdad y otras ciudades importantes del pa\u00eds quedaron a oscuras. Solo las luces de los coches que pasaban iluminaban las aceras.<\/p>\n<p>Este pa\u00eds de Oriente Medio est\u00e1 atravesando actualmente las temperaturas m\u00e1s altas del verano: en Bagdad se alcanzaron los 50 grados cent\u00edgrados durante el apag\u00f3n. En otros lugares, incluso m\u00e1s.\u00a0El corte de electricidad hizo que muchos habitantes recurrieran a la m\u00e1quina a la que siempre acuden en momentos como este: los generadores el\u00e9ctricos privados, que pueden\u00a0encontrarse casi cada dos manzanas en Bagdad y otras ciudades iraqu\u00edes.<\/p>\n<p>Se estima que hay m\u00e1s de 4,5 millones en todo el pa\u00eds. Los que alimentan calles enteras de los suburbios son de tama\u00f1o industrial, normalmente m\u00e1s grandes que un cami\u00f3n, y se encuentran aparcados entre casas.<\/p>\n<h2>La red el\u00e9ctrica de Irak es ineficiente<\/h2>\n<p>La red el\u00e9ctrica nacional iraqu\u00ed es obsoleta y pierde entre el 40\u00a0y el 50 por ciento\u00a0de la energ\u00eda producida durante su transmisi\u00f3n. Adem\u00e1s, los veranos m\u00e1s calurosos, el crecimiento demogr\u00e1fico y el uso cada vez mayor de equipos como los aires acondicionados hacen que la red nacional sea incapaz de satisfacer la demanda. El Ministerio de Electricidad de Irak afirma que el pa\u00eds necesita entre 50 000 y 55 000 megavatios en pleno verano. Mientras que la red el\u00e9ctrica nacional solo puede suministrar alrededor de 27 000 megavatios.<\/p>\n<p>La raz\u00f3n del corte de esta semana sigue sin estar clara, aunque algunos funcionarios afirmaron que se debi\u00f3 al exceso de demanda en el sur de Irak. Pero, incluso en los mejores d\u00edas, las centrales el\u00e9ctricas estatales de Irak solo suelen suministrar entre ocho y doce horas de electricidad al d\u00eda. Por eso, la mayor\u00eda de los iraqu\u00edes que pueden permit\u00edrselo pagan una suscripci\u00f3n al propietario de su generador local.<\/p>\n<p>\u00abEl suministro poco fiable de la red nacional ha convertido la generaci\u00f3n privada de electricidad en una parte fundamental, aunque problem\u00e1tica, del ecosistema el\u00e9ctrico de Irak\u201d, explicaba en un informe de julio de 2025\u00a0el Instituto Baker de Pol\u00edtica P\u00fablica, con sede en la Universidad Rice de Texas.\u00a0\u00abCada hogar o negocio tiene una conexi\u00f3n independiente, conocida como <em>Al-khat <\/em>(la l\u00ednea), a un generador privado cercano que suministra electricidad a quienes se encuentran en un peque\u00f1o radio cuando la red el\u00e9ctrica nacional de Irak se cae\u201d, se\u00f1ala el instituto.<\/p>\n<figure class=\"placeholder-image master_landscape big\"><img data-format=\"MASTER_LANDSCAPE\" data-id=\"73357073\" data-url=\"https:\/\/static.dw.com\/image\/73357073_${formatId}.jpg\" data-aspect-ratio=\"16\/9\" alt=\"Conexiones a la red el\u00e9ctrica p\u00fablica. \" style=\"padding-bottom: 56.25%; height: 0; max-height: 0;\"\/><figcaption class=\"img-caption\">Pocos iraqu\u00edes pagan realmente las facturas de electricidad del Estado: los contadores no funcionan, se ignoran o no se instalan. Es habitual conectarse a la red el\u00e9ctrica de forma gratuita, lo que se conoce como \u00abenganche\u00bb.<small class=\"copyright\">Imagen: Ameer Al Mohammedaw\/dpa\/picture alliance<\/small><\/figcaption><\/figure>\n<h2>Electricidad por suscripci\u00f3n <\/h2>\n<p>Los propietarios de los generadores venden energ\u00eda a los residentes mediante una suscripci\u00f3n, basada en la cantidad de amperios que desea cada hogar, en lugar de la cantidad real de energ\u00eda consumida.<\/p>\n<p>Los precios var\u00edan seg\u00fan las regiones iraqu\u00edes, pero el precio medio por amperio ronda los 8,40 d\u00f3lares (7,21 euros), seg\u00fan un informe de enero de 2025 publicado en la revista <em>Energ\u00edas renovables.<\/em> Esto significa que la mayor\u00eda de los hogares acaban pagando alrededor de 100 d\u00f3lares (86 euros) al mes por la energ\u00eda del generador.<\/p>\n<p>\u00abEl hogar est\u00e1 conectado\u00a0al generador a trav\u00e9s de un disyuntor ajustado a ese umbral de amperios\u201d, explican\u00a0los expertos del Instituto Baker. \u00abEsto significa que el disyuntor se disparar\u00e1 cada vez que la corriente consumida supere el l\u00edmite acordado, desconectando completamente al cliente\u201d.<\/p>\n<p>Estudios previos sobre el negocio de los generadores en Irak, que no est\u00e1 regulado, concluyen\u00a0que los habitantes locales podr\u00edan estar gastando m\u00e1s de 4000 millones de d\u00f3lares al a\u00f1o en el. Se trata de un negocio lucrativo, con v\u00ednculos documentados con pol\u00edticos y l\u00edderes militares, la llamada \u00abmafia de los generadores\u201d.<\/p>\n<p><span data-slot-id=\"Article_InContent-1\" class=\"rich-text-ad\"\/><\/p>\n<h2>Contaminaci\u00f3n ac\u00fastica y da\u00f1o medioambiental<\/h2>\n<p>Aunque los generadores privados pueden ser \u00fatiles, e incluso salvar vidas\u00a0en momentos de m\u00e1ximo calor, tambi\u00e9n tienen un lado oscuro. Estas enormes y sucias m\u00e1quinas funcionan con di\u00e9sel y emiten di\u00f3xido de carbono, contaminantes, aguas residuales sucias y ruido. Adem\u00e1s, consumen mucha agua para refrigerarse. \u00abSuponen un grave riesgo para la salud p\u00fablica y el medio ambiente, con una contaminaci\u00f3n atmosf\u00e9rica y un ruido extremos\u201d, confirma el informe del Instituto Baker.<\/p>\n<p>Es una especie de c\u00edrculo vicioso: adem\u00e1s de causar contaminaci\u00f3n local, los generadores privados probablemente tambi\u00e9n contribuyen a la degradaci\u00f3n medioambiental y al cambio clim\u00e1tico, lo que hace que los iraqu\u00edes los necesiten a\u00fan m\u00e1s.<\/p>\n<p>(MN\/MS)<\/p>\n<\/p>\n<\/div>\n\n","protected":false},"excerpt":{"rendered":"<p>Esta semana, cuando Irak sufri\u00f3 un apag\u00f3n casi generalizado, las calles de Bagdad y otras ciudades importantes del pa\u00eds quedaron a oscuras. Solo las luces de los coches que pasaban iluminaban las aceras. Este pa\u00eds de Oriente Medio est\u00e1 atravesando actualmente las temperaturas m\u00e1s altas del verano: en Bagdad se alcanzaron los 50 grados cent\u00edgrados &hellip;<\/p>\n","protected":false},"author":1,"featured_media":40257,"comment_status":"open","ping_status":"open","sticky":false,"template":"","format":"standard","meta":{"fifu_image_url":"https:\/\/static.dw.com\/image\/61366648_6.jpg","fifu_image_alt":"","footnotes":""},"categories":[13],"tags":[],"class_list":["post-40256","post","type-post","status-publish","format-standard","has-post-thumbnail","","category-mundo"],"_links":{"self":[{"href":"https:\/\/noticiasveraces.com\/index.php?rest_route=\/wp\/v2\/posts\/40256","targetHints":{"allow":["GET"]}}],"collection":[{"href":"https:\/\/noticiasveraces.com\/index.php?rest_route=\/wp\/v2\/posts"}],"about":[{"href":"https:\/\/noticiasveraces.com\/index.php?rest_route=\/wp\/v2\/types\/post"}],"author":[{"embeddable":true,"href":"https:\/\/noticiasveraces.com\/index.php?rest_route=\/wp\/v2\/users\/1"}],"replies":[{"embeddable":true,"href":"https:\/\/noticiasveraces.com\/index.php?rest_route=%2Fwp%2Fv2%2Fcomments&post=40256"}],"version-history":[{"count":0,"href":"https:\/\/noticiasveraces.com\/index.php?rest_route=\/wp\/v2\/posts\/40256\/revisions"}],"wp:featuredmedia":[{"embeddable":true,"href":"https:\/\/noticiasveraces.com\/index.php?rest_route=\/wp\/v2\/media\/40257"}],"wp:attachment":[{"href":"https:\/\/noticiasveraces.com\/index.php?rest_route=%2Fwp%2Fv2%2Fmedia&parent=40256"}],"wp:term":[{"taxonomy":"category","embeddable":true,"href":"https:\/\/noticiasveraces.com\/index.php?rest_route=%2Fwp%2Fv2%2Fcategories&post=40256"},{"taxonomy":"post_tag","embeddable":true,"href":"https:\/\/noticiasveraces.com\/index.php?rest_route=%2Fwp%2Fv2%2Ftags&post=40256"}],"curies":[{"name":"wp","href":"https:\/\/api.w.org\/{rel}","templated":true}]}}