{"id":40254,"date":"2025-08-13T20:03:23","date_gmt":"2025-08-14T00:03:23","guid":{"rendered":"https:\/\/noticiasveraces.com\/?p=40254"},"modified":"2025-08-13T20:03:23","modified_gmt":"2025-08-14T00:03:23","slug":"espana-pide-ayuda-a-la-ue-para-combatir-los-incendios-dw-14-08-2025","status":"publish","type":"post","link":"https:\/\/noticiasveraces.com\/?p=40254","title":{"rendered":"Espa\u00f1a pide ayuda a la UE para combatir los incendios \u2013 DW \u2013 14\/08\/2025"},"content":{"rendered":"<p> \n<\/p>\n<div data-tracking-name=\"rich-text\" data-tracking-skip=\"true\">\n<p>Espa\u00f1a activ\u00f3 la noche del mi\u00e9rcoles (13.08.2025) el mecanismo de solicitud de ayuda a la Uni\u00f3n Europea (UE) para combatir los numerosos incendios que asolan el pa\u00eds, y solicit\u00f3 \u00abdos aviones Canadair\u00bb, seg\u00fan anunci\u00f3 el ministro del Interior, Fernando Grande-Marlaska.<\/p>\n<p>\u00abHemos formalizado esta misma noche\u00bb la solicitud de ayuda a la UE a trav\u00e9s del Mecanismo Europeo de Protecci\u00f3n Civil \u00aby hemos solicitado un m\u00f3dulo con dos aviones Canadair\u00bb especializados en la lucha contra los incendios, dijo Grande-Marlaska en una entrevista en la radio Cadena Ser.<\/p>\n<p>Marlaska explic\u00f3 que ahora los pa\u00edses europeos que dispongan de estos aviones -que pueden cargar 5.000 litros de agua- y puedan cederlos, los despachar\u00e1n a Espa\u00f1a para que est\u00e9n operativos \u00aba la mayor brevedad\u00bb.<\/p>\n<p>El ministro indic\u00f3 que la solicitud se hace por \u00abrazones de previsi\u00f3n meteorol\u00f3gica\u00bb en los pr\u00f3ximos d\u00edas, no porque su urgente\u00bb.<\/p>\n<p>Preguntado sobre si se contempla la posibilidad de solicitar tambi\u00e9n bomberos, Grande-Marlaska declar\u00f3 que se har\u00eda si es necesario.<\/p>\n<figure class=\"placeholder-image master_landscape big\"><img data-format=\"MASTER_LANDSCAPE\" data-id=\"73631011\" data-url=\"https:\/\/static.dw.com\/image\/73631011_${formatId}.jpg\" data-aspect-ratio=\"16\/9\" alt=\"Espa\u00f1a Pareisas 2025 | Los bomberos luchan contra el fuego forestal\" style=\"padding-bottom: 56.25%; height: 0; max-height: 0;\"\/><figcaption class=\"img-caption\"><small class=\"copyright\">Imagen: Lalo R. Villar\/AP Photo\/Picture Alliance<\/small><\/figcaption><\/figure>\n<h2>Siete lesionados y miles evacuados<\/h2>\n<p>Siete personas resultaron heridas el mi\u00e9rcoles, cuatro de ellas en estado cr\u00edtico, en Castilla y Le\u00f3n, una de las regiones espa\u00f1olas m\u00e1s afectadas por los incendios que arden desde hace varios d\u00edas en el pa\u00eds y que ya se han cobrado dos vidas.<\/p>\n<p>La otra regi\u00f3n donde la situaci\u00f3n es m\u00e1s preocupante es Galicia, tambi\u00e9n en el cuadrante noroeste, donde unas 11.500 hect\u00e1reas ya han sido destruidas por las llamas, especialmente en la provincia de Ourense, donde los bomberos no logran controlar un gran incendio en Chandrexa de Queixa.<\/p>\n<p>M\u00e1s de 8.000 personas han sido evacuadas de sus hogares s\u00f3lo en Castilla y Le\u00f3n por dos incendios en las provincias de Le\u00f3n y Zamora, seg\u00fan las autoridades.<\/p>\n<p>El noroeste del pa\u00eds concentra la mayor\u00eda de los quince grandes incendios que preocupan a los bomberos y a las autoridades.<\/p>\n<p>Adem\u00e1s de la ola de calor, que podr\u00eda prolongarse hasta el lunes, las fuertes r\u00e1fagas de viento acent\u00faan la preocupaci\u00f3n.<\/p>\n<p><span data-slot-id=\"Article_InContent-1\" class=\"rich-text-ad\"\/><\/p>\n<h2>Portugal tambi\u00e9n lucha contra el fuego<\/h2>\n<p>En la vecina Portugal, 2.200 bomberos, apoyados por una veintena de medios a\u00e9reos, luchaban el mi\u00e9rcoles contra cinco incendios en el norte y el centro del pa\u00eds.<\/p>\n<p>Las autoridades portuguesas prolongaron hasta el viernes las medidas preventivas contra los incendios forestales, debido al aumento del riesgo asociado a las altas temperaturas.<\/p>\n<p>\u00abEl viernes ser\u00e1 un d\u00eda especialmente preocupante\u00bb por culpa de las condiciones meteorol\u00f3gicas, advirti\u00f3 el mi\u00e9rcoles por la noche el presidente portugu\u00e9s, Marcelo Rebelo de Sousa, tras una reuni\u00f3n con el primer ministro Luis Montenegro.<\/p>\n<p>JC (AFP, Efe, Diary ABC)<\/p>\n<div class=\"vjs-wrapper embed big\">\n<h2 aria-label=\"Video integrado \u2014 Graves incendios en Espa\u00f1a \" class=\"headline\"><svg xmlns=\"http:\/\/www.w3.org\/2000\/svg\" viewbox=\"0 0 20 20\"><g fill-rule=\"evenodd\"><path d=\"M14.114 7.599H13.5l.002 4.706h.601l4.582 3.25-.005-11.11zM11.084 4.444l-9.007.002-1.336.797.002 9.514 1.334.793 9.007.006 1.509-.799-.004-9.516z\"\/><\/g><\/svg>Graves incendios en Espa\u00f1a <\/h2>\n<p><video id=\"video-73606563\" controls=\"\" playsinline=\"\" preload=\"none\" poster=\"data:image\/png;base64,iVBORw0KGgoAAAANSUhEUgAAAAEAAAABCAQAAAC1HAwCAAAAC0lEQVR42mNkYAAAAAYAAjCB0C8AAAAASUVORK5CYII=\" data-id=\"73606563\" data-posterurl=\"https:\/\/static.dw.com\/image\/73612707_605.webp\" data-duration=\"01:19\"><source src=\"https:\/\/hlsvod.dw.com\/i\/dwtv_video\/flv\/js\/js20250811_WildfiresNEU_,AVC_480x270,AVC_512x288,AVC_640x360,AVC_960x540,AVC_1280x720,AVC_1920x1080,.mp4.csmil\/master.m3u8\" type=\"application\/x-mpegURL\"><source src=\"https:\/\/tvdownloaddw-a.akamaihd.net\/dwtv_video\/flv\/js\/js20250811_WildfiresNEU_AVC_1920x1080.mp4\" type=\"video\/mp4\"><p class=\"vjs-no-js\">Para ver este video, habilite JavaScript y considere actualizar a un navegador web que admite el video HTML5<\/p>\n<p><\/source><\/source><\/video><\/div>\n<\/div>\n\n","protected":false},"excerpt":{"rendered":"<p>Espa\u00f1a activ\u00f3 la noche del mi\u00e9rcoles (13.08.2025) el mecanismo de solicitud de ayuda a la Uni\u00f3n Europea (UE) para combatir los numerosos incendios que asolan el pa\u00eds, y solicit\u00f3 \u00abdos aviones Canadair\u00bb, seg\u00fan anunci\u00f3 el ministro del Interior, Fernando Grande-Marlaska. \u00abHemos formalizado esta misma noche\u00bb la solicitud de ayuda a la UE a trav\u00e9s del &hellip;<\/p>\n","protected":false},"author":1,"featured_media":40255,"comment_status":"open","ping_status":"open","sticky":false,"template":"","format":"standard","meta":{"fifu_image_url":"https:\/\/static.dw.com\/image\/73631057_6.jpg","fifu_image_alt":"","footnotes":""},"categories":[13],"tags":[],"class_list":["post-40254","post","type-post","status-publish","format-standard","has-post-thumbnail","","category-mundo"],"_links":{"self":[{"href":"https:\/\/noticiasveraces.com\/index.php?rest_route=\/wp\/v2\/posts\/40254","targetHints":{"allow":["GET"]}}],"collection":[{"href":"https:\/\/noticiasveraces.com\/index.php?rest_route=\/wp\/v2\/posts"}],"about":[{"href":"https:\/\/noticiasveraces.com\/index.php?rest_route=\/wp\/v2\/types\/post"}],"author":[{"embeddable":true,"href":"https:\/\/noticiasveraces.com\/index.php?rest_route=\/wp\/v2\/users\/1"}],"replies":[{"embeddable":true,"href":"https:\/\/noticiasveraces.com\/index.php?rest_route=%2Fwp%2Fv2%2Fcomments&post=40254"}],"version-history":[{"count":0,"href":"https:\/\/noticiasveraces.com\/index.php?rest_route=\/wp\/v2\/posts\/40254\/revisions"}],"wp:featuredmedia":[{"embeddable":true,"href":"https:\/\/noticiasveraces.com\/index.php?rest_route=\/wp\/v2\/media\/40255"}],"wp:attachment":[{"href":"https:\/\/noticiasveraces.com\/index.php?rest_route=%2Fwp%2Fv2%2Fmedia&parent=40254"}],"wp:term":[{"taxonomy":"category","embeddable":true,"href":"https:\/\/noticiasveraces.com\/index.php?rest_route=%2Fwp%2Fv2%2Fcategories&post=40254"},{"taxonomy":"post_tag","embeddable":true,"href":"https:\/\/noticiasveraces.com\/index.php?rest_route=%2Fwp%2Fv2%2Ftags&post=40254"}],"curies":[{"name":"wp","href":"https:\/\/api.w.org\/{rel}","templated":true}]}}