{"id":40226,"date":"2025-08-13T19:10:14","date_gmt":"2025-08-13T23:10:14","guid":{"rendered":"https:\/\/noticiasveraces.com\/?p=40226"},"modified":"2025-08-13T19:10:14","modified_gmt":"2025-08-13T23:10:14","slug":"la-aemet-preve-que-los-primeros-20-dias-de-este-agosto-sean-los-mas-calidos-en-espana-desde-que-hay-registros-clima-y-medio-ambiente","status":"publish","type":"post","link":"https:\/\/noticiasveraces.com\/?p=40226","title":{"rendered":"La Aemet prev\u00e9 que los primeros 20 d\u00edas de este agosto sean los m\u00e1s c\u00e1lidos en Espa\u00f1a desde que hay registros | Clima y Medio Ambiente"},"content":{"rendered":"<p> \n<\/p>\n<div data-dtm-region=\"articulo_cuerpo\">\n<p class=\"\">El d\u00eda m\u00e1s c\u00e1lido de toda la ola de calor de agosto \u2014y de todo el verano\u2014 en Espa\u00f1a fue el martes. Seg\u00fan la Agencia Estatal de Meteorolog\u00eda (Aemet), los d\u00edas 11 y 12 de este mes marcaron r\u00e9cords de calor. La agencia tambi\u00e9n prev\u00e9 que los 20 primeros d\u00edas de este mes (en una mezcla de registros con previsiones) sean los m\u00e1s c\u00e1lidos en Espa\u00f1a desde que hay registros: \u201cNo hay precedentes\u201d, dice la agencia, \u201cde un per\u00edodo comprendido entre el 1 y el 20 de agosto tan c\u00e1lido como el de 2025\u2033. El martes, 165 estaciones de la Aemet superaron o igualaron los 40 grados de m\u00e1xima. En 62 de ellas se registraron 42 grados o m\u00e1s.<\/p>\n<p class=\"\">La situaci\u00f3n el martes, como se ha sabido este mi\u00e9rcoles, fue brutal en la estaci\u00f3n de Aemet en Badajoz Universidad, en Badajoz, donde a las 13.50 horas marc\u00f3 45,5 grados. Poco despu\u00e9s, a las 14.20, en Tablada, en Sevilla, hubo 45,2 grados. La madrugada de este mi\u00e9rcoles tambi\u00e9n ha sido t\u00f3rrida (cuando las m\u00ednimas no bajan de los 25 grados) en la misma localidad sevillana con 29,8 grados. En Villarrasa, en Huelva, hubo 29,7 grados. <\/p>\n<figure class=\"a_m a_m-h \"><span class=\"_db a_m_w _pr lb_btn\"><img alt=\"Turistas protegidos del sol con sombrero y paraguas, este mi\u00e9rcoles en Sevilla.\" decoding=\"auto\" class=\"_re lazyload a_m-h\" height=\"276\" srcset=\"https:\/\/imagenes.elpais.com\/resizer\/v2\/T6QJD2UPIVBIDBENN22NDZKGLU.jpg?auth=2d9358708b27eed715a8dbec128c3236390d58be6bc0c10f873d7e95f205bc9e&amp;width=414 414w,https:\/\/imagenes.elpais.com\/resizer\/v2\/T6QJD2UPIVBIDBENN22NDZKGLU.jpg?auth=2d9358708b27eed715a8dbec128c3236390d58be6bc0c10f873d7e95f205bc9e&amp;width=828 640w,https:\/\/imagenes.elpais.com\/resizer\/v2\/T6QJD2UPIVBIDBENN22NDZKGLU.jpg?auth=2d9358708b27eed715a8dbec128c3236390d58be6bc0c10f873d7e95f205bc9e&amp;width=980 1000w,https:\/\/imagenes.elpais.com\/resizer\/v2\/T6QJD2UPIVBIDBENN22NDZKGLU.jpg?auth=2d9358708b27eed715a8dbec128c3236390d58be6bc0c10f873d7e95f205bc9e&amp;width=1960 1960w\" width=\"414\" sizes=\"auto, (min-width:1199px) 1155px,(min-width:1001px) calc(100vw - 44px),(min-width:768px) 767px, 100vw\" src=\"https:\/\/imagenes.elpais.com\/resizer\/v2\/T6QJD2UPIVBIDBENN22NDZKGLU.jpg?auth=2d9358708b27eed715a8dbec128c3236390d58be6bc0c10f873d7e95f205bc9e&amp;width=414\" loading=\"lazy\"\/><svg aria-hidden=\"true\" class=\"icon_multimedia_ampliar | _pa a_m_i a_m_i-a _dn\" viewbox=\"0 0 40 40\"><use xlink:href=\"#svg-ampliar\"\/><\/svg><\/span><figcaption class=\"a_m_p\" aria-hidden=\"true\"><span>Turistas protegidos del sol con sombrero y paraguas, este mi\u00e9rcoles en Sevilla.<\/span><span class=\"a_m_m\">PACO PUENTES<\/span><\/figcaption><\/figure>\n<p class=\"\">Jos\u00e9 Luis Camacho, portavoz de la Aemet, ha explicado este mi\u00e9rcoles que el promedio de los primeros 20 d\u00edas de agosto se calcula a partir de los datos ya observados \u2014correspondientes a los primeros 13 d\u00edas del mes\u2014 y las previsiones para los d\u00edas restantes hasta el final de la ola de calor, que la agencia estatal espera que concluya el lunes 18 de agosto. Comenta que, siguiendo esta estimaci\u00f3n, la ola de calor actual se puede asemejar a la de 2003, un fen\u00f3meno \u201cque afect\u00f3 a gran parte de Europa occidental, en la que hubo una mortalidad muy elevada y que nos pill\u00f3 un poco por sorpresa\u201d.<\/p>\n<p class=\"\">Ahora, 22 a\u00f1os despu\u00e9s, el cambio clim\u00e1tico ha convertido las olas de calor en episodios cada vez m\u00e1s duraderos, intensos y m\u00e1s frecuentes. Las temperaturas extremas que azotan Espa\u00f1a desde el 3 de agosto llevan ya 12 d\u00edas en los que algunas ciudades han registrado r\u00e9cords para el mes. Lleida, por ejemplo, el 11 de agosto registr\u00f3 41,9 grados de m\u00e1xima, superando el r\u00e9cord de 2023, en 0,5 grados. Lo mismo sucedi\u00f3 en Segovia con la temperatura m\u00ednima m\u00e1s alta, con 26,2 el 10 de agosto, superando la m\u00e1xima de hace dos a\u00f1os, que fue 25,9 grados. <\/p>\n<p class=\"\">Camacho explica que las temperaturas m\u00ednimas tan elevadas que ha habido son las que m\u00e1s impacto han causado, no solo en la falta de sue\u00f1o que vive la ciudadan\u00eda, sino tambi\u00e9n por lo inusual, sobre todo en algunas zonas de la pen\u00ednsula. \u201cUna noche en la cual la temperatura no baja de casi 27 grados en Segovia llama bastante la atenci\u00f3n, es una ciudad que est\u00e1 a 1.000 metros de altura\u201d, ha indicado el especialista. <\/p>\n<p class=\"\">Este mi\u00e9rcoles ha habido un ligero descenso de las temperaturas, aunque el calor no abandon\u00f3 ninguna regi\u00f3n del pa\u00eds. Para este jueves, sin embargo, las altas temperaturas volver\u00e1n a repuntar en la pen\u00ednsula y Canarias. Seg\u00fan la Aemet, el aumento t\u00e9rmico se notar\u00e1 especialmente en el cuadrante noroeste, sobre todo en Galicia, donde se alcanzar\u00e1n entre 38 y 40 grados, en la meseta norte y en el interior de la regi\u00f3n. En el este y sur peninsular, los term\u00f3metros superar\u00e1n los 40 o 42 grados.<\/p>\n<p class=\"\">Seg\u00fan las previsiones de la agencia estatal, este jueves ninguna comunidad aut\u00f3noma est\u00e1 en aviso rojo por altas temperaturas, aunque Andaluc\u00eda, Arag\u00f3n, Castilla-La Mancha, Catalu\u00f1a, Extremadura y Galicia mantienen aviso naranja por riesgo importante. En cambio, el mapa de riesgo de incendios muestra gran parte de Espa\u00f1a en niveles muy altos o extremos.<\/p>\n<p class=\"\">Durante todo el fin de semana, las temperaturas continuar\u00e1n en aumento, extendi\u00e9ndose a la mitad oriental. El viernes este ascenso ser\u00e1 notable, \u201cincluso extraordinario\u201d en el Cant\u00e1brico, donde se podr\u00e1n alcanzar los 40 grados. El domingo se espera que sea el d\u00eda con los valores m\u00e1s altos, con registros de 42 o 44 grados en el valle del Guadalquivir y con menor probabilidad y extensi\u00f3n en los valles del Guadiana y del Segura y en las depresiones del nordeste.<\/p>\n<p class=\"\">La agencia indica que lo m\u00e1s probable es que el lunes bajen las temperaturas por el oeste, dada la entrada progresiva de una masa de aire m\u00e1s fresco del Atl\u00e1ntico. Esto se extender\u00e1 durante los d\u00edas siguientes a toda la pen\u00ednsula y dar\u00e1 lugar a \u201cunas temperaturas m\u00e1s propias de estas fechas y finalizando as\u00ed probablemente este episodio de ola de calor\u201d.<\/p>\n<p class=\"\">Agosto no ha sido el \u00fanico mes en registrar r\u00e9cords o temperaturas extremas. Junio fue el m\u00e1s c\u00e1lido de la serie hist\u00f3rica (1961-2024), con 3,6 grados por encima de la media. Julio tambi\u00e9n tuvo un car\u00e1cter c\u00e1lido, con una temperatura media en la Pen\u00ednsula de 23,8 grados, lo que supone 0,7 grados m\u00e1s que la media de este mes en el periodo 1991-2020, seg\u00fan ha informado este mi\u00e9rcoles la Aemet. Camacho resalt\u00f3: \u201cLa temperatura media del mes de junio en la pen\u00ednsula ha sido igual que si fuera julio. Eso ya nos da combustible para que el verano en conjunto sea realmente c\u00e1lido. Y de agosto, de momento, llevamos la mitad\u201d.<\/p>\n<p class=\"\">La ministra de Transici\u00f3n Ecol\u00f3gica y Reto Demogr\u00e1fico, Sara Aagesen, ha recordado estas cifras con relaci\u00f3n a los incendios que han azotado Espa\u00f1a en los \u00faltimos d\u00edas: \u201cTodo esto contribuye a que las situaciones tambi\u00e9n en los bosques sean much\u00edsimo m\u00e1s complicadas\u201d, ha se\u00f1alado.<\/p>\n<p class=\"\">La ola de calor que asfixia a Espa\u00f1a tambi\u00e9n golpea al resto de Europa, en pa\u00edses como Portugal, Francia, el Reino Unido, Italia y hasta Turqu\u00eda, con temperaturas extremas por encima de los 40 grados. <\/p>\n<\/div>\n\n","protected":false},"excerpt":{"rendered":"<p>El d\u00eda m\u00e1s c\u00e1lido de toda la ola de calor de agosto \u2014y de todo el verano\u2014 en Espa\u00f1a fue el martes. Seg\u00fan la Agencia Estatal de Meteorolog\u00eda (Aemet), los d\u00edas 11 y 12 de este mes marcaron r\u00e9cords de calor. La agencia tambi\u00e9n prev\u00e9 que los 20 primeros d\u00edas de este mes (en una &hellip;<\/p>\n","protected":false},"author":1,"featured_media":40227,"comment_status":"open","ping_status":"open","sticky":false,"template":"","format":"standard","meta":{"fifu_image_url":"https:\/\/imagenes.elpais.com\/resizer\/v2\/JUX5XY4SSRCB3NYSI2RHFAZJVM.jpg?auth=10813fc652989631c72c36410609eb1ffc23e6dc36c3abb63fd7fb3515b9a5f3&width=1200","fifu_image_alt":"","footnotes":""},"categories":[11],"tags":[],"class_list":["post-40226","post","type-post","status-publish","format-standard","has-post-thumbnail","","category-viaje"],"_links":{"self":[{"href":"https:\/\/noticiasveraces.com\/index.php?rest_route=\/wp\/v2\/posts\/40226","targetHints":{"allow":["GET"]}}],"collection":[{"href":"https:\/\/noticiasveraces.com\/index.php?rest_route=\/wp\/v2\/posts"}],"about":[{"href":"https:\/\/noticiasveraces.com\/index.php?rest_route=\/wp\/v2\/types\/post"}],"author":[{"embeddable":true,"href":"https:\/\/noticiasveraces.com\/index.php?rest_route=\/wp\/v2\/users\/1"}],"replies":[{"embeddable":true,"href":"https:\/\/noticiasveraces.com\/index.php?rest_route=%2Fwp%2Fv2%2Fcomments&post=40226"}],"version-history":[{"count":0,"href":"https:\/\/noticiasveraces.com\/index.php?rest_route=\/wp\/v2\/posts\/40226\/revisions"}],"wp:featuredmedia":[{"embeddable":true,"href":"https:\/\/noticiasveraces.com\/index.php?rest_route=\/wp\/v2\/media\/40227"}],"wp:attachment":[{"href":"https:\/\/noticiasveraces.com\/index.php?rest_route=%2Fwp%2Fv2%2Fmedia&parent=40226"}],"wp:term":[{"taxonomy":"category","embeddable":true,"href":"https:\/\/noticiasveraces.com\/index.php?rest_route=%2Fwp%2Fv2%2Fcategories&post=40226"},{"taxonomy":"post_tag","embeddable":true,"href":"https:\/\/noticiasveraces.com\/index.php?rest_route=%2Fwp%2Fv2%2Ftags&post=40226"}],"curies":[{"name":"wp","href":"https:\/\/api.w.org\/{rel}","templated":true}]}}