{"id":40216,"date":"2025-08-13T17:00:16","date_gmt":"2025-08-13T21:00:16","guid":{"rendered":"https:\/\/noticiasveraces.com\/?p=40216"},"modified":"2025-08-13T17:00:16","modified_gmt":"2025-08-13T21:00:16","slug":"netanyahu-ofrece-ayuda-de-la-crisis-del-agua-de-iran-si-el-regimen-se-elimina-en-medio-de-escasez","status":"publish","type":"post","link":"https:\/\/noticiasveraces.com\/?p=40216","title":{"rendered":"Netanyahu ofrece ayuda de la crisis del agua de Ir\u00e1n si el r\u00e9gimen se elimina en medio de escasez"},"content":{"rendered":"<p> \n<\/p>\n<div>\n<div id=\"beyondwords-wrapper\" class=\"beyondwords-wrapper\">\n<p><span class=\"label-bg\">NUEVO<\/span>\u00a1Ahora puedes escuchar art\u00edculos de Fox News!\n  <\/p>\n<\/div>\n<p class=\"speakable\">Ir\u00e1n se enfrenta a una intensa crisis del agua, pero la ayuda pronto podr\u00eda provenir de una fuente poco probable, siempre que los \u00abtiranos\u00bb est\u00e9n fuera del poder.<\/p>\n<p class=\"speakable\">El primer ministro israel\u00ed, Benjamin Netanyahu, emiti\u00f3 un mensaje a la gente de Ir\u00e1n solo unos d\u00edas despu\u00e9s de que el presidente iran\u00ed Masoud Pezeshkian advirti\u00f3 contra el uso excesivo de agua, diciendo que el pa\u00eds est\u00e1 al borde de la grave escasez.<\/p>\n<div class=\"image-ct inline\">\n<div class=\"m\"><picture><source media=\"(max-width: 767px)\" srcset=\"https:\/\/a57.foxnews.com\/static.foxnews.com\/foxnews.com\/content\/uploads\/2025\/08\/343\/192\/iran-water-shortage-2025.jpg?ve=1&amp;tl=1, https:\/\/a57.foxnews.com\/static.foxnews.com\/foxnews.com\/content\/uploads\/2025\/08\/686\/384\/iran-water-shortage-2025.jpg?ve=1&amp;tl=1 2x\" height=\"192\" width=\"343\"><source media=\"(min-width: 768px) and (max-width: 1023px)\" srcset=\"https:\/\/a57.foxnews.com\/static.foxnews.com\/foxnews.com\/content\/uploads\/2025\/08\/672\/378\/iran-water-shortage-2025.jpg?ve=1&amp;tl=1, https:\/\/a57.foxnews.com\/static.foxnews.com\/foxnews.com\/content\/uploads\/2025\/08\/1344\/756\/iran-water-shortage-2025.jpg?ve=1&amp;tl=1 2x\" height=\"378\" width=\"672\"><source media=\"(min-width: 1024px) and (max-width: 1279px)\" srcset=\"https:\/\/a57.foxnews.com\/static.foxnews.com\/foxnews.com\/content\/uploads\/2025\/08\/931\/523\/iran-water-shortage-2025.jpg?ve=1&amp;tl=1, https:\/\/a57.foxnews.com\/static.foxnews.com\/foxnews.com\/content\/uploads\/2025\/08\/1862\/1046\/iran-water-shortage-2025.jpg?ve=1&amp;tl=1 2x\" height=\"523\" width=\"931\"><source media=\"(min-width: 1280px)\" srcset=\"https:\/\/a57.foxnews.com\/static.foxnews.com\/foxnews.com\/content\/uploads\/2025\/08\/720\/405\/iran-water-shortage-2025.jpg?ve=1&amp;tl=1, https:\/\/a57.foxnews.com\/static.foxnews.com\/foxnews.com\/content\/uploads\/2025\/08\/1440\/810\/iran-water-shortage-2025.jpg?ve=1&amp;tl=1 2x\" height=\"405\" width=\"720\"><img loading=\"lazy\" decoding=\"async\" src=\"https:\/\/a57.foxnews.com\/static.foxnews.com\/foxnews.com\/content\/uploads\/2025\/08\/1200\/675\/iran-water-shortage-2025.jpg?ve=1&amp;tl=1\" alt=\"Ir\u00e1n frente a la crisis del agua\" width=\"1200\" height=\"675\"\/><\/source><\/source><\/source><\/source><\/picture><\/div>\n<div class=\"info\">\n<div class=\"caption\">\n<p><span>La presa Amir Kabir en las afueras de Teher\u00e1n el 29 de julio de 2025. El presidente Masoud Pezeshkian advirti\u00f3 el domingo que partes de Ir\u00e1n enfrentan una crisis de agua \u00abseria\u00bb.<\/span> <span>(Xinhua a trav\u00e9s de Getty Images)<\/span><\/p>\n<\/div>\n<\/div>\n<\/div>\n<p><strong><u>As\u00ed es como podr\u00eda verse un Ir\u00e1n posterior al ayatol\u00e1 si la guerra con Israel conduce a la ca\u00edda del r\u00e9gimen<\/u><\/strong><\/p>\n<p>Ir\u00e1n ha enfrentado escasez de electricidad, gas y agua durante los meses de pico de demanda debido a la mala gesti\u00f3n y el consumo excesivo, seg\u00fan Reuters. La salida, citando la agencia de noticias semioficial de Tasnim, inform\u00f3 que la escasez grave podr\u00eda llegar al pa\u00eds tan pronto como el pr\u00f3ximo mes.<\/p>\n<p>\u00abLa sed de agua en Ir\u00e1n solo coincide con la sed de libertad\u00bb, dijo Netanyahu en un video que se dirige a la gente de Ir\u00e1n. <\/p>\n<p>Netanyahu compar\u00f3 el tratamiento del r\u00e9gimen de sus ciudadanos con la lucha de Israel contra \u00e9l, diciendo: \u00abTus dictadores te imponen tiran\u00eda y pobreza, tal como nos imponen la guerra\u00bb.<\/p>\n<div class=\"image-ct inline\">\n<div class=\"m\"><picture><source media=\"(max-width: 767px)\" srcset=\"https:\/\/a57.foxnews.com\/static.foxnews.com\/foxnews.com\/content\/uploads\/2025\/08\/343\/192\/netanyahu-benjamin-israel-81325.jpg?ve=1&amp;tl=1, https:\/\/a57.foxnews.com\/static.foxnews.com\/foxnews.com\/content\/uploads\/2025\/08\/686\/384\/netanyahu-benjamin-israel-81325.jpg?ve=1&amp;tl=1 2x\" height=\"192\" width=\"343\"><source media=\"(min-width: 768px) and (max-width: 1023px)\" srcset=\"https:\/\/a57.foxnews.com\/static.foxnews.com\/foxnews.com\/content\/uploads\/2025\/08\/672\/378\/netanyahu-benjamin-israel-81325.jpg?ve=1&amp;tl=1, https:\/\/a57.foxnews.com\/static.foxnews.com\/foxnews.com\/content\/uploads\/2025\/08\/1344\/756\/netanyahu-benjamin-israel-81325.jpg?ve=1&amp;tl=1 2x\" height=\"378\" width=\"672\"><source media=\"(min-width: 1024px) and (max-width: 1279px)\" srcset=\"https:\/\/a57.foxnews.com\/static.foxnews.com\/foxnews.com\/content\/uploads\/2025\/08\/931\/523\/netanyahu-benjamin-israel-81325.jpg?ve=1&amp;tl=1, https:\/\/a57.foxnews.com\/static.foxnews.com\/foxnews.com\/content\/uploads\/2025\/08\/1862\/1046\/netanyahu-benjamin-israel-81325.jpg?ve=1&amp;tl=1 2x\" height=\"523\" width=\"931\"><source media=\"(min-width: 1280px)\" srcset=\"https:\/\/a57.foxnews.com\/static.foxnews.com\/foxnews.com\/content\/uploads\/2025\/08\/720\/405\/netanyahu-benjamin-israel-81325.jpg?ve=1&amp;tl=1, https:\/\/a57.foxnews.com\/static.foxnews.com\/foxnews.com\/content\/uploads\/2025\/08\/1440\/810\/netanyahu-benjamin-israel-81325.jpg?ve=1&amp;tl=1 2x\" height=\"405\" width=\"720\"><img loading=\"lazy\" decoding=\"async\" src=\"https:\/\/a57.foxnews.com\/static.foxnews.com\/foxnews.com\/content\/uploads\/2025\/08\/1200\/675\/netanyahu-benjamin-israel-81325.jpg?ve=1&amp;tl=1\" alt=\"El primer ministro israel\u00ed, Benjamin Netanyahu, se encuentra en un podio, hablando en un micr\u00f3fono\" width=\"1200\" height=\"675\"\/><\/source><\/source><\/source><\/source><\/picture><\/div>\n<div class=\"info\">\n<div class=\"caption\">\n<p><span>El primer ministro israel\u00ed, Benjamin Netanyahu, habla en la ceremonia de apertura del Museo de la Kn\u00e9set en Jerusal\u00e9n, lunes 11 de agosto de 2025.<\/span> <span>(Photo AP\/Ohad Zwigenberg, piscina)<\/span><\/p>\n<\/div>\n<\/div>\n<\/div>\n<p><strong>Netanyahu llama a los ciudadanos iran\u00edes a aprovechar la &#8216;oportunidad&#8217; para el cambio de r\u00e9gimen<\/strong><\/p>\n<p>Si bien se detuvo en el momento de la revoluci\u00f3n o el cambio de r\u00e9gimen, el l\u00edder israel\u00ed colg\u00f3 un claro incentivo para que los iran\u00edes se levanten: eliminar el r\u00e9gimen e Israel ayudar\u00e1 a poner fin a la crisis del agua del pa\u00eds. <\/p>\n<p>\u00abAs\u00ed que aqu\u00ed est\u00e1 la gran noticia: en el momento en que su pa\u00eds est\u00e1 libre, los mejores expertos en agua de Israel inundar\u00e1n a todas las ciudades iran\u00edes que traen tecnolog\u00eda y conocimientos de vanguardia. Ayudaremos a Ir\u00e1n a reciclar agua; ayudaremos a Ir\u00e1n a desalinizar el agua\u00bb.<\/p>\n<p>La experta en Ir\u00e1n y editora en jefe del escritorio extranjero Lisa Daftari dijo que el mensaje de Netanyahu era \u00abuna se\u00f1al de pol\u00edtica clara envuelta en ayuda humanitaria\u00bb.<\/p>\n<p>\u00abLes dijo que Israel tiene la tecnolog\u00eda, la experiencia y la voluntad de poner fin a su crisis del agua, pero que esta ayuda fluir\u00e1 solo cuando Ir\u00e1n ya no sea gobernado por el r\u00e9gimen actual. Era un v\u00ednculo directo entre el cambio pol\u00edtico y la mejora tangible en la vida diaria, reconociendo las luchas diarias de la gente irania de la gente irania y la responsabilidad y la oportunidad en sus manos\u00bb, dijo Daftari Digital.<\/p>\n<p>\u00abAl atar el agua a la libertad, est\u00e1 haciendo que la idea de la resistencia sea m\u00e1s inmediata y personal. Es un gui\u00f1o a los puntos en com\u00fan compartido por los pueblos israel\u00ed e iran\u00ed que solo quieren vivir vidas normales lejos del radicalismo\u00bb, agreg\u00f3.<\/p>\n<p>En junio, Israel e Ir\u00e1n pelearon una guerra de 12 d\u00edas despu\u00e9s de que Jerusal\u00e9n actu\u00f3 contra el programa nuclear de Teher\u00e1n. Estados Unidos finalmente se uni\u00f3, ayudando a Israel a destruir instalaciones nucleares, incluidas Fordow, Natanz e Isfahan. <\/p>\n<div class=\"image-ct inline\">\n<div class=\"m\"><picture><source media=\"(max-width: 767px)\" srcset=\"https:\/\/a57.foxnews.com\/static.foxnews.com\/foxnews.com\/content\/uploads\/2025\/06\/343\/192\/iran-attack.jpg?ve=1&amp;tl=1, https:\/\/a57.foxnews.com\/static.foxnews.com\/foxnews.com\/content\/uploads\/2025\/06\/686\/384\/iran-attack.jpg?ve=1&amp;tl=1 2x\" height=\"192\" width=\"343\"><source media=\"(min-width: 768px) and (max-width: 1023px)\" srcset=\"https:\/\/a57.foxnews.com\/static.foxnews.com\/foxnews.com\/content\/uploads\/2025\/06\/672\/378\/iran-attack.jpg?ve=1&amp;tl=1, https:\/\/a57.foxnews.com\/static.foxnews.com\/foxnews.com\/content\/uploads\/2025\/06\/1344\/756\/iran-attack.jpg?ve=1&amp;tl=1 2x\" height=\"378\" width=\"672\"><source media=\"(min-width: 1024px) and (max-width: 1279px)\" srcset=\"https:\/\/a57.foxnews.com\/static.foxnews.com\/foxnews.com\/content\/uploads\/2025\/06\/931\/523\/iran-attack.jpg?ve=1&amp;tl=1, https:\/\/a57.foxnews.com\/static.foxnews.com\/foxnews.com\/content\/uploads\/2025\/06\/1862\/1046\/iran-attack.jpg?ve=1&amp;tl=1 2x\" height=\"523\" width=\"931\"><source media=\"(min-width: 1280px)\" srcset=\"https:\/\/a57.foxnews.com\/static.foxnews.com\/foxnews.com\/content\/uploads\/2025\/06\/720\/405\/iran-attack.jpg?ve=1&amp;tl=1, https:\/\/a57.foxnews.com\/static.foxnews.com\/foxnews.com\/content\/uploads\/2025\/06\/1440\/810\/iran-attack.jpg?ve=1&amp;tl=1 2x\" height=\"405\" width=\"720\"><img loading=\"lazy\" decoding=\"async\" src=\"https:\/\/a57.foxnews.com\/static.foxnews.com\/foxnews.com\/content\/uploads\/2025\/06\/1200\/675\/iran-attack.jpg?ve=1&amp;tl=1\" alt=\"Despu\u00e9s de una huelga israel\u00ed en el dep\u00f3sito de petr\u00f3leo Sharan de Ir\u00e1n\" width=\"1200\" height=\"675\"\/><\/source><\/source><\/source><\/source><\/picture><\/div>\n<div class=\"info\">\n<div class=\"caption\">\n<p><span>Las banderas iran\u00edes vuelan como fuego y humo de un ataque israel\u00ed contra el aumento del dep\u00f3sito de petr\u00f3leo de Sharan en Teher\u00e1n, el 15 de junio de 2025.<\/span> <span>(Agencia de noticias Majid Asgaripour\/West Asia) a trav\u00e9s de Reuters)<\/span><\/p>\n<\/div>\n<\/div>\n<\/div>\n<p><strong><u>Haga clic aqu\u00ed para obtener la aplicaci\u00f3n Fox News<\/u><\/strong><\/p>\n<p>Despu\u00e9s de la guerra, el r\u00e9gimen iran\u00ed intensific\u00f3 su represi\u00f3n contra los civiles. El martes, Reuters inform\u00f3 que la polic\u00eda iran\u00ed afirm\u00f3 haber arrestado hasta 21,000 personas durante el conflicto. A pesar de los arrestos, no ha habido informes cre\u00edbles de manifestaciones masivas o intentos de golpe de estado.<\/p>\n<p>Netanyahu no es el \u00fanico que critica al r\u00e9gimen iran\u00ed; El pr\u00edncipe heredero exiliado Reza Pahlavi tambi\u00e9n ha condenado su manejo del suministro de agua de la naci\u00f3n.<\/p>\n<p>\u00abEste r\u00e9gimen ha llevado el agua, la tierra, el aire, los cielos, las vidas y la riqueza de Ir\u00e1n. en X.<\/p>\n<p>En julio, Pezeshkian rechaz\u00f3 una propuesta del gobierno de imponer un d\u00eda libre de mitad de semana o unas vacaciones de verano de una semana para frenar la escasez. Dijo que \u00abcerrar es un encubrimiento y no una soluci\u00f3n al problema de escasez de agua\u00bb, seg\u00fan Reuters.<\/p>\n<p> <!----> <\/p>\n<div class=\"article-meta\">\n<div class=\"author-bio\">\n<p>Rachel Wolf es una escritora de noticias de Fox News Digital y Fox Business.<\/p>\n<\/div>\n<\/div>\n<\/div>\n\n","protected":false},"excerpt":{"rendered":"<p>NUEVO\u00a1Ahora puedes escuchar art\u00edculos de Fox News! Ir\u00e1n se enfrenta a una intensa crisis del agua, pero la ayuda pronto podr\u00eda provenir de una fuente poco probable, siempre que los \u00abtiranos\u00bb est\u00e9n fuera del poder. El primer ministro israel\u00ed, Benjamin Netanyahu, emiti\u00f3 un mensaje a la gente de Ir\u00e1n solo unos d\u00edas despu\u00e9s de que &hellip;<\/p>\n","protected":false},"author":1,"featured_media":40218,"comment_status":"open","ping_status":"open","sticky":false,"template":"","format":"standard","meta":{"fifu_image_url":"https:\/\/static.foxnews.com\/foxnews.com\/content\/uploads\/2025\/03\/netanyahu-2.jpg","fifu_image_alt":"","footnotes":""},"categories":[13],"tags":[],"class_list":["post-40216","post","type-post","status-publish","format-standard","has-post-thumbnail","","category-mundo"],"_links":{"self":[{"href":"https:\/\/noticiasveraces.com\/index.php?rest_route=\/wp\/v2\/posts\/40216","targetHints":{"allow":["GET"]}}],"collection":[{"href":"https:\/\/noticiasveraces.com\/index.php?rest_route=\/wp\/v2\/posts"}],"about":[{"href":"https:\/\/noticiasveraces.com\/index.php?rest_route=\/wp\/v2\/types\/post"}],"author":[{"embeddable":true,"href":"https:\/\/noticiasveraces.com\/index.php?rest_route=\/wp\/v2\/users\/1"}],"replies":[{"embeddable":true,"href":"https:\/\/noticiasveraces.com\/index.php?rest_route=%2Fwp%2Fv2%2Fcomments&post=40216"}],"version-history":[{"count":0,"href":"https:\/\/noticiasveraces.com\/index.php?rest_route=\/wp\/v2\/posts\/40216\/revisions"}],"wp:featuredmedia":[{"embeddable":true,"href":"https:\/\/noticiasveraces.com\/index.php?rest_route=\/wp\/v2\/media\/40218"}],"wp:attachment":[{"href":"https:\/\/noticiasveraces.com\/index.php?rest_route=%2Fwp%2Fv2%2Fmedia&parent=40216"}],"wp:term":[{"taxonomy":"category","embeddable":true,"href":"https:\/\/noticiasveraces.com\/index.php?rest_route=%2Fwp%2Fv2%2Fcategories&post=40216"},{"taxonomy":"post_tag","embeddable":true,"href":"https:\/\/noticiasveraces.com\/index.php?rest_route=%2Fwp%2Fv2%2Ftags&post=40216"}],"curies":[{"name":"wp","href":"https:\/\/api.w.org\/{rel}","templated":true}]}}