{"id":40177,"date":"2025-08-13T08:46:45","date_gmt":"2025-08-13T12:46:45","guid":{"rendered":"https:\/\/noticiasveraces.com\/?p=40177"},"modified":"2025-08-13T08:46:45","modified_gmt":"2025-08-13T12:46:45","slug":"ejercito-israeli-respalda-plan-para-nueva-ofensiva-en-gaza-dw-13-08-2025","status":"publish","type":"post","link":"https:\/\/noticiasveraces.com\/?p=40177","title":{"rendered":"Ej\u00e9rcito israel\u00ed respalda plan para nueva ofensiva en Gaza \u2013 DW \u2013 13\/08\/2025"},"content":{"rendered":"<p> \n<\/p>\n<div data-tracking-name=\"rich-text\" data-tracking-skip=\"true\">\n<p>El Ej\u00e9rcito israel\u00ed anunci\u00f3 este mi\u00e9rcoles (13.08.2025) que aprob\u00f3 el \u00abmarco\u00bb para una nueva ofensiva en la Franja de Gaza, d\u00edas despu\u00e9s de que el gabinete de seguridad pidiera la toma de Ciudad de Gaza, la principal aglomeraci\u00f3n del territorio palestino.<\/p>\n<p>El jefe del Estado Mayor, el teniente general Eyal Zamir, \u00abaprob\u00f3 el marco principal del plan operativo del ej\u00e9rcito en la Franja de Gaza\u00bb, seg\u00fan un comunicado militar.<\/p>\n<p>El Gobierno del primer ministro Benjamin Netanyahu no ha suministrado un calendario para el ingreso de las fuerzas israel\u00edes a la ciudad, donde se han refugiado miles de personas tras huir de ofensivas previas.<\/p>\n<p>Seg\u00fan la Defensa Civil de Gaza, los bombardeos a\u00e9reos israel\u00edes se han intensificado los \u00faltimos d\u00edas. La aprobaci\u00f3n del plan fue divulgado horas despu\u00e9s de que Ham\u00e1s anunciara que una delegaci\u00f3n del movimiento islamista lleg\u00f3 a El Cairo para \u00abconversaciones preliminares\u00bb con autoridades egipcias sobre una tregua temporal.<\/p>\n<p>Los planes israel\u00edes de expandir la guerra en Gaza despu\u00e9s de 22 meses de combates provocaron cr\u00edticas internacionales y oposici\u00f3n interna.<\/p>\n<p>Expertos respaldados por la ONU han advertido de una hambruna en el territorio, donde Israel ha limitado dr\u00e1sticamente la entrada de ayuda humanitaria.<\/p>\n<p>CT (AFP, Efe)<\/p>\n<\/div>\n\n","protected":false},"excerpt":{"rendered":"<p>El Ej\u00e9rcito israel\u00ed anunci\u00f3 este mi\u00e9rcoles (13.08.2025) que aprob\u00f3 el \u00abmarco\u00bb para una nueva ofensiva en la Franja de Gaza, d\u00edas despu\u00e9s de que el gabinete de seguridad pidiera la toma de Ciudad de Gaza, la principal aglomeraci\u00f3n del territorio palestino. El jefe del Estado Mayor, el teniente general Eyal Zamir, \u00abaprob\u00f3 el marco principal &hellip;<\/p>\n","protected":false},"author":1,"featured_media":40178,"comment_status":"open","ping_status":"open","sticky":false,"template":"","format":"standard","meta":{"fifu_image_url":"https:\/\/static.dw.com\/image\/73609575_6.jpg","fifu_image_alt":"","footnotes":""},"categories":[13],"tags":[],"class_list":["post-40177","post","type-post","status-publish","format-standard","has-post-thumbnail","","category-mundo"],"_links":{"self":[{"href":"https:\/\/noticiasveraces.com\/index.php?rest_route=\/wp\/v2\/posts\/40177","targetHints":{"allow":["GET"]}}],"collection":[{"href":"https:\/\/noticiasveraces.com\/index.php?rest_route=\/wp\/v2\/posts"}],"about":[{"href":"https:\/\/noticiasveraces.com\/index.php?rest_route=\/wp\/v2\/types\/post"}],"author":[{"embeddable":true,"href":"https:\/\/noticiasveraces.com\/index.php?rest_route=\/wp\/v2\/users\/1"}],"replies":[{"embeddable":true,"href":"https:\/\/noticiasveraces.com\/index.php?rest_route=%2Fwp%2Fv2%2Fcomments&post=40177"}],"version-history":[{"count":0,"href":"https:\/\/noticiasveraces.com\/index.php?rest_route=\/wp\/v2\/posts\/40177\/revisions"}],"wp:featuredmedia":[{"embeddable":true,"href":"https:\/\/noticiasveraces.com\/index.php?rest_route=\/wp\/v2\/media\/40178"}],"wp:attachment":[{"href":"https:\/\/noticiasveraces.com\/index.php?rest_route=%2Fwp%2Fv2%2Fmedia&parent=40177"}],"wp:term":[{"taxonomy":"category","embeddable":true,"href":"https:\/\/noticiasveraces.com\/index.php?rest_route=%2Fwp%2Fv2%2Fcategories&post=40177"},{"taxonomy":"post_tag","embeddable":true,"href":"https:\/\/noticiasveraces.com\/index.php?rest_route=%2Fwp%2Fv2%2Ftags&post=40177"}],"curies":[{"name":"wp","href":"https:\/\/api.w.org\/{rel}","templated":true}]}}