{"id":40174,"date":"2025-08-13T07:45:17","date_gmt":"2025-08-13T11:45:17","guid":{"rendered":"https:\/\/noticiasveraces.com\/?p=40174"},"modified":"2025-08-13T07:45:17","modified_gmt":"2025-08-13T11:45:17","slug":"el-primer-ministro-canadiense-carney-enfrenta-una-reaccion-violenta-sobre-la-asalto-del-padre-judio-de-montreal","status":"publish","type":"post","link":"https:\/\/noticiasveraces.com\/?p=40174","title":{"rendered":"El primer ministro canadiense Carney enfrenta una reacci\u00f3n violenta sobre la asalto del padre jud\u00edo de Montreal"},"content":{"rendered":"<p> \n<\/p>\n<div>\n<div id=\"beyondwords-wrapper\" class=\"beyondwords-wrapper\">\n<p><span class=\"label-bg\">NUEVO<\/span>\u00a1Ahora puedes escuchar art\u00edculos de Fox News!\n  <\/p>\n<\/div>\n<p class=\"speakable\">El primer ministro canadiense Mark Carney enfrent\u00f3 cr\u00edticas por no condenar r\u00e1pidamente el asalto de un hombre jud\u00edo que caminaba con sus hijos en un suburbio de Montreal el viernes.<\/p>\n<p class=\"speakable\">El hombre caminaba con sus tres hijos en un parque cuando un individuo desconocido se acerc\u00f3 y los roci\u00f3 con agua. El asaltante luego agredi\u00f3 f\u00edsicamente al Padre, golpe\u00e1ndolo al suelo y tirando su kip\u00e1, una camilla tradicional usada por hombres jud\u00edos observadores.<\/p>\n<p>El lunes, la polic\u00eda en Montreal anunci\u00f3 el arresto de un sospechoso de 27 a\u00f1os en relaci\u00f3n con el asalto, un incidente que ha alimentado los crecientes llamados para que el gobierno canadiense tome medidas en\u00e9rgicas contra el antisemitismo desenfrenado.<\/p>\n<p><strong>El enviado antisemitismo de Canad\u00e1 renuncia, citando el agotamiento en medio de la oleada de odio<\/strong><\/p>\n<div class=\"image-ct inline\">\n<div class=\"m\"><picture><source media=\"(max-width: 767px)\" srcset=\"https:\/\/a57.foxnews.com\/static.foxnews.com\/foxnews.com\/content\/uploads\/2025\/07\/343\/192\/carney.png?ve=1&amp;tl=1, https:\/\/a57.foxnews.com\/static.foxnews.com\/foxnews.com\/content\/uploads\/2025\/07\/686\/384\/carney.png?ve=1&amp;tl=1 2x\" height=\"192\" width=\"343\"><source media=\"(min-width: 768px) and (max-width: 1023px)\" srcset=\"https:\/\/a57.foxnews.com\/static.foxnews.com\/foxnews.com\/content\/uploads\/2025\/07\/672\/378\/carney.png?ve=1&amp;tl=1, https:\/\/a57.foxnews.com\/static.foxnews.com\/foxnews.com\/content\/uploads\/2025\/07\/1344\/756\/carney.png?ve=1&amp;tl=1 2x\" height=\"378\" width=\"672\"><source media=\"(min-width: 1024px) and (max-width: 1279px)\" srcset=\"https:\/\/a57.foxnews.com\/static.foxnews.com\/foxnews.com\/content\/uploads\/2025\/07\/931\/523\/carney.png?ve=1&amp;tl=1, https:\/\/a57.foxnews.com\/static.foxnews.com\/foxnews.com\/content\/uploads\/2025\/07\/1862\/1046\/carney.png?ve=1&amp;tl=1 2x\" height=\"523\" width=\"931\"><source media=\"(min-width: 1280px)\" srcset=\"https:\/\/a57.foxnews.com\/static.foxnews.com\/foxnews.com\/content\/uploads\/2025\/07\/720\/405\/carney.png?ve=1&amp;tl=1, https:\/\/a57.foxnews.com\/static.foxnews.com\/foxnews.com\/content\/uploads\/2025\/07\/1440\/810\/carney.png?ve=1&amp;tl=1 2x\" height=\"405\" width=\"720\"><img loading=\"lazy\" decoding=\"async\" src=\"https:\/\/a57.foxnews.com\/static.foxnews.com\/foxnews.com\/content\/uploads\/2025\/07\/1200\/675\/carney.png?ve=1&amp;tl=1\" alt=\"El primer ministro de Canad\u00e1 Mark Carney\" width=\"1200\" height=\"675\"\/><\/source><\/source><\/source><\/source><\/picture><\/div>\n<div class=\"info\">\n<div class=\"caption\">\n<p><span>El primer ministro canadiense Mark Carney habla en una conferencia de prensa sobre el reconocimiento de la condici\u00f3n de estado palestino, mientras que la ministra de Asuntos Exteriores, Anita Anand, escucha, en Ottawa, Ontario, Canad\u00e1, el 30 de julio de 2025.<\/span> <span>(Reuters)<\/span><\/p>\n<\/div>\n<\/div>\n<\/div>\n<p>\u00abCanad\u00e1 tuvo la oportunidad de cambiar de rumbo despu\u00e9s del desastre de [former Prime Minister Justin] El mandato de Trudeau, pero en su lugar decidi\u00f3 seguir marchando hacia el Abismo. Es sin lugar a dudas que un incidente violento como el que presenciamos en Montreal se inspira directamente en el gobierno del viento de cola, de facto, le da a Hamas \u00ab, dijo a Fox News Digital.<\/p>\n<p>\u00abCanad\u00e1 a\u00fan no est\u00e1 en la etapa de B\u00e9lgica o en el Reino Unido, los cuales se han vuelto extremadamente peligrosos para los jud\u00edos, pero se dirige all\u00ed, lenta e inexorablemente\u00bb, agreg\u00f3.<\/p>\n<p>Carney coment\u00f3 sobre el incidente a las 11 pm del s\u00e1bado, aproximadamente un d\u00eda y medio despu\u00e9s, despu\u00e9s de que el ministro de Relaciones Exteriores israel\u00ed Gideon Sa&#8217;ar criticara p\u00fablicamente la respuesta de Ottawa.<\/p>\n<div class=\"image-ct inline\">\n<div class=\"m\"><picture><source media=\"(max-width: 767px)\" srcset=\"https:\/\/a57.foxnews.com\/static.foxnews.com\/foxnews.com\/content\/uploads\/2024\/04\/343\/192\/GettyImages-1458277038.jpg?ve=1&amp;tl=1, https:\/\/a57.foxnews.com\/static.foxnews.com\/foxnews.com\/content\/uploads\/2024\/04\/686\/384\/GettyImages-1458277038.jpg?ve=1&amp;tl=1 2x\" height=\"192\" width=\"343\"><source media=\"(min-width: 768px) and (max-width: 1023px)\" srcset=\"https:\/\/a57.foxnews.com\/static.foxnews.com\/foxnews.com\/content\/uploads\/2024\/04\/672\/378\/GettyImages-1458277038.jpg?ve=1&amp;tl=1, https:\/\/a57.foxnews.com\/static.foxnews.com\/foxnews.com\/content\/uploads\/2024\/04\/1344\/756\/GettyImages-1458277038.jpg?ve=1&amp;tl=1 2x\" height=\"378\" width=\"672\"><source media=\"(min-width: 1024px) and (max-width: 1279px)\" srcset=\"https:\/\/a57.foxnews.com\/static.foxnews.com\/foxnews.com\/content\/uploads\/2024\/04\/931\/523\/GettyImages-1458277038.jpg?ve=1&amp;tl=1, https:\/\/a57.foxnews.com\/static.foxnews.com\/foxnews.com\/content\/uploads\/2024\/04\/1862\/1046\/GettyImages-1458277038.jpg?ve=1&amp;tl=1 2x\" height=\"523\" width=\"931\"><source media=\"(min-width: 1280px)\" srcset=\"https:\/\/a57.foxnews.com\/static.foxnews.com\/foxnews.com\/content\/uploads\/2024\/04\/720\/405\/GettyImages-1458277038.jpg?ve=1&amp;tl=1, https:\/\/a57.foxnews.com\/static.foxnews.com\/foxnews.com\/content\/uploads\/2024\/04\/1440\/810\/GettyImages-1458277038.jpg?ve=1&amp;tl=1 2x\" height=\"405\" width=\"720\"><img loading=\"lazy\" decoding=\"async\" src=\"https:\/\/a57.foxnews.com\/static.foxnews.com\/foxnews.com\/content\/uploads\/2024\/04\/1200\/675\/GettyImages-1458277038.jpg?ve=1&amp;tl=1\" alt=\"Asuntos de di\u00e1spora de Likud\" width=\"1200\" height=\"675\"\/><\/source><\/source><\/source><\/source><\/picture><\/div>\n<div class=\"info\">\n<div class=\"caption\">\n<p><span>El ministro israel\u00ed de asuntos de la di\u00e1spora y el antisemitismo combatiente, Amichai Chikli conden\u00f3 el ataque a un hombre jud\u00edo en Montreal.<\/span> <span>(Shahar Azran\/Getty Images)<\/span><\/p>\n<\/div>\n<\/div>\n<\/div>\n<p>\u00abEl ataque contra un padre jud\u00edo en Montreal ayer por la noche, frente a sus propios hijos, es un terrible acto de violencia. Todos en Canad\u00e1 tienen un derecho inalienable a vivir a salvo\u00bb, public\u00f3 Carney en X.<\/p>\n<p>Sa&#8217;ar lo hab\u00eda llamado a X, escribiendo: \u00abEl incidente que se muestra en este video es impactante y girando el est\u00f3mago &#8230; Estas son im\u00e1genes que recuerdan a los per\u00edodos oscuros de persecuci\u00f3n jud\u00eda. Esto es terrible.<\/p>\n<p>\u00ab\u00a1El gobierno canadiense debe hacer m\u00e1s para combatir el antisemitismo!\u00bb A\u00f1adi\u00f3.<\/p>\n<p>Aunque los jud\u00edos representan menos del 1% de la poblaci\u00f3n de Canad\u00e1, el antisemitismo estaba detr\u00e1s del 18.8% de todos los delitos de odio reportados en 2024. De los 1.342 incidentes clasificados como motivados religiosamente, 920 o 68.5%, estaban dirigidos a la comunidad jud\u00eda.<\/p>\n<p>Richard Robertson, director de investigaci\u00f3n y defensa de B&#8217;nai Brith Canada, se\u00f1al\u00f3 que solo una semana antes, una sinagoga en Victoria, Columbia Brit\u00e1nica, hab\u00eda sido desfigurado con amenazas antisemitas, lo que subraya que los odiosos jud\u00edos se han convertido en un problema nacional.<\/p>\n<p><strong>Faith Under Fire: Netanyahu llama esfuerzos para dividir a los cristianos e Israel en EE. UU.<\/strong><\/p>\n<p>\u00abA medida que la situaci\u00f3n contin\u00faa desvolucionando, los canadienses jud\u00edos no necesitan ser aplacados con un simple servicio de labios. Necesitamos que nuestros l\u00edderes tomen posiciones claras e inequ\u00edvocas y trabajen en\u00e9rgicamente para facilitar el cambio. Cualquier cosa menos sirve para envalentonar y permitir la cohorte vitriolic de nuestra sociedad que contin\u00faa atacando a nuestra comunidad\u00bb, dijo Robertson a Fox News Digital.<\/p>\n<div class=\"image-ct inline\">\n<div class=\"m\"><picture><source media=\"(max-width: 767px)\" srcset=\"https:\/\/a57.foxnews.com\/static.foxnews.com\/foxnews.com\/content\/uploads\/2025\/08\/343\/192\/synagogue-attack-montreal.jpg?ve=1&amp;tl=1, https:\/\/a57.foxnews.com\/static.foxnews.com\/foxnews.com\/content\/uploads\/2025\/08\/686\/384\/synagogue-attack-montreal.jpg?ve=1&amp;tl=1 2x\" height=\"192\" width=\"343\"><source media=\"(min-width: 768px) and (max-width: 1023px)\" srcset=\"https:\/\/a57.foxnews.com\/static.foxnews.com\/foxnews.com\/content\/uploads\/2025\/08\/672\/378\/synagogue-attack-montreal.jpg?ve=1&amp;tl=1, https:\/\/a57.foxnews.com\/static.foxnews.com\/foxnews.com\/content\/uploads\/2025\/08\/1344\/756\/synagogue-attack-montreal.jpg?ve=1&amp;tl=1 2x\" height=\"378\" width=\"672\"><source media=\"(min-width: 1024px) and (max-width: 1279px)\" srcset=\"https:\/\/a57.foxnews.com\/static.foxnews.com\/foxnews.com\/content\/uploads\/2025\/08\/931\/523\/synagogue-attack-montreal.jpg?ve=1&amp;tl=1, https:\/\/a57.foxnews.com\/static.foxnews.com\/foxnews.com\/content\/uploads\/2025\/08\/1862\/1046\/synagogue-attack-montreal.jpg?ve=1&amp;tl=1 2x\" height=\"523\" width=\"931\"><source media=\"(min-width: 1280px)\" srcset=\"https:\/\/a57.foxnews.com\/static.foxnews.com\/foxnews.com\/content\/uploads\/2025\/08\/720\/405\/synagogue-attack-montreal.jpg?ve=1&amp;tl=1, https:\/\/a57.foxnews.com\/static.foxnews.com\/foxnews.com\/content\/uploads\/2025\/08\/1440\/810\/synagogue-attack-montreal.jpg?ve=1&amp;tl=1 2x\" height=\"405\" width=\"720\"><img loading=\"lazy\" decoding=\"async\" src=\"https:\/\/a57.foxnews.com\/static.foxnews.com\/foxnews.com\/content\/uploads\/2025\/08\/1200\/675\/synagogue-attack-montreal.jpg?ve=1&amp;tl=1\" alt=\"Un hombre fija el bloqueo de las puertas de la congregaci\u00f3n Beth Tikvah mientras la polic\u00eda investiga a un presunto incendio provocado en la sinagoga en el suburbio de Dollard-des-Ormeaux en Montreal el mi\u00e9rcoles 18 de diciembre de 2024.\" width=\"1200\" height=\"675\"\/><\/source><\/source><\/source><\/source><\/picture><\/div>\n<div class=\"info\">\n<div class=\"caption\">\n<p><span>Un hombre fija el bloqueo de las puertas de la congregaci\u00f3n Beth Tikvah mientras la polic\u00eda investiga a un presunto incendio provocado en la sinagoga en el suburbio de Dollard-des-Ormeaux en Montreal el mi\u00e9rcoles 18 de diciembre de 2024.<\/span> <span>(Christinne Muschi\/The Canadian Press a trav\u00e9s de AP)<\/span><\/p>\n<\/div>\n<\/div>\n<\/div>\n<p>\u00abLo que sucedi\u00f3 en Montreal el viernes por la tarde fue absolutamente horrible. Debe servir como una llamada de atenci\u00f3n para toda la ciudad. Esto es lo que sucede cuando los l\u00edderes c\u00edvicos permiten una atm\u00f3sfera en la que los matones odiosos sienten como si puedan actuar con impunidad\u00bb, dijo.<\/p>\n<p>El ataque ocurri\u00f3 en medio de un clima m\u00e1s amplio de antisemitismo intenso, que recientemente llev\u00f3 a Deborah Lyons, el enviado especial de Canad\u00e1 sobre el recuerdo del Holocausto y la lucha contra el antisemitismo, a renunciar en julio, tres meses antes de que su mandato terminara, citando agotamiento f\u00edsico y emocional.<\/p>\n<p>Tambi\u00e9n tuvo lugar en un contexto de relaciones tensas de Canad\u00e1-Israel. Canad\u00e1 es uno de los cuatro pa\u00edses, junto con Francia, Australia y el Reino Unido, que han anunciado su intenci\u00f3n de reconocer a un estado palestino.<\/p>\n<p>El ex embajador de Canad\u00e1 en Israel, Vivian Bercovici, le dijo a Fox News Digital que es dif\u00edcil discutir los \u00faltimos dos a\u00f1os de creciente antisemitismo en Canad\u00e1 sin mirar hacia atr\u00e1s hasta octubre de 2015, cuando el ex primer ministro Justin Trudeau fue elegido por primera vez en primer ministro.<\/p>\n<p>\u00abEn mi opini\u00f3n, el enfoque de Trudeau sobre el conflicto fue muy plural y poco sofisticado. Ten\u00eda una poblaci\u00f3n musulmana muy creciente en Canad\u00e1, y tuvo cuidado de no hacer nada para alienar a esos votantes\u00bb, dijo Bercovici.<\/p>\n<div class=\"image-ct inline\">\n<div class=\"m\"><picture><source media=\"(max-width: 767px)\" srcset=\"https:\/\/a57.foxnews.com\/static.foxnews.com\/foxnews.com\/content\/uploads\/2025\/08\/343\/192\/84dbc35b-canada-anti-israel-protests.jpg?ve=1&amp;tl=1, https:\/\/a57.foxnews.com\/static.foxnews.com\/foxnews.com\/content\/uploads\/2025\/08\/686\/384\/84dbc35b-canada-anti-israel-protests.jpg?ve=1&amp;tl=1 2x\" height=\"192\" width=\"343\"><source media=\"(min-width: 768px) and (max-width: 1023px)\" srcset=\"https:\/\/a57.foxnews.com\/static.foxnews.com\/foxnews.com\/content\/uploads\/2025\/08\/672\/378\/84dbc35b-canada-anti-israel-protests.jpg?ve=1&amp;tl=1, https:\/\/a57.foxnews.com\/static.foxnews.com\/foxnews.com\/content\/uploads\/2025\/08\/1344\/756\/84dbc35b-canada-anti-israel-protests.jpg?ve=1&amp;tl=1 2x\" height=\"378\" width=\"672\"><source media=\"(min-width: 1024px) and (max-width: 1279px)\" srcset=\"https:\/\/a57.foxnews.com\/static.foxnews.com\/foxnews.com\/content\/uploads\/2025\/08\/931\/523\/84dbc35b-canada-anti-israel-protests.jpg?ve=1&amp;tl=1, https:\/\/a57.foxnews.com\/static.foxnews.com\/foxnews.com\/content\/uploads\/2025\/08\/1862\/1046\/84dbc35b-canada-anti-israel-protests.jpg?ve=1&amp;tl=1 2x\" height=\"523\" width=\"931\"><source media=\"(min-width: 1280px)\" srcset=\"https:\/\/a57.foxnews.com\/static.foxnews.com\/foxnews.com\/content\/uploads\/2025\/08\/720\/405\/84dbc35b-canada-anti-israel-protests.jpg?ve=1&amp;tl=1, https:\/\/a57.foxnews.com\/static.foxnews.com\/foxnews.com\/content\/uploads\/2025\/08\/1440\/810\/84dbc35b-canada-anti-israel-protests.jpg?ve=1&amp;tl=1 2x\" height=\"405\" width=\"720\"><img loading=\"lazy\" decoding=\"async\" src=\"https:\/\/a57.foxnews.com\/static.foxnews.com\/foxnews.com\/content\/uploads\/2025\/08\/1200\/675\/84dbc35b-canada-anti-israel-protests.jpg?ve=1&amp;tl=1\" alt=\"Los manifestantes anti-Israel con carteles antisemitas en Alberta, Canad\u00e1, el 13 de abril de 2025.\" width=\"1200\" height=\"675\"\/><\/source><\/source><\/source><\/source><\/picture><\/div>\n<div class=\"info\">\n<div class=\"caption\">\n<p><span>Los manifestantes anti-Israel con carteles antisemitas en Alberta, Canad\u00e1, el 13 de abril de 2025.<\/span> <span>(Foto de Artur Widak\/Nurphoto a trav\u00e9s de AP)<\/span><\/p>\n<\/div>\n<\/div>\n<\/div>\n<p><strong>Haga clic aqu\u00ed para obtener la aplicaci\u00f3n Fox News<\/strong><\/p>\n<p>Seg\u00fan Statistics Canada, la participaci\u00f3n de la poblaci\u00f3n que se identifica como musulm\u00e1n se duplic\u00f3 m\u00e1s de 20 a\u00f1os, aumentando del 2.0% (579,640 personas) en 2001 al 4.9% (1,775,715 personas) en 2021.<\/p>\n<p>\u00abLo que hemos visto, como en muchas otras partes de Occidente, es que han venido y exigido que cambiemos para acomodarlos, que cambiemos la forma en que hacemos las cosas. Algunas de sus exigencias m\u00e1s consistentes se preocupan por Israel y las comunidades jud\u00edas, que se han convertido cada vez m\u00e1s en objetivos\u00bb, dijo Bercovici.<\/p>\n<p> <!----> <\/p>\n<div class=\"article-meta\">\n<div class=\"author-bio\">\n<p>Amelie Botbol es una periodista independiente con sede en Tel Aviv. Sus art\u00edculos han aparecido en el New York Post, el National Post de Canad\u00e1 y el Washington Times. Amelie se puede seguir en x @datrePorter <\/p>\n<\/div>\n<\/div>\n<\/div>\n\n","protected":false},"excerpt":{"rendered":"<p>NUEVO\u00a1Ahora puedes escuchar art\u00edculos de Fox News! El primer ministro canadiense Mark Carney enfrent\u00f3 cr\u00edticas por no condenar r\u00e1pidamente el asalto de un hombre jud\u00edo que caminaba con sus hijos en un suburbio de Montreal el viernes. El hombre caminaba con sus tres hijos en un parque cuando un individuo desconocido se acerc\u00f3 y los &hellip;<\/p>\n","protected":false},"author":1,"featured_media":40176,"comment_status":"open","ping_status":"open","sticky":false,"template":"","format":"standard","meta":{"fifu_image_url":"https:\/\/static.foxnews.com\/foxnews.com\/content\/uploads\/2025\/03\/gettyimages-2206562069.jpg","fifu_image_alt":"","footnotes":""},"categories":[13],"tags":[],"class_list":["post-40174","post","type-post","status-publish","format-standard","has-post-thumbnail","","category-mundo"],"_links":{"self":[{"href":"https:\/\/noticiasveraces.com\/index.php?rest_route=\/wp\/v2\/posts\/40174","targetHints":{"allow":["GET"]}}],"collection":[{"href":"https:\/\/noticiasveraces.com\/index.php?rest_route=\/wp\/v2\/posts"}],"about":[{"href":"https:\/\/noticiasveraces.com\/index.php?rest_route=\/wp\/v2\/types\/post"}],"author":[{"embeddable":true,"href":"https:\/\/noticiasveraces.com\/index.php?rest_route=\/wp\/v2\/users\/1"}],"replies":[{"embeddable":true,"href":"https:\/\/noticiasveraces.com\/index.php?rest_route=%2Fwp%2Fv2%2Fcomments&post=40174"}],"version-history":[{"count":0,"href":"https:\/\/noticiasveraces.com\/index.php?rest_route=\/wp\/v2\/posts\/40174\/revisions"}],"wp:featuredmedia":[{"embeddable":true,"href":"https:\/\/noticiasveraces.com\/index.php?rest_route=\/wp\/v2\/media\/40176"}],"wp:attachment":[{"href":"https:\/\/noticiasveraces.com\/index.php?rest_route=%2Fwp%2Fv2%2Fmedia&parent=40174"}],"wp:term":[{"taxonomy":"category","embeddable":true,"href":"https:\/\/noticiasveraces.com\/index.php?rest_route=%2Fwp%2Fv2%2Fcategories&post=40174"},{"taxonomy":"post_tag","embeddable":true,"href":"https:\/\/noticiasveraces.com\/index.php?rest_route=%2Fwp%2Fv2%2Ftags&post=40174"}],"curies":[{"name":"wp","href":"https:\/\/api.w.org\/{rel}","templated":true}]}}