{"id":40165,"date":"2025-08-13T07:08:32","date_gmt":"2025-08-13T11:08:32","guid":{"rendered":"https:\/\/noticiasveraces.com\/?p=40165"},"modified":"2025-08-13T07:08:32","modified_gmt":"2025-08-13T11:08:32","slug":"de-la-pirojardineria-a-los-canones-de-agua-asi-se-defienden-las-zonas-pobladas-de-los-incendios-forestales-clima-y-medio-ambiente","status":"publish","type":"post","link":"https:\/\/noticiasveraces.com\/?p=40165","title":{"rendered":"De la pirojardiner\u00eda a los ca\u00f1ones de agua: as\u00ed se defienden las zonas pobladas de los incendios forestales | Clima y Medio Ambiente"},"content":{"rendered":"<p> \n<br \/><img decoding=\"async\" src=\"https:\/\/imagenes.elpais.com\/resizer\/v2\/6GWIGKZXMND4JPCIOIY6XNK7FA.jpg?auth=d9d78ef26b51aaaba25c5e7be2fa7c6f8c8388ca8d88e567c63a0e7891720eff\" \/><\/p>\n<div data-dtm-region=\"articulo_cuerpo\">\n<p class=\"\">Este lunes, el Ayuntamiento de Valencia inform\u00f3 de la activaci\u00f3n de su innovador sistema de ca\u00f1ones de agua para refrescar la vegetaci\u00f3n del parque natural de la Devesa de El Saler, al sur de la ciudad, ante el riesgo extremo por los fuegos. Este tipo de dispositivos contra incendios no valen para cualquier parte y tienen tambi\u00e9n sus detractores, pero son una de las medidas m\u00e1s sofisticadas utilizadas hoy en d\u00eda en el pa\u00eds para defenderse de las llamas en poblaciones junto a espacios naturales, al igual que la<b> <\/b>jardiner\u00eda de prevenci\u00f3n o los trabajos forestales. \u00bfQu\u00e9 precauciones debe tomar alguien que vive cerca de \u00e1reas arboladas para protegerse de los incendios?<\/p>\n<p class=\"\">En los \u00faltimos d\u00edas, se ha visto c\u00f3mo las llamas en superficie forestal se acercaban peligrosamente a urbanizaciones (en Tres Cantos, Madrid), c\u00e1mpings (en Tarifa, C\u00e1diz) o pueblos (en Le\u00f3n y Zamora). Ocurre de forma creciente desde hace un tiempo, aqu\u00ed y en otras partes del mundo, por el aumento de las zonas en las que poblaciones humanas entran en contacto con los espacios naturales. Un estudio publicado en <i>Avances cient\u00edficos<\/i> en 2024, y realizado a partir de im\u00e1genes de sat\u00e9lites, advert\u00eda del mayor riesgo de los fuegos para las personas hoy en d\u00eda por un incremento del 35,6% de las \u00e1reas de interfaz urbano-forestal en las dos \u00faltimas d\u00e9cadas en el mundo.<\/p>\n<p class=\"\">En Espa\u00f1a esto ocurre por el cada vez mayor abandono de las poblaciones rurales (por la desaparici\u00f3n de campos de cultivo que antes rodeaban los pueblos), por la expansi\u00f3n del urbanismo y por el propio avance del bosque. \u201cEs muy bonito tener una casa en la que sales y est\u00e1 ya el monte, pero la gente no es consciente del peligro que esto supone\u201d, incide M\u00f3nica Colmena, t\u00e9cnica de bosques de la organizaci\u00f3n WWF, que asegura que estos fuegos presentan un riesgo doble: se inician con mucha facilidad y son m\u00e1s complejos de extinguir, pues los bomberos deben priorizar la protecci\u00f3n de las personas.<\/p>\n<p class=\"\">Como recalca la ecologista, una primera medida de precauci\u00f3n consiste en dejar franjas libres de vegetaci\u00f3n alrededor de las casas y vigilar bien las especies plantadas en los jardines o zonas m\u00e1s pr\u00f3ximas. Parad\u00f3jicamente, hay muchas viviendas en las que se colocan setos alrededor que son muy inflamables, como los de ariz\u00f3nicas (o de materiales como brezo seco o pl\u00e1stico). La pirojardiner\u00eda consiste en dise\u00f1ar los espacios verdes para que act\u00faen como freno frente a las llamas. \u201cPor lo general, las con\u00edferas son m\u00e1s problem\u00e1ticas\u201d, se\u00f1ala Colmena, que advierte de que el 80% de estas zonas con mayor riesgo en el pa\u00eds no cuentan con planes de autoprotecci\u00f3n frente al fuego.<\/p>\n<p class=\"\">El ingeniero forestal Ferran Dalmau es experto de este tipo de planes de autoprotecci\u00f3n y dirige la consultora ambiental Medi XXI GSA que tiene la patente del sistema de ca\u00f1ones de agua de El Saler en Valencia. Seg\u00fan destaca, actuar de forma preventiva para proteger estas zonas cerca de espacios naturales es un deber de las administraciones, pero tambi\u00e9n de la propia ciudadan\u00eda. \u201cLos ciudadanos muchas veces descargan toda la responsabilidad en los servicios de emergencias\u201d, recalca. <\/p>\n<p class=\"\">\u201cLo que tiene que hacer cualquier persona que vive en una zona de riesgo es mirar su propia parcela y ver qu\u00e9 tiene alrededor de su casa\u201d, comenta Dalmau, \u201ces importante el tipo de vegetaci\u00f3n, si hay ramas proyectadas sobre el tejado, si tiene persianas o contraventanas que eviten que entre el fuego por las ventanas\u201d. Como destaca, un error cl\u00e1sico de las casas de campo es apilar le\u00f1a seca en alg\u00fan muro de la vivienda o cerca de una ventana. \u201cEs importante entender que uno es propietario de la casa, pero tambi\u00e9n del riesgo en esa casa\u201d, subraya.<\/p>\n<p class=\"\">Tanto Colmena como Dalmau consideran necesario dar formaci\u00f3n a las personas que viven cerca de espacios forestales. \u201cEs fundamental que los propietarios se ocupen de realizar un mantenimiento y limpieza regular de las parcelas, retirando el exceso de vegetaci\u00f3n\u201d, especifica la t\u00e9cnica de WWF, que reclama tambi\u00e9n medidas de m\u00e1s calado en el urbanismo. \u201cSi estamos viendo que pasan estas cosas, habr\u00eda que limitar la construcci\u00f3n en zonas de alto riesgo y promover el uso de materiales ign\u00edfugos y resistentes al fuego\u201d.<\/p>\n<p class=\"\">Otras medidas esenciales son garantizar la disponibilidad de agua por si hay que actuar contra las llamas y cerciorarse de que los caminos de acceso permiten la entrada de camiones antincendios. \u201cMuchas veces el confinamiento en la casa es la opci\u00f3n menos mala que tenemos para poder proteger a la poblaci\u00f3n\u201d, recalca el ingeniero forestal, que recomienda preparar la vivienda para ello.<\/p>\n<p class=\"\">\u201cPor si llega el fuego, es muy importante tener preparada ropa de algod\u00f3n, no tejidos sint\u00e9ticos, para cubrirse la mayor parte del cuerpo\u201d, se\u00f1ala Dalmau. \u201cEso que vemos de gente a las bravas en pantal\u00f3n corto y camiseta meti\u00e9ndose al incendio es una aut\u00e9ntica temeridad\u201d, insiste.<\/p>\n<p class=\"\">En lo que respecta a dispositivos como los ca\u00f1ones de agua de Valencia, el propio ingeniero reconoce que no tiene sentido ponerlos por todos lados. Seg\u00fan defiende, el sistema de El Saler (con un coste aproximado de 250.000 euros) es mucho m\u00e1s que los aspersores y tiene detr\u00e1s un amplio estudio y otras medidas de prevenci\u00f3n. \u201cVimos que el vial que une la carretera de El Saler (la CV500) con el hotel Sidi Saler resulta estrat\u00e9gico, si cae esa v\u00eda no podemos evacuar a la gente de El Saler y no pueden entrar los bomberos, por eso se ancla ah\u00ed la l\u00ednea de defensa de los aspersores\u201d. Por ahora hay ocho ca\u00f1ones que sueltan unos 800-900 litros de agua reutilizada al minuto, que hasta ahora son usados de forma preventiva en los momentos de mayor riesgo por las ma\u00f1anas para humedecer la vegetaci\u00f3n, pero que tambi\u00e9n est\u00e1n dise\u00f1ados para frenar las llamas en caso de incendio. \u201cResulta especialmente interesante, por ejemplo, cuando se quiere defender zonas de muy alto valor donde resulta m\u00e1s problem\u00e1tico abrir franjas de seguridad en la vegetaci\u00f3n\u201d, argumenta Dalmau, que afirma que su sistema patentado ya ha actuado con \u00e9xito en tres incendios en otras zonas de Valencia, una en Carcaixent y dos en el Parque Natural del Turia. <\/p>\n<p class=\"\">No obstante, para la t\u00e9cnica de WWF, estos sistemas de aspersores son todav\u00eda algo muy anecd\u00f3tico y asegura no tener claro que funcionen frente a los incendios m\u00e1s graves. \u201cEn estas zonas hay que invertir en sistemas de detecci\u00f3n temprana y reforzar la presencia de brigadas, aparte de mantener limpias de vegetaci\u00f3n de las zonas perimetrales de las viviendas y que haya planes de autoprotecci\u00f3n para que la gente sepa lo que tiene que hacer\u201d, insiste. \u201cY en las \u00e1reas m\u00e1s rurales, lo suyo es invertir en los usos tradicionales del monte y recuperar actividades como la ganader\u00eda extensiva que reducen la continuidad de la vegetaci\u00f3n\u201d.<\/p>\n<\/div>\n\n","protected":false},"excerpt":{"rendered":"<p>Este lunes, el Ayuntamiento de Valencia inform\u00f3 de la activaci\u00f3n de su innovador sistema de ca\u00f1ones de agua para refrescar la vegetaci\u00f3n del parque natural de la Devesa de El Saler, al sur de la ciudad, ante el riesgo extremo por los fuegos. Este tipo de dispositivos contra incendios no valen para cualquier parte y &hellip;<\/p>\n","protected":false},"author":1,"featured_media":40167,"comment_status":"open","ping_status":"open","sticky":false,"template":"","format":"standard","meta":{"fifu_image_url":"https:\/\/imagenes.elpais.com\/resizer\/v2\/6GWIGKZXMND4JPCIOIY6XNK7FA.jpg?auth=d9d78ef26b51aaaba25c5e7be2fa7c6f8c8388ca8d88e567c63a0e7891720eff&width=1200","fifu_image_alt":"","footnotes":""},"categories":[11],"tags":[],"class_list":["post-40165","post","type-post","status-publish","format-standard","has-post-thumbnail","","category-viaje"],"_links":{"self":[{"href":"https:\/\/noticiasveraces.com\/index.php?rest_route=\/wp\/v2\/posts\/40165","targetHints":{"allow":["GET"]}}],"collection":[{"href":"https:\/\/noticiasveraces.com\/index.php?rest_route=\/wp\/v2\/posts"}],"about":[{"href":"https:\/\/noticiasveraces.com\/index.php?rest_route=\/wp\/v2\/types\/post"}],"author":[{"embeddable":true,"href":"https:\/\/noticiasveraces.com\/index.php?rest_route=\/wp\/v2\/users\/1"}],"replies":[{"embeddable":true,"href":"https:\/\/noticiasveraces.com\/index.php?rest_route=%2Fwp%2Fv2%2Fcomments&post=40165"}],"version-history":[{"count":0,"href":"https:\/\/noticiasveraces.com\/index.php?rest_route=\/wp\/v2\/posts\/40165\/revisions"}],"wp:featuredmedia":[{"embeddable":true,"href":"https:\/\/noticiasveraces.com\/index.php?rest_route=\/wp\/v2\/media\/40167"}],"wp:attachment":[{"href":"https:\/\/noticiasveraces.com\/index.php?rest_route=%2Fwp%2Fv2%2Fmedia&parent=40165"}],"wp:term":[{"taxonomy":"category","embeddable":true,"href":"https:\/\/noticiasveraces.com\/index.php?rest_route=%2Fwp%2Fv2%2Fcategories&post=40165"},{"taxonomy":"post_tag","embeddable":true,"href":"https:\/\/noticiasveraces.com\/index.php?rest_route=%2Fwp%2Fv2%2Ftags&post=40165"}],"curies":[{"name":"wp","href":"https:\/\/api.w.org\/{rel}","templated":true}]}}