{"id":40141,"date":"2025-08-13T03:27:17","date_gmt":"2025-08-13T07:27:17","guid":{"rendered":"https:\/\/noticiasveraces.com\/?p=40141"},"modified":"2025-08-13T03:27:17","modified_gmt":"2025-08-13T07:27:17","slug":"el-ex-marido-de-kelly-clarkson-brandon-blackstock-muere-de-melanoma","status":"publish","type":"post","link":"https:\/\/noticiasveraces.com\/?p=40141","title":{"rendered":"El ex marido de Kelly Clarkson, Brandon Blackstock, muere de melanoma"},"content":{"rendered":"<p> \n<\/p>\n<div>\n<div id=\"beyondwords-wrapper\" class=\"beyondwords-wrapper\">\n<p><span class=\"label-bg\">NUEVO<\/span>\u00a1Ahora puedes escuchar art\u00edculos de Fox News!\n  <\/p>\n<\/div>\n<p class=\"speakable\">D\u00edas despu\u00e9s de que el ex esposo de Kelly Clarkson, Brandon Blackstock, falleci\u00f3 a la edad de 48 a\u00f1os, se revel\u00f3 la causa de su muerte.<\/p>\n<p class=\"speakable\">El 11 de agosto, se inform\u00f3 que el gerente de talento muri\u00f3 despu\u00e9s de una batalla privada con Melanoma, una forma de c\u00e1ncer de piel.<\/p>\n<p>\u00abBrandon Blackstock falleci\u00f3 pac\u00edficamente en su casa en Butte, Montana, el 7 de agosto con cuidado de hospicio rodeado por su familia\u00bb, dijo el forense del condado de Silver Bow, Dan Hollis, a Fox News Digital. <\/p>\n<p><strong><u>El presentador de televisi\u00f3n descubre que tiene c\u00e1ncer de piel durante la transmisi\u00f3n en vivo en el aire<\/u><\/strong><\/p>\n<p>\u00abEs con gran tristeza que compartimos la noticia de que Brandon Blackstock falleci\u00f3. Brandon luch\u00f3 valientemente en el c\u00e1ncer durante m\u00e1s de tres a\u00f1os. Falleci\u00f3 pac\u00edficamente y estaba rodeado de una familia. Le agradecemos sus pensamientos y oraciones y les pedimos a todos que respeten la privacidad de la familia durante este momento dif\u00edcil\u00bb.<\/p>\n<div class=\"image-ct inline\">\n<div class=\"m\"><picture><source media=\"(max-width: 767px)\" srcset=\"https:\/\/a57.foxnews.com\/static.foxnews.com\/foxnews.com\/content\/uploads\/2025\/08\/343\/192\/brandon-blackstock-kelly-clarkson-2017.jpg?ve=1&amp;tl=1, https:\/\/a57.foxnews.com\/static.foxnews.com\/foxnews.com\/content\/uploads\/2025\/08\/686\/384\/brandon-blackstock-kelly-clarkson-2017.jpg?ve=1&amp;tl=1 2x\" height=\"192\" width=\"343\"><source media=\"(min-width: 768px) and (max-width: 1023px)\" srcset=\"https:\/\/a57.foxnews.com\/static.foxnews.com\/foxnews.com\/content\/uploads\/2025\/08\/672\/378\/brandon-blackstock-kelly-clarkson-2017.jpg?ve=1&amp;tl=1, https:\/\/a57.foxnews.com\/static.foxnews.com\/foxnews.com\/content\/uploads\/2025\/08\/1344\/756\/brandon-blackstock-kelly-clarkson-2017.jpg?ve=1&amp;tl=1 2x\" height=\"378\" width=\"672\"><source media=\"(min-width: 1024px) and (max-width: 1279px)\" srcset=\"https:\/\/a57.foxnews.com\/static.foxnews.com\/foxnews.com\/content\/uploads\/2025\/08\/931\/523\/brandon-blackstock-kelly-clarkson-2017.jpg?ve=1&amp;tl=1, https:\/\/a57.foxnews.com\/static.foxnews.com\/foxnews.com\/content\/uploads\/2025\/08\/1862\/1046\/brandon-blackstock-kelly-clarkson-2017.jpg?ve=1&amp;tl=1 2x\" height=\"523\" width=\"931\"><source media=\"(min-width: 1280px)\" srcset=\"https:\/\/a57.foxnews.com\/static.foxnews.com\/foxnews.com\/content\/uploads\/2025\/08\/720\/405\/brandon-blackstock-kelly-clarkson-2017.jpg?ve=1&amp;tl=1, https:\/\/a57.foxnews.com\/static.foxnews.com\/foxnews.com\/content\/uploads\/2025\/08\/1440\/810\/brandon-blackstock-kelly-clarkson-2017.jpg?ve=1&amp;tl=1 2x\" height=\"405\" width=\"720\"><img loading=\"lazy\" decoding=\"async\" src=\"https:\/\/a57.foxnews.com\/static.foxnews.com\/foxnews.com\/content\/uploads\/2025\/08\/1200\/675\/brandon-blackstock-kelly-clarkson-2017.jpg?ve=1&amp;tl=1\" alt=\"Brandon Blackstock y Kelly Clarkson en Rainbow Room\" width=\"1200\" height=\"675\"\/><\/source><\/source><\/source><\/source><\/picture><\/div>\n<div class=\"info\">\n<div class=\"caption\">\n<p><span>El ex esposo de Kelly Clarkson y el reconocido gerente de talento, Brandon Blackstock, muri\u00f3 a la edad de 48 a\u00f1os, luego de una batalla de tres a\u00f1os contra el c\u00e1ncer.<\/span> <span>(Kevin Mazur\/Getty Images para Atlantic Records)<\/span><\/p>\n<\/div>\n<\/div>\n<\/div>\n<p>La cantante, que estuvo casada con Blackstock durante siete a\u00f1os antes de su divorcio en 2022, supuestamente \u00absegu\u00eda siendo protector\u00bb de su ex mientras luchaba contra el c\u00e1ncer durante tres a\u00f1os. <\/p>\n<h2><strong>Qu\u00e9 saber sobre los riesgos de melanoma<\/strong><\/h2>\n<p>El c\u00e1ncer de piel es el tipo m\u00e1s com\u00fan de c\u00e1ncer en los Estados Unidos, con uno de cada cinco estadounidenses que desarrollan la enfermedad a la edad de 70 a\u00f1os.<\/p>\n<p><strong><u>Mam\u00e1 acredita el video Tiktok para el diagn\u00f3stico de c\u00e1ncer despu\u00e9s de detectar marcas de u\u00f1as extra\u00f1as<\/u><\/strong><\/p>\n<p>El melanoma es la forma m\u00e1s mortal de <u>c\u00e1ncer de piel<\/u>se espera que se quite la vida de m\u00e1s de 8.400 personas en los Estados Unidos este a\u00f1o, seg\u00fan la American Cancer Society.<\/p>\n<p>\u00abEl melanoma tiene una posibilidad significativamente mayor de propagarse que los carcinomas de c\u00e9lulas basales y de c\u00e9lulas escamosas, los tipos m\u00e1s comunes de c\u00e1ncer de piel\u00bb, dijo Marcus Monroe, MD, cirujano e investigador del Instituto de C\u00e1ncer de Huntsman y profesor asociado en la Escuela de Medicina de la Universidad de Utah, dijo anteriormente Fox News Digital. <\/p>\n<div class=\"image-ct inline\">\n<div class=\"m\"><picture><source media=\"(max-width: 767px)\" srcset=\"https:\/\/a57.foxnews.com\/static.foxnews.com\/foxnews.com\/content\/uploads\/2025\/08\/343\/192\/brandon-blackstock.jpg?ve=1&amp;tl=1, https:\/\/a57.foxnews.com\/static.foxnews.com\/foxnews.com\/content\/uploads\/2025\/08\/686\/384\/brandon-blackstock.jpg?ve=1&amp;tl=1 2x\" height=\"192\" width=\"343\"><source media=\"(min-width: 768px) and (max-width: 1023px)\" srcset=\"https:\/\/a57.foxnews.com\/static.foxnews.com\/foxnews.com\/content\/uploads\/2025\/08\/672\/378\/brandon-blackstock.jpg?ve=1&amp;tl=1, https:\/\/a57.foxnews.com\/static.foxnews.com\/foxnews.com\/content\/uploads\/2025\/08\/1344\/756\/brandon-blackstock.jpg?ve=1&amp;tl=1 2x\" height=\"378\" width=\"672\"><source media=\"(min-width: 1024px) and (max-width: 1279px)\" srcset=\"https:\/\/a57.foxnews.com\/static.foxnews.com\/foxnews.com\/content\/uploads\/2025\/08\/931\/523\/brandon-blackstock.jpg?ve=1&amp;tl=1, https:\/\/a57.foxnews.com\/static.foxnews.com\/foxnews.com\/content\/uploads\/2025\/08\/1862\/1046\/brandon-blackstock.jpg?ve=1&amp;tl=1 2x\" height=\"523\" width=\"931\"><source media=\"(min-width: 1280px)\" srcset=\"https:\/\/a57.foxnews.com\/static.foxnews.com\/foxnews.com\/content\/uploads\/2025\/08\/720\/405\/brandon-blackstock.jpg?ve=1&amp;tl=1, https:\/\/a57.foxnews.com\/static.foxnews.com\/foxnews.com\/content\/uploads\/2025\/08\/1440\/810\/brandon-blackstock.jpg?ve=1&amp;tl=1 2x\" height=\"405\" width=\"720\"><img loading=\"lazy\" decoding=\"async\" src=\"https:\/\/a57.foxnews.com\/static.foxnews.com\/foxnews.com\/content\/uploads\/2025\/08\/1200\/675\/brandon-blackstock.jpg?ve=1&amp;tl=1\" alt=\"Phoenix, AZ - 28 de marzo: Brandon Blackstock y el cantante\/compositor Kelly Clarkson asisten a la Celebrity Fight Night XXI de Muhammad Ali en el JW Marriott Phoenix Desert Ridge Resort &#038; Spa el 28 de marzo de 2015 en Phoenix, Arizona.\" width=\"1200\" height=\"675\"\/><\/source><\/source><\/source><\/source><\/picture><\/div>\n<div class=\"info\">\n<div class=\"caption\">\n<p><span>El 11 de agosto, se inform\u00f3 que el gerente de talento muri\u00f3 despu\u00e9s de una batalla privada con Melanoma, una forma de c\u00e1ncer de piel.<\/span> <span>(Michael Buckner\/Getty Images para Celebrity Fight Night)<\/span><\/p>\n<\/div>\n<\/div>\n<\/div>\n<p>Las posibilidades de que el melanoma se extienda a otros lugares aumente con cada <u>etapa de c\u00e1ncer<\/u>.<\/p>\n<p>\u00abPara la etapa m\u00e1s temprana, este riesgo se estima en menos del 5%, aumentando para los pacientes con enfermedad en estadio 2 a un rango m\u00e1s amplio, desde el 5% en el extremo inferior hasta 40% a 50% para los pacientes en estadio 2 m\u00e1s avanzados\u00bb, dijo Monroe.<\/p>\n<p>En pacientes en estadio 3 (aquellos con propagaci\u00f3n regional a trav\u00e9s de met\u00e1stasis en tr\u00e1nsito o en ganglios linf\u00e1ticos adyacentes), hasta el 30% al 40% desarrollar\u00e1n met\u00e1stasis distantes, con un riesgo de met\u00e1stasis cerebrales del 16% al 17%, agreg\u00f3 el m\u00e9dico.<\/p>\n<blockquote class=\"pull-quote\">\n<p class=\"quote-text\">El melanoma es la forma m\u00e1s mortal de c\u00e1ncer de piel, que se espera que se quite la vida de m\u00e1s de 8.400 personas en los Estados Unidos este a\u00f1o.<\/p>\n<p> <!----><\/p><\/blockquote>\n<p>El cerebro <u>y pulmones<\/u> son los sitios m\u00e1s comunes de met\u00e1stasis para el melanoma, confirmaron los expertos.<\/p>\n<p>Si el paciente tiene lesiones que est\u00e1n profundamente en la piel o que involucran los ganglios linf\u00e1ticos, la posibilidad de propagaci\u00f3n del melanoma es mayor, en cualquier lugar del 20% al 70%, seg\u00fan Jos\u00e9 Lutzky, MD, director de servicios de oncolog\u00eda cut\u00e1nea en el Centro de C\u00e1ncer Integral de Sylvester en el sur de Florida.<\/p>\n<h2><strong>Tratamiento y prevenci\u00f3n<\/strong><\/h2>\n<p>El melanoma metast\u00e1sico alguna vez se consider\u00f3 principalmente resistente al tratamiento porque no respondi\u00f3 a <u>quimioterapia y radiaci\u00f3n<\/u>se\u00f1al\u00f3 el Dr. Joshua Strauss de Advanced Care Oncology and Hematology Associates del Atlantic Medical Group en Morristown, Nueva Jersey.<\/p>\n<div class=\"image-ct inline\">\n<div class=\"m\"><picture><source media=\"(max-width: 767px)\" srcset=\"https:\/\/a57.foxnews.com\/static.foxnews.com\/foxnews.com\/content\/uploads\/2023\/12\/343\/192\/skin-cancer-microscope.jpg?ve=1&amp;tl=1, https:\/\/a57.foxnews.com\/static.foxnews.com\/foxnews.com\/content\/uploads\/2023\/12\/686\/384\/skin-cancer-microscope.jpg?ve=1&amp;tl=1 2x\" height=\"192\" width=\"343\"><source media=\"(min-width: 768px) and (max-width: 1023px)\" srcset=\"https:\/\/a57.foxnews.com\/static.foxnews.com\/foxnews.com\/content\/uploads\/2023\/12\/672\/378\/skin-cancer-microscope.jpg?ve=1&amp;tl=1, https:\/\/a57.foxnews.com\/static.foxnews.com\/foxnews.com\/content\/uploads\/2023\/12\/1344\/756\/skin-cancer-microscope.jpg?ve=1&amp;tl=1 2x\" height=\"378\" width=\"672\"><source media=\"(min-width: 1024px) and (max-width: 1279px)\" srcset=\"https:\/\/a57.foxnews.com\/static.foxnews.com\/foxnews.com\/content\/uploads\/2023\/12\/931\/523\/skin-cancer-microscope.jpg?ve=1&amp;tl=1, https:\/\/a57.foxnews.com\/static.foxnews.com\/foxnews.com\/content\/uploads\/2023\/12\/1862\/1046\/skin-cancer-microscope.jpg?ve=1&amp;tl=1 2x\" height=\"523\" width=\"931\"><source media=\"(min-width: 1280px)\" srcset=\"https:\/\/a57.foxnews.com\/static.foxnews.com\/foxnews.com\/content\/uploads\/2023\/12\/720\/405\/skin-cancer-microscope.jpg?ve=1&amp;tl=1, https:\/\/a57.foxnews.com\/static.foxnews.com\/foxnews.com\/content\/uploads\/2023\/12\/1440\/810\/skin-cancer-microscope.jpg?ve=1&amp;tl=1 2x\" height=\"405\" width=\"720\"><img loading=\"lazy\" decoding=\"async\" src=\"https:\/\/a57.foxnews.com\/static.foxnews.com\/foxnews.com\/content\/uploads\/2023\/12\/1200\/675\/skin-cancer-microscope.jpg?ve=1&amp;tl=1\" alt=\"Microscopio de c\u00e1ncer de piel\" width=\"1200\" height=\"675\"\/><\/source><\/source><\/source><\/source><\/picture><\/div>\n<div class=\"info\">\n<div class=\"caption\">\n<p><span>El c\u00e1ncer de piel es el tipo m\u00e1s com\u00fan de c\u00e1ncer en los Estados Unidos, con uno de cada cinco estadounidenses que desarrollan la enfermedad a la edad de 70 a\u00f1os.<\/span> <span>(Istock)<\/span><\/p>\n<\/div>\n<\/div>\n<\/div>\n<p>\u00abHoy en d\u00eda, el uso de terapias espec\u00edficas y la supervivencia de la inmunoterapia se ha mejorado dram\u00e1ticamente, y existe la posibilidad de remisi\u00f3n a largo plazo con tratamiento\u00bb, dijo Strauss a Fox News Digital.<\/p>\n<p>Lutzky se\u00f1al\u00f3 que el melanoma casi siempre es curable por <u>extirpaci\u00f3n quir\u00fargica<\/u> Cuando se detecta temprano. <\/p>\n<p><strong><u>Haga clic aqu\u00ed para obtener la aplicaci\u00f3n Fox News<\/u><\/strong><\/p>\n<p>\u00abDebido a los avances en el tratamiento del melanoma en los \u00faltimos 10 a 15 a\u00f1os, incluso el melanoma muy avanzado se puede curar en hasta el 50% de los casos con modernos. <u>tratamiento de inmunoterapia<\/u>\u00ab, Le dijo a Fox News Digital. <\/p>\n<p>\u00abM\u00e1s recientemente, la terapia celular ha sido aprobada para tratar esos melanomas avanzados que no responden a la inmunoterapia\u00bb.<\/p>\n<h2><strong>Prevenci\u00f3n del melanoma<\/strong><\/h2>\n<p>Para prevenir el melanoma, es importante reducir la exposici\u00f3n a <u>radiaci\u00f3n ultravioleta<\/u>especialmente en personas con piel ligeramente pigmentada, aconsej\u00f3 Strauss. <\/p>\n<p>\u00abEl protector solar y la ropa protectora solar son cr\u00edticas\u00bb, dijo.<\/p>\n<p><strong><u>Haga clic aqu\u00ed para registrarse en nuestro bolet\u00edn de salud<\/u><\/strong><\/p>\n<p>La Academia Americana de Dermatolog\u00eda recomienda aplicar protector solar resistente al agua con protecci\u00f3n de amplio espectro contra rayos UVA y UVB, y SPF 30 o m\u00e1s, antes de la exposici\u00f3n al sol.<\/p>\n<p>\u00abSe debe evitar el uso de la cama de bronceado en interiores porque se sabe que est\u00e1 asociado con un mayor riesgo de melanoma\u00bb, agreg\u00f3 Strauss.<\/p>\n<div class=\"image-ct inline\">\n<div class=\"m\"><picture><source media=\"(max-width: 767px)\" srcset=\"https:\/\/a57.foxnews.com\/static.foxnews.com\/foxnews.com\/content\/uploads\/2025\/04\/343\/192\/gettyimages-1432941680.jpg?ve=1&amp;tl=1, https:\/\/a57.foxnews.com\/static.foxnews.com\/foxnews.com\/content\/uploads\/2025\/04\/686\/384\/gettyimages-1432941680.jpg?ve=1&amp;tl=1 2x\" height=\"192\" width=\"343\"><source media=\"(min-width: 768px) and (max-width: 1023px)\" srcset=\"https:\/\/a57.foxnews.com\/static.foxnews.com\/foxnews.com\/content\/uploads\/2025\/04\/672\/378\/gettyimages-1432941680.jpg?ve=1&amp;tl=1, https:\/\/a57.foxnews.com\/static.foxnews.com\/foxnews.com\/content\/uploads\/2025\/04\/1344\/756\/gettyimages-1432941680.jpg?ve=1&amp;tl=1 2x\" height=\"378\" width=\"672\"><source media=\"(min-width: 1024px) and (max-width: 1279px)\" srcset=\"https:\/\/a57.foxnews.com\/static.foxnews.com\/foxnews.com\/content\/uploads\/2025\/04\/931\/523\/gettyimages-1432941680.jpg?ve=1&amp;tl=1, https:\/\/a57.foxnews.com\/static.foxnews.com\/foxnews.com\/content\/uploads\/2025\/04\/1862\/1046\/gettyimages-1432941680.jpg?ve=1&amp;tl=1 2x\" height=\"523\" width=\"931\"><source media=\"(min-width: 1280px)\" srcset=\"https:\/\/a57.foxnews.com\/static.foxnews.com\/foxnews.com\/content\/uploads\/2025\/04\/720\/405\/gettyimages-1432941680.jpg?ve=1&amp;tl=1, https:\/\/a57.foxnews.com\/static.foxnews.com\/foxnews.com\/content\/uploads\/2025\/04\/1440\/810\/gettyimages-1432941680.jpg?ve=1&amp;tl=1 2x\" height=\"405\" width=\"720\"><img loading=\"lazy\" decoding=\"async\" src=\"https:\/\/a57.foxnews.com\/static.foxnews.com\/foxnews.com\/content\/uploads\/2025\/04\/1200\/675\/gettyimages-1432941680.jpg?ve=1&amp;tl=1\" alt=\"El paciente sin camisa se tumba boca abajo mientras el m\u00e9dico examina la espalda\" width=\"1200\" height=\"675\"\/><\/source><\/source><\/source><\/source><\/picture><\/div>\n<div class=\"info\">\n<div class=\"caption\">\n<p><span>Las personas de alto riesgo tambi\u00e9n deben tener controles de la piel anuales con un dermat\u00f3logo, recomendan los expertos.<\/span> <span>(Istock)<\/span><\/p>\n<\/div>\n<\/div>\n<\/div>\n<p>Las personas de alto riesgo tambi\u00e9n deben tener controles de la piel anuales con un dermat\u00f3logo.  <\/p>\n<p>\u00abEsto incluye personas con antecedentes personales de c\u00e1ncer de piel, <u>historia familiar<\/u> del melanoma, las personas que toman medicamentos que suprimen el sistema inmunitario y las personas altamente sensibles al sol, como aquellas con cabello rojo o rubio, pigmentaci\u00f3n de la piel clara, pecados significativos y color de ojos luminosos \u00ab, dijo el onc\u00f3logo.<\/p>\n<p><i><strong><u>Para m\u00e1s art\u00edculos de salud, visite <\/u><\/strong><\/i><i><strong><u>www.foxnews.com\/Health<\/u><\/strong><\/i><\/p>\n<p>Strauss usa el acr\u00f3nimo ABCDE para diferenciar entre un lunar normal y un melanoma. <\/p>\n<p>\u00abLos lunares con asimetr\u00eda, bordes irregulares, colores m\u00faltiples, di\u00e1metro m\u00e1s grande que un borrador de l\u00e1piz y caracter\u00edsticas evolucionadas o cambiantes requieren una evaluaci\u00f3n adicional\u00bb, dijo. <\/p>\n<p><i>Christina Dugan Ram\u00edrez de Fox News contribuy\u00f3 con informes.<\/i><\/p>\n<p> <!----> <\/p>\n<div class=\"article-meta\">\n<div class=\"author-bio\">\n<p>Melissa Rudy es editora de salud senior y miembro del equipo de estilo de vida en Fox News Digital. Los consejos de la historia se pueden enviar a melissa.rudy@fox.com.<\/p>\n<\/div>\n<\/div>\n<\/div>\n\n","protected":false},"excerpt":{"rendered":"<p>NUEVO\u00a1Ahora puedes escuchar art\u00edculos de Fox News! D\u00edas despu\u00e9s de que el ex esposo de Kelly Clarkson, Brandon Blackstock, falleci\u00f3 a la edad de 48 a\u00f1os, se revel\u00f3 la causa de su muerte. El 11 de agosto, se inform\u00f3 que el gerente de talento muri\u00f3 despu\u00e9s de una batalla privada con Melanoma, una forma de &hellip;<\/p>\n","protected":false},"author":1,"featured_media":40143,"comment_status":"open","ping_status":"open","sticky":false,"template":"","format":"standard","meta":{"fifu_image_url":"https:\/\/a57.foxnews.com\/static.foxnews.com\/foxnews.com\/content\/uploads\/2025\/08\/1200\/675\/brandon-blackstock-kelly-clarkson-2017.jpg?ve=1&tl=1","fifu_image_alt":"","footnotes":""},"categories":[8],"tags":[],"class_list":["post-40141","post","type-post","status-publish","format-standard","has-post-thumbnail","","category-salud"],"_links":{"self":[{"href":"https:\/\/noticiasveraces.com\/index.php?rest_route=\/wp\/v2\/posts\/40141","targetHints":{"allow":["GET"]}}],"collection":[{"href":"https:\/\/noticiasveraces.com\/index.php?rest_route=\/wp\/v2\/posts"}],"about":[{"href":"https:\/\/noticiasveraces.com\/index.php?rest_route=\/wp\/v2\/types\/post"}],"author":[{"embeddable":true,"href":"https:\/\/noticiasveraces.com\/index.php?rest_route=\/wp\/v2\/users\/1"}],"replies":[{"embeddable":true,"href":"https:\/\/noticiasveraces.com\/index.php?rest_route=%2Fwp%2Fv2%2Fcomments&post=40141"}],"version-history":[{"count":0,"href":"https:\/\/noticiasveraces.com\/index.php?rest_route=\/wp\/v2\/posts\/40141\/revisions"}],"wp:featuredmedia":[{"embeddable":true,"href":"https:\/\/noticiasveraces.com\/index.php?rest_route=\/wp\/v2\/media\/40143"}],"wp:attachment":[{"href":"https:\/\/noticiasveraces.com\/index.php?rest_route=%2Fwp%2Fv2%2Fmedia&parent=40141"}],"wp:term":[{"taxonomy":"category","embeddable":true,"href":"https:\/\/noticiasveraces.com\/index.php?rest_route=%2Fwp%2Fv2%2Fcategories&post=40141"},{"taxonomy":"post_tag","embeddable":true,"href":"https:\/\/noticiasveraces.com\/index.php?rest_route=%2Fwp%2Fv2%2Ftags&post=40141"}],"curies":[{"name":"wp","href":"https:\/\/api.w.org\/{rel}","templated":true}]}}