{"id":40119,"date":"2025-08-12T22:30:21","date_gmt":"2025-08-13T02:30:21","guid":{"rendered":"https:\/\/noticiasveraces.com\/?p=40119"},"modified":"2025-08-12T22:30:21","modified_gmt":"2025-08-13T02:30:21","slug":"la-afd-de-alemania-lidera-la-encuesta-por-primera-vez-supera-a-cdu-con-un-26-de-apoyo","status":"publish","type":"post","link":"https:\/\/noticiasveraces.com\/?p=40119","title":{"rendered":"La AFD de Alemania lidera la encuesta por primera vez, supera a CDU con un 26% de apoyo"},"content":{"rendered":"<p> \n<\/p>\n<div>\n<div id=\"beyondwords-wrapper\" class=\"beyondwords-wrapper\">\n<p><span class=\"label-bg\">NUEVO<\/span>\u00a1Ahora puedes escuchar art\u00edculos de Fox News!\n  <\/p>\n<\/div>\n<p class=\"speakable\">La creciente alternativa del partido de derecha populista de Alemania para Alemania (AFD) ha derrotado al Canciller Friedrich Merz, la Uni\u00f3n Democr\u00e1tica Cristiana (CDU) del canciller, un partido conservador convencional, en popularidad en una nueva encuesta. <\/p>\n<p class=\"speakable\">AFD obtuvo el 26% del apoyo en la encuesta presentada por el Instituto FORSA para la Investigaci\u00f3n Social y el An\u00e1lisis Estad\u00edstico. El CDU de Merz obtuvo el 24% de apoyo, su peor resultado desde las elecciones de 2021, seg\u00fan la encuesta.  <\/p>\n<p>Esto se produce cuando el 67% de los alemanes dicen que no est\u00e1n satisfechos con el trabajo de Merz despu\u00e9s de sus primeros 100 d\u00edas en el cargo, dijo la encuesta. Fue elegido en mayo.<\/p>\n<p><strong>Merz de Alemania de &#8216;adaptarse&#8217; a Trump durante la reuni\u00f3n de alto riesgo sobre tarifas, defensa<\/strong><\/p>\n<div class=\"image-ct inline\">\n<div class=\"m\"><picture><source media=\"(max-width: 767px)\" srcset=\"https:\/\/a57.foxnews.com\/static.foxnews.com\/foxnews.com\/content\/uploads\/2025\/08\/343\/192\/alternative-for-germany-rally.jpg?ve=1&amp;tl=1, https:\/\/a57.foxnews.com\/static.foxnews.com\/foxnews.com\/content\/uploads\/2025\/08\/686\/384\/alternative-for-germany-rally.jpg?ve=1&amp;tl=1 2x\" height=\"192\" width=\"343\"><source media=\"(min-width: 768px) and (max-width: 1023px)\" srcset=\"https:\/\/a57.foxnews.com\/static.foxnews.com\/foxnews.com\/content\/uploads\/2025\/08\/672\/378\/alternative-for-germany-rally.jpg?ve=1&amp;tl=1, https:\/\/a57.foxnews.com\/static.foxnews.com\/foxnews.com\/content\/uploads\/2025\/08\/1344\/756\/alternative-for-germany-rally.jpg?ve=1&amp;tl=1 2x\" height=\"378\" width=\"672\"><source media=\"(min-width: 1024px) and (max-width: 1279px)\" srcset=\"https:\/\/a57.foxnews.com\/static.foxnews.com\/foxnews.com\/content\/uploads\/2025\/08\/931\/523\/alternative-for-germany-rally.jpg?ve=1&amp;tl=1, https:\/\/a57.foxnews.com\/static.foxnews.com\/foxnews.com\/content\/uploads\/2025\/08\/1862\/1046\/alternative-for-germany-rally.jpg?ve=1&amp;tl=1 2x\" height=\"523\" width=\"931\"><source media=\"(min-width: 1280px)\" srcset=\"https:\/\/a57.foxnews.com\/static.foxnews.com\/foxnews.com\/content\/uploads\/2025\/08\/720\/405\/alternative-for-germany-rally.jpg?ve=1&amp;tl=1, https:\/\/a57.foxnews.com\/static.foxnews.com\/foxnews.com\/content\/uploads\/2025\/08\/1440\/810\/alternative-for-germany-rally.jpg?ve=1&amp;tl=1 2x\" height=\"405\" width=\"720\"><img loading=\"lazy\" decoding=\"async\" src=\"https:\/\/a57.foxnews.com\/static.foxnews.com\/foxnews.com\/content\/uploads\/2025\/08\/1200\/675\/alternative-for-germany-rally.jpg?ve=1&amp;tl=1\" alt=\"Alternativa para el rally de Alemania\" width=\"1200\" height=\"675\"\/><\/source><\/source><\/source><\/source><\/picture><\/div>\n<div class=\"info\">\n<div class=\"caption\">\n<p><span>Alternativa para Alemania Rally el a\u00f1o pasado. <\/span> <span>(Sean Gallup\/Getty Images)<\/span><\/p>\n<\/div>\n<\/div>\n<\/div>\n<p>AFD es ahora el principal partido de oposici\u00f3n en el Bundestag de Alemania.<\/p>\n<p>A principios de este a\u00f1o, la fiesta, dirigida por Alice Weidel, fue clasificada como \u00abextremista\u00bb por la agencia de inteligencia de Alemania. <\/p>\n<p><strong>L\u00edder conservador alem\u00e1n elegido canciller despu\u00e9s de la hist\u00f3rica p\u00e9rdida de primera ronda<\/strong><\/p>\n<div class=\"image-ct inline\">\n<div class=\"m\"><picture><source media=\"(max-width: 767px)\" srcset=\"https:\/\/a57.foxnews.com\/static.foxnews.com\/foxnews.com\/content\/uploads\/2025\/08\/343\/192\/alice-weidel-speaking.jpg?ve=1&amp;tl=1, https:\/\/a57.foxnews.com\/static.foxnews.com\/foxnews.com\/content\/uploads\/2025\/08\/686\/384\/alice-weidel-speaking.jpg?ve=1&amp;tl=1 2x\" height=\"192\" width=\"343\"><source media=\"(min-width: 768px) and (max-width: 1023px)\" srcset=\"https:\/\/a57.foxnews.com\/static.foxnews.com\/foxnews.com\/content\/uploads\/2025\/08\/672\/378\/alice-weidel-speaking.jpg?ve=1&amp;tl=1, https:\/\/a57.foxnews.com\/static.foxnews.com\/foxnews.com\/content\/uploads\/2025\/08\/1344\/756\/alice-weidel-speaking.jpg?ve=1&amp;tl=1 2x\" height=\"378\" width=\"672\"><source media=\"(min-width: 1024px) and (max-width: 1279px)\" srcset=\"https:\/\/a57.foxnews.com\/static.foxnews.com\/foxnews.com\/content\/uploads\/2025\/08\/931\/523\/alice-weidel-speaking.jpg?ve=1&amp;tl=1, https:\/\/a57.foxnews.com\/static.foxnews.com\/foxnews.com\/content\/uploads\/2025\/08\/1862\/1046\/alice-weidel-speaking.jpg?ve=1&amp;tl=1 2x\" height=\"523\" width=\"931\"><source media=\"(min-width: 1280px)\" srcset=\"https:\/\/a57.foxnews.com\/static.foxnews.com\/foxnews.com\/content\/uploads\/2025\/08\/720\/405\/alice-weidel-speaking.jpg?ve=1&amp;tl=1, https:\/\/a57.foxnews.com\/static.foxnews.com\/foxnews.com\/content\/uploads\/2025\/08\/1440\/810\/alice-weidel-speaking.jpg?ve=1&amp;tl=1 2x\" height=\"405\" width=\"720\"><img loading=\"lazy\" decoding=\"async\" src=\"https:\/\/a57.foxnews.com\/static.foxnews.com\/foxnews.com\/content\/uploads\/2025\/08\/1200\/675\/alice-weidel-speaking.jpg?ve=1&amp;tl=1\" alt=\"Alice Weidel hablando\" width=\"1200\" height=\"675\"\/><\/source><\/source><\/source><\/source><\/picture><\/div>\n<div class=\"info\">\n<div class=\"caption\">\n<p><span>Alternativa para la l\u00edder de Alemania Alice Weidel. <\/span> <span>(Soren Stache &#8211; Pool\/Getty Images)<\/span><\/p>\n<\/div>\n<\/div>\n<\/div>\n<p>El Secretario de Estado de los Estados Unidos, Marco Rubio, denunci\u00f3 la decisi\u00f3n, calific\u00e1ndola de \u00abtiran\u00eda disfrazada\u00bb.<\/p>\n<p>\u00abAlemania acaba de dar a su agencia de espionaje nuevos poderes para examinar a la oposici\u00f3n\u00bb, public\u00f3 Rubio en X en ese momento. \u00abEsa no es la democracia, la tiran\u00eda disfrazada. Lo que es verdaderamente extremista no es el AFD popular, lo que ocup\u00f3 el segundo lugar en las elecciones recientes, pero m\u00e1s bien las pol\u00edticas mortales de inmigraci\u00f3n fronteriza abierta del establecimiento que la AFD se opone. Alemania deber\u00eda revertir el curso\u00bb.<\/p>\n<p>El partido fue fundado en 2013 como un movimiento anti-euro, pero desde entonces ha tomado una postura de derecha sobre temas como la inmigraci\u00f3n y el Islam.<\/p>\n<div class=\"image-ct inline\">\n<div class=\"m\"><picture><source media=\"(max-width: 767px)\" srcset=\"https:\/\/a57.foxnews.com\/static.foxnews.com\/foxnews.com\/content\/uploads\/2025\/08\/343\/192\/elon-musk-alice-weidel-rally.jpg?ve=1&amp;tl=1, https:\/\/a57.foxnews.com\/static.foxnews.com\/foxnews.com\/content\/uploads\/2025\/08\/686\/384\/elon-musk-alice-weidel-rally.jpg?ve=1&amp;tl=1 2x\" height=\"192\" width=\"343\"><source media=\"(min-width: 768px) and (max-width: 1023px)\" srcset=\"https:\/\/a57.foxnews.com\/static.foxnews.com\/foxnews.com\/content\/uploads\/2025\/08\/672\/378\/elon-musk-alice-weidel-rally.jpg?ve=1&amp;tl=1, https:\/\/a57.foxnews.com\/static.foxnews.com\/foxnews.com\/content\/uploads\/2025\/08\/1344\/756\/elon-musk-alice-weidel-rally.jpg?ve=1&amp;tl=1 2x\" height=\"378\" width=\"672\"><source media=\"(min-width: 1024px) and (max-width: 1279px)\" srcset=\"https:\/\/a57.foxnews.com\/static.foxnews.com\/foxnews.com\/content\/uploads\/2025\/08\/931\/523\/elon-musk-alice-weidel-rally.jpg?ve=1&amp;tl=1, https:\/\/a57.foxnews.com\/static.foxnews.com\/foxnews.com\/content\/uploads\/2025\/08\/1862\/1046\/elon-musk-alice-weidel-rally.jpg?ve=1&amp;tl=1 2x\" height=\"523\" width=\"931\"><source media=\"(min-width: 1280px)\" srcset=\"https:\/\/a57.foxnews.com\/static.foxnews.com\/foxnews.com\/content\/uploads\/2025\/08\/720\/405\/elon-musk-alice-weidel-rally.jpg?ve=1&amp;tl=1, https:\/\/a57.foxnews.com\/static.foxnews.com\/foxnews.com\/content\/uploads\/2025\/08\/1440\/810\/elon-musk-alice-weidel-rally.jpg?ve=1&amp;tl=1 2x\" height=\"405\" width=\"720\"><img loading=\"lazy\" decoding=\"async\" src=\"https:\/\/a57.foxnews.com\/static.foxnews.com\/foxnews.com\/content\/uploads\/2025\/08\/1200\/675\/elon-musk-alice-weidel-rally.jpg?ve=1&amp;tl=1\" alt=\"Elon Musk hablando en Alice Weidel Rally\" width=\"1200\" height=\"675\"\/><\/source><\/source><\/source><\/source><\/picture><\/div>\n<div class=\"info\">\n<div class=\"caption\">\n<p><span>Elon Musk Waves habla en vivo a trav\u00e9s de una transmisi\u00f3n de video durante un discurso de Alice Weidel el a\u00f1o pasado. <\/span> <span>(Sean Gallup\/Getty Images)<\/span><\/p>\n<\/div>\n<\/div>\n<\/div>\n<p><strong>Haga clic aqu\u00ed para obtener la aplicaci\u00f3n Fox News<\/strong><\/p>\n<p>En toda Europa, otros grupos de extrema derecha est\u00e1n ganando popularidad, incluida la reforma de Nigel Farage en el Reino Unido y el Partido Nacional de Rally en Francia. <\/p>\n<p> <!----> <\/div>\n\n","protected":false},"excerpt":{"rendered":"<p>NUEVO\u00a1Ahora puedes escuchar art\u00edculos de Fox News! La creciente alternativa del partido de derecha populista de Alemania para Alemania (AFD) ha derrotado al Canciller Friedrich Merz, la Uni\u00f3n Democr\u00e1tica Cristiana (CDU) del canciller, un partido conservador convencional, en popularidad en una nueva encuesta. AFD obtuvo el 26% del apoyo en la encuesta presentada por el &hellip;<\/p>\n","protected":false},"author":1,"featured_media":40121,"comment_status":"open","ping_status":"open","sticky":false,"template":"","format":"standard","meta":{"fifu_image_url":"https:\/\/static.foxnews.com\/foxnews.com\/content\/uploads\/2025\/08\/alternative-for-germany-rally.jpg","fifu_image_alt":"","footnotes":""},"categories":[13],"tags":[],"class_list":["post-40119","post","type-post","status-publish","format-standard","has-post-thumbnail","","category-mundo"],"_links":{"self":[{"href":"https:\/\/noticiasveraces.com\/index.php?rest_route=\/wp\/v2\/posts\/40119","targetHints":{"allow":["GET"]}}],"collection":[{"href":"https:\/\/noticiasveraces.com\/index.php?rest_route=\/wp\/v2\/posts"}],"about":[{"href":"https:\/\/noticiasveraces.com\/index.php?rest_route=\/wp\/v2\/types\/post"}],"author":[{"embeddable":true,"href":"https:\/\/noticiasveraces.com\/index.php?rest_route=\/wp\/v2\/users\/1"}],"replies":[{"embeddable":true,"href":"https:\/\/noticiasveraces.com\/index.php?rest_route=%2Fwp%2Fv2%2Fcomments&post=40119"}],"version-history":[{"count":0,"href":"https:\/\/noticiasveraces.com\/index.php?rest_route=\/wp\/v2\/posts\/40119\/revisions"}],"wp:featuredmedia":[{"embeddable":true,"href":"https:\/\/noticiasveraces.com\/index.php?rest_route=\/wp\/v2\/media\/40121"}],"wp:attachment":[{"href":"https:\/\/noticiasveraces.com\/index.php?rest_route=%2Fwp%2Fv2%2Fmedia&parent=40119"}],"wp:term":[{"taxonomy":"category","embeddable":true,"href":"https:\/\/noticiasveraces.com\/index.php?rest_route=%2Fwp%2Fv2%2Fcategories&post=40119"},{"taxonomy":"post_tag","embeddable":true,"href":"https:\/\/noticiasveraces.com\/index.php?rest_route=%2Fwp%2Fv2%2Ftags&post=40119"}],"curies":[{"name":"wp","href":"https:\/\/api.w.org\/{rel}","templated":true}]}}