{"id":40103,"date":"2025-08-12T19:37:17","date_gmt":"2025-08-12T23:37:17","guid":{"rendered":"https:\/\/noticiasveraces.com\/?p=40103"},"modified":"2025-08-12T19:37:17","modified_gmt":"2025-08-12T23:37:17","slug":"juan-felipe-cadavid-confeso-como-llego-a-rcn-radio-y-supuesto-cajon-para-salida-de-antonio-casale-curiosidades-de-futbol","status":"publish","type":"post","link":"https:\/\/noticiasveraces.com\/?p=40103","title":{"rendered":"Juan Felipe Cadavid confes\u00f3 c\u00f3mo lleg\u00f3 a RCN Radio y supuesto caj\u00f3n para salida de Antonio Casale | Curiosidades de f\u00fatbol"},"content":{"rendered":"<p> \n<br \/><img decoding=\"async\" src=\"https:\/\/www.futbolred.com\/files\/article_graphic\/uploads\/2025\/08\/12\/689bc6cf3b655.jpeg\" \/><\/p>\n<div id=\"cuerpoArticulo\">\n<p class=\"texto intro\" id=\"p253351-m800-799-801\">Recientemente <i>RCN Radio<\/i> tuvo un revolc\u00f3n en su programaci\u00f3n y en su plan de recuperar audiencia. La \u2018Cadena B\u00e1sica\u2019 se acab\u00f3 y ahora es musical, as\u00ed que la parte de noticias y entretenimiento pas\u00f3 a <i>A FM<\/i>en la que lleg\u00f3 como figura del espacio deportivo el periodista Juan Felipe Cadavid.<\/p>\n<p>Cadavid sali\u00f3 de <i>Caracol Radio<\/i> y regres\u00f3 a la empresa radial en la que comenz\u00f3 su carrera, luego de que la compa\u00f1\u00eda decidiera despedir a Antonio Casale. As\u00ed, Juan Felipe lleg\u00f3 pisando fuerte y conduciendo el espacio deportivo de las tardes, junto a Eduardo Luis L\u00f3pez, Nicol\u00e1s Samper y \u2018Pacho\u2019 V\u00e9lez\u2019, entre otros.<\/p>\n<p class=\"texto contenido-parrafo-articulo\" id=\"p253351-m812-1-813\">Cuando se dio el revolc\u00f3n, las redes sociales explotaron con la decisi\u00f3n de RCN Radio de prescindir de Casale y de la llegada de Cadavid; y claro, a pesar de que hubo muchos comentarios positivos, tambi\u00e9n empez\u00f3 a crecer un rumor sobre un caj\u00f3n a Casale, es decir que su salida fue premeditada.<\/p>\n<p>Es por esa raz\u00f3n que Juan Felipe Cadavid decidi\u00f3 salirle al paso a los rumores sin fundamento de las redes sociales, y revel\u00f3 c\u00f3mo se dio la propuesta de regresar a <i>RCN<\/i>.<\/p>\n<p class=\"texto contenido-parrafo-articulo\" id=\"p253351-m856-4-857\">En entrevista que le hizo Cristina Estupi\u00f1\u00e1n, su esposa, Cadavid revel\u00f3 que \u201ctodo sucedi\u00f3 muy r\u00e1pido. Recib\u00ed una llamada, inesperada, pregunt\u00e1ndome c\u00f3mo me sent\u00eda y c\u00f3mo estaba en Caracol; fui honesto y dije que estaba muy bien, feliz y tranquilo, no tengo ning\u00fan problema\u201d.<\/p>\n<p>\u201cSeguido me dijeron: \u2018\u00bfEstar\u00eda dispuesto a escuchar una oferta?\u2019. Anteriormente, cuando Andrea Guerrero lleg\u00f3 a <i>Ganar deportes<\/i>me insinu\u00f3 si estaba dispuesto a escuchar una oferta y en ese momento no estaba con la cabeza abierta para hacerlo. Y en esta llamada, que no directamente de Andrea o de <i>Ganar<\/i>dije bueno, escuchemos, no est\u00e1 de m\u00e1s\u2026 ah\u00ed empez\u00f3 una conversaci\u00f3n que termin\u00f3 con una oferta laboral al otro d\u00eda, la cual le hice a saber a Caracol, y me hizo una contraoferta\u2026 Al final pusimos en consideraci\u00f3n las dos propuestas desde lo familiar para saber si era bueno para nosotros\u201d, a\u00f1adi\u00f3 Cadavid.<\/p>\n<p>Adem\u00e1s, dej\u00f3 claro que no fue f\u00e1cil irse de Caracol Radio: \u201cFue duro, porque dej\u00e9 en el camino a una empresa que crey\u00f3 en m\u00ed, que me respet\u00f3, que me puso en un lugar en el que antes no hab\u00eda estado; y que, gracias a eso, hoy <i>RCN<\/i> me puso en un lugar donde no s\u00e9 si pens\u00e9 que alg\u00fan d\u00eda iba a llegar\u201d.<\/p>\n<p class=\"texto contenido-parrafo-articulo\" id=\"p253351-m881-6-882\"><b><u><i>\u00bfQu\u00e9 dijo Cadavid sobre supuesto caj\u00f3n a Casale?<br \/><\/i><\/u><\/b><br \/>La llegada de Juan Felipe a RCN caus\u00f3 revuelo y versiones sin pruebas de una jugada fraguada para la salida de Antonio. As\u00ed que el nuevo director de deportes de la cadena radial reaccion\u00f3 con una risa.<\/p>\n<p>\u201cYo habl\u00e9 con Antonio Casale. Y como bien lo resumi\u00f3 Antonio en la llamada que tuvimos, pues somos personas que constantemente estamos en el mercado; y as\u00ed como \u00e9l ha llegado a lugares, a ocupar sitios de personas que salen por alguna raz\u00f3n, lamentablemente, y lo digo de coraz\u00f3n porque Antonio es un gran ser humano, hubo una decisi\u00f3n de compa\u00f1\u00eda de que no continuara, y me llamaron a m\u00ed\u201d, coment\u00f3.<\/p>\n<p>As\u00ed, apunt\u00f3 que reemplazar a Antonio Casale es \u201cun reto gigante, porque yo creo que (Casale) estaba haciendo las cosas muy bien. Pero sobretodo porque cada mensaje de la gente que trabaj\u00f3 con \u00e9l, dejaba algo que me qued\u00f3 en la cabeza: hablaban del gran ser humano; y ese es un reto, porque al final uno tiene que dejar huella como persona, como Antonio, y quiero que mis compa\u00f1eros se sientan tan tranquilos y acogidos como lo hicieron con \u00e9l\u201d.<\/p>\n<p>Y finalmente, con algo de humor y sarcasmo, remat\u00f3: \u201cYo como carpintero soy un desastre, entonces no puedo hacer un caj\u00f3n\u201d.<\/p>\n<p><a href=\"https:\/\/www.youtube.com\/watch?v=kq9djldtt3y\">https:\/\/www.youtube.com\/watch?v=kq9djldtt3y<\/a><\/p>\n<\/div>\n\n","protected":false},"excerpt":{"rendered":"<p>Recientemente RCN Radio tuvo un revolc\u00f3n en su programaci\u00f3n y en su plan de recuperar audiencia. La \u2018Cadena B\u00e1sica\u2019 se acab\u00f3 y ahora es musical, as\u00ed que la parte de noticias y entretenimiento pas\u00f3 a A FMen la que lleg\u00f3 como figura del espacio deportivo el periodista Juan Felipe Cadavid. Cadavid sali\u00f3 de Caracol Radio &hellip;<\/p>\n","protected":false},"author":1,"featured_media":40105,"comment_status":"open","ping_status":"open","sticky":false,"template":"","format":"standard","meta":{"fifu_image_url":"https:\/\/www.futbolred.com\/files\/og_thumbnail\/uploads\/2025\/08\/12\/689bc6cf3b655.jpeg","fifu_image_alt":"","footnotes":""},"categories":[6],"tags":[],"class_list":["post-40103","post","type-post","status-publish","format-standard","has-post-thumbnail","","category-deportes"],"_links":{"self":[{"href":"https:\/\/noticiasveraces.com\/index.php?rest_route=\/wp\/v2\/posts\/40103","targetHints":{"allow":["GET"]}}],"collection":[{"href":"https:\/\/noticiasveraces.com\/index.php?rest_route=\/wp\/v2\/posts"}],"about":[{"href":"https:\/\/noticiasveraces.com\/index.php?rest_route=\/wp\/v2\/types\/post"}],"author":[{"embeddable":true,"href":"https:\/\/noticiasveraces.com\/index.php?rest_route=\/wp\/v2\/users\/1"}],"replies":[{"embeddable":true,"href":"https:\/\/noticiasveraces.com\/index.php?rest_route=%2Fwp%2Fv2%2Fcomments&post=40103"}],"version-history":[{"count":0,"href":"https:\/\/noticiasveraces.com\/index.php?rest_route=\/wp\/v2\/posts\/40103\/revisions"}],"wp:featuredmedia":[{"embeddable":true,"href":"https:\/\/noticiasveraces.com\/index.php?rest_route=\/wp\/v2\/media\/40105"}],"wp:attachment":[{"href":"https:\/\/noticiasveraces.com\/index.php?rest_route=%2Fwp%2Fv2%2Fmedia&parent=40103"}],"wp:term":[{"taxonomy":"category","embeddable":true,"href":"https:\/\/noticiasveraces.com\/index.php?rest_route=%2Fwp%2Fv2%2Fcategories&post=40103"},{"taxonomy":"post_tag","embeddable":true,"href":"https:\/\/noticiasveraces.com\/index.php?rest_route=%2Fwp%2Fv2%2Ftags&post=40103"}],"curies":[{"name":"wp","href":"https:\/\/api.w.org\/{rel}","templated":true}]}}