{"id":40089,"date":"2025-08-12T19:06:35","date_gmt":"2025-08-12T23:06:35","guid":{"rendered":"https:\/\/noticiasveraces.com\/?p=40089"},"modified":"2025-08-12T19:06:35","modified_gmt":"2025-08-12T23:06:35","slug":"las-llamas-arrasan-las-medulas-un-paisaje-cultural-modelado-por-los-romanos-clima-y-medio-ambiente","status":"publish","type":"post","link":"https:\/\/noticiasveraces.com\/?p=40089","title":{"rendered":"Las llamas arrasan Las M\u00e9dulas, un paisaje cultural modelado por los romanos | Clima y Medio Ambiente"},"content":{"rendered":"<p> \n<br \/><img decoding=\"async\" src=\"https:\/\/imagenes.elpais.com\/resizer\/v2\/FJUZMOO3R5EZ5K4XAA5PLQLAYQ.jpg?auth=12b5d5407831e1c99fa26deca52d8921f7cb07503dfc86a3c35eccb0b47ae492\" \/><\/p>\n<div data-dtm-region=\"articulo_cuerpo\">\n<p class=\"\">El incendio que se inici\u00f3 este s\u00e1bado en Yeres ha quemado \u201cel espacio natural de Las M\u00e9dulas, Patrimonio de la Humanidad por la Unesco, completamente\u201d, seg\u00fan fuentes del Comit\u00e9 Estatal de Coordinaci\u00f3n y Direcci\u00f3n (CECOD). Las llamas \u201chan afectado a un paisaje cultural, no a un monumento natural\u201d, que naci\u00f3 de la actividad humana, de la explotaci\u00f3n de la mayor mina de oro a cielo abierto que excav\u00f3 Roma en todo su imperio, clarifica Javier S\u00e1nchez-Palacios, profesor ad honorem del CSIC y una de las m\u00e1ximas autoridades en el lugar. \u201cTodo el entorno ha sufrido: la mina, los dep\u00f3sitos de agua, los canales en su \u00faltimo tramo, los casta\u00f1os &#8230;\u201d, mantiene. Le produce \u201cverg\u00fcenza\u201d que algo as\u00ed pueda haber sucedido en 2025, casi 30 a\u00f1os despu\u00e9s de su protecci\u00f3n por la Unesco, en 1997. <\/p>\n<p class=\"\">Alfonso Fern\u00e1ndez Pacios, alcalde de Carucedo, localidad a la que pertenecen Las M\u00e9dulas, aseguraba con voz cansada este lunes, horas despu\u00e9s de declararse el incendio que lo sucedido es un \u201cdesastre\u201d. \u201cAcabo de pasar y est\u00e1 todo negro, tambi\u00e9n las zonas de casta\u00f1os e incluso los picachos de las m\u00e9dulas. Ha habido alg\u00fan fuego a\u00f1os atr\u00e1s, pero este ha sido voraz\u201d, describe. Las llamas han acabado con\u201cese paisaje tan caracter\u00edstico que impresionaba del barro mezclado con el verde\u201d. <\/p>\n<p class=\"\">La Junta de Castilla y Le\u00f3n no ha aclarado todav\u00eda la magnitud de los da\u00f1os debido a que se contin\u00faa con las labores de extinci\u00f3n del fuego. Pero ha informado de que iniciar\u00e1 \u201cinmediatamente\u201d la recuperaci\u00f3n del patrimonio cultural perdido. <\/p>\n<p class=\"\">De momento se sabe que el fuego ha da\u00f1ado infraestructuras tur\u00edsticas emblem\u00e1ticas como el Aula Arqueol\u00f3gica de Las M\u00e9dulas, donde se proporcionaba informaci\u00f3n al visitante sobre el lugar y el m\u00e9todo de explotaci\u00f3n usado por los romanos y el mirador de Orell\u00e1n, una atalaya para contemplar la zona arqueol\u00f3gica, cuya recuperaci\u00f3n se considera prioritaria. Fue necesario evacuar a 800 personas de los pueblos colindantes y hubo dos heridos. <\/p>\n<p class=\"\">Las M\u00e9dulas no es un espacio cualquiera, \u201ces la mayor transformaci\u00f3n antr\u00f3pica de la antig\u00fcedad\u201d, recalca S\u00e1nchez-Palacios su importancia. Los romanos modificaron 1.200 hect\u00e1reas para crear esta mina a cielo abierto y se removieron m\u00e1s de 100 millones de metros c\u00fabicos de tierra, fundamentalmente con agua. \u201cCrearon as\u00ed la red hidr\u00e1ulica m\u00e1s extensa de su mundo, de 800 kil\u00f3metros, mayor incluso que la de Roma\u201d, explica. <\/p>\n<p class=\"\">La vegetaci\u00f3n que se ha perdido, sobre todo de casta\u00f1os centenarios \u2015cultivo introducido por los romanos y que han pervivido hasta nuestros d\u00edas\u2015 es la que da soporte al espacio protegido de 2.100 hect\u00e1reas, confiere estabilidad a los suelos e impide su erosi\u00f3n. \u201cLa combinaci\u00f3n de mina romana y casta\u00f1os forma ese paisaje que no es natural, es cultural\u201d, insiste el investigador. Sin ese soporte vegetal \u201cla roca permanece, pero \u00bfqu\u00e9 va a pasar con las infraestructuras cuando lleguen las primeras aguas?\u201d, se pregunta S\u00e1nchez-Palacios. En la actualidad, de los 32 canales identificados en un estudio realizado por encargo de la Junta de Castilla y Le\u00f3n y codirigido por S\u00e1nchez-Palacios, solo el 30% es visible, mientras que el resto del trazado queda oculto o se ha perdido por la erosi\u00f3n.<\/p>\n<p class=\"\">La mina modific\u00f3 tanto el entorno que propici\u00f3 la aparici\u00f3n del primer lago antr\u00f3pico de la antig\u00fcedad, el de Carucedo. Los est\u00e9riles (restos de la extracci\u00f3n del mineral) acumulados a pie de la explotaci\u00f3n acabaron cerrando el valle y all\u00ed se form\u00f3 el lago. \u201cQue no ha ardido, porque es agua\u201d, ironiza el investigador, que visit\u00f3 el paraje por primera vez en 1978, cuando era \u201ctotalmente virgen\u201d. Lo visitaban unas 6.000 personas al a\u00f1o y no hab\u00eda ni infraestructuras hoteleras. Ahora se ha convertido en el epicentro tur\u00edstico de El Bierzo, con una afluencia de unas 200.000 personas al a\u00f1o.<\/p>\n<p class=\"\">El alcalde de Carucedo solicitar\u00e1 la declaraci\u00f3n del paraje como zona catastr\u00f3fica. Una visi\u00f3n que comparte \u00d3scar Fern\u00e1ndez, propietario del Mes\u00f3n el Lago abierto desde hace 28 a\u00f1os. \u201cAhora mismo aqu\u00ed ya no hay peligro [por ayer por la tarde]pero est\u00e1 todo abrasado, no s\u00e9 qui\u00e9n va a venir aqu\u00ed\u201d, se lamenta. El local est\u00e1 situado a 150 metros del lago Carucedo, el que se form\u00f3 con los escombros que sal\u00edan de la mina romana. <\/p>\n<p class=\"\">No solo les afectar\u00e1 a ellos, sino a todas las personas que se dedicaban a recoger las casta\u00f1as. Recuerda el desconcierto con la evacuaci\u00f3n y el fuego llegando a las puertas de las viviendas, y repite la queja de otros muchos vecinos: \u201cLlevamos a\u00f1os diciendo que son necesarias labores de limpieza, una mayor prevenci\u00f3n\u201d. <\/p>\n<\/div>\n\n","protected":false},"excerpt":{"rendered":"<p>El incendio que se inici\u00f3 este s\u00e1bado en Yeres ha quemado \u201cel espacio natural de Las M\u00e9dulas, Patrimonio de la Humanidad por la Unesco, completamente\u201d, seg\u00fan fuentes del Comit\u00e9 Estatal de Coordinaci\u00f3n y Direcci\u00f3n (CECOD). Las llamas \u201chan afectado a un paisaje cultural, no a un monumento natural\u201d, que naci\u00f3 de la actividad humana, de &hellip;<\/p>\n","protected":false},"author":1,"featured_media":40091,"comment_status":"open","ping_status":"open","sticky":false,"template":"","format":"standard","meta":{"fifu_image_url":"https:\/\/imagenes.elpais.com\/resizer\/v2\/FJUZMOO3R5EZ5K4XAA5PLQLAYQ.jpg?auth=12b5d5407831e1c99fa26deca52d8921f7cb07503dfc86a3c35eccb0b47ae492&width=1200","fifu_image_alt":"","footnotes":""},"categories":[11],"tags":[],"class_list":["post-40089","post","type-post","status-publish","format-standard","has-post-thumbnail","","category-viaje"],"_links":{"self":[{"href":"https:\/\/noticiasveraces.com\/index.php?rest_route=\/wp\/v2\/posts\/40089","targetHints":{"allow":["GET"]}}],"collection":[{"href":"https:\/\/noticiasveraces.com\/index.php?rest_route=\/wp\/v2\/posts"}],"about":[{"href":"https:\/\/noticiasveraces.com\/index.php?rest_route=\/wp\/v2\/types\/post"}],"author":[{"embeddable":true,"href":"https:\/\/noticiasveraces.com\/index.php?rest_route=\/wp\/v2\/users\/1"}],"replies":[{"embeddable":true,"href":"https:\/\/noticiasveraces.com\/index.php?rest_route=%2Fwp%2Fv2%2Fcomments&post=40089"}],"version-history":[{"count":0,"href":"https:\/\/noticiasveraces.com\/index.php?rest_route=\/wp\/v2\/posts\/40089\/revisions"}],"wp:featuredmedia":[{"embeddable":true,"href":"https:\/\/noticiasveraces.com\/index.php?rest_route=\/wp\/v2\/media\/40091"}],"wp:attachment":[{"href":"https:\/\/noticiasveraces.com\/index.php?rest_route=%2Fwp%2Fv2%2Fmedia&parent=40089"}],"wp:term":[{"taxonomy":"category","embeddable":true,"href":"https:\/\/noticiasveraces.com\/index.php?rest_route=%2Fwp%2Fv2%2Fcategories&post=40089"},{"taxonomy":"post_tag","embeddable":true,"href":"https:\/\/noticiasveraces.com\/index.php?rest_route=%2Fwp%2Fv2%2Ftags&post=40089"}],"curies":[{"name":"wp","href":"https:\/\/api.w.org\/{rel}","templated":true}]}}