{"id":40073,"date":"2025-08-12T13:32:19","date_gmt":"2025-08-12T17:32:19","guid":{"rendered":"https:\/\/noticiasveraces.com\/?p=40073"},"modified":"2025-08-12T13:32:19","modified_gmt":"2025-08-12T17:32:19","slug":"grealish-el-fichaje-mas-caro-del-city-jugara-cedido-en-el-everton","status":"publish","type":"post","link":"https:\/\/noticiasveraces.com\/?p=40073","title":{"rendered":"Grealish, el fichaje m\u00e1s caro del City, jugar\u00e1 cedido en el Everton"},"content":{"rendered":"<p> \n<\/p>\n<div>\n<p data-mrf-recirculation=\"Links P\u00e1rrafos\" class=\"ue-c-article__paragraph paragraph ue-c-article--first-letter-highlighted\">Ya es oficial.\u00a0Jack Grealish ha decidido buscar un nuevo aire para recuperar su mejor versi\u00f3n y <strong>Goodison Park ser\u00e1 la pr\u00f3xima parada<\/strong>. El <strong>Manchester City y el Everton<\/strong> han sellado un acuerdo para el pr\u00e9stamo del extremo ingl\u00e9s, de 29 a\u00f1os, durante la campa\u00f1a 2025-2026. El pacto <strong>incluye una opci\u00f3n de compra cercana a los 50 millones de libras, poco menos de 60 millones de euros<\/strong>.<\/p>\n<p data-mrf-recirculation=\"Links P\u00e1rrafos\" class=\"ue-c-article__paragraph paragraph\">El futbolista, <strong>incorporaci\u00f3n r\u00e9cord de los citizens en el verano de 2021 con un coste de 117 millones de euros<\/strong>pone fin a cuatro temporadas en Manchester tras <strong>superar los 150 partidos<\/strong>. Aunque fue pieza clave en la conquista del <strong>hist\u00f3rico triplete dirigido por Pep Guardiola, su nivel ha sufrido un declive notable desde 2023<\/strong>.<\/p>\n<p data-mrf-recirculation=\"Links P\u00e1rrafos\" class=\"ue-c-article__paragraph paragraph\">Las lesiones han lastrado su rendimiento en las dos \u00faltimas campa\u00f1as, jugando apenas <strong>1.500 minutos en la 2024-2025, repartidos en 32 encuentros y partiendo como titular solo en la mitad de ellos<\/strong>. <\/p>\n<blockquote class=\"ue-c-article__blockquote\">\n<p>\u201cEs un jugador incre\u00edble que tiene que jugar al f\u00fatbol cada tres d\u00edas<\/p>\n<p><span class=\"ue-c-article__blockquote-author\">Pep Guardiola, entrenador del City<\/span><\/p><\/blockquote>\n<h2 class=\"ue-c-article__subheadline\">Un nuevo comienzo con Moyes<\/h2>\n<p data-mrf-recirculation=\"Links P\u00e1rrafos\" class=\"ue-c-article__paragraph paragraph\">El extremo ingl\u00e9s no viaj\u00f3 con el equipo al <strong>Mundial de Clubes<\/strong>ya que ambas partes quer\u00edan resolver su situaci\u00f3n cuanto antes. El objetivo es claro: convencer a <strong>Thomas Tuchel y regresar a la selecci\u00f3n inglesa para estar presente en la cita mundialista del pr\u00f3ximo verano<\/strong>. <strong>\u00abThe Toffees\u00bb no jugar\u00e1n ninguna competici\u00f3n europea<\/strong>pero eso no impedir\u00e1 al ingl\u00e9s demostrar su calidad. Adem\u00e1s, David Moyes le brindar\u00e1 la oportunidad de recuperar la chispa y jugar con continuidad, algo fundamental para que vuelva a sentirse <strong>&#8216;Super Jack&#8217;<\/strong>.<\/p>\n<\/div>\n\n","protected":false},"excerpt":{"rendered":"<p>Ya es oficial.\u00a0Jack Grealish ha decidido buscar un nuevo aire para recuperar su mejor versi\u00f3n y Goodison Park ser\u00e1 la pr\u00f3xima parada. El Manchester City y el Everton han sellado un acuerdo para el pr\u00e9stamo del extremo ingl\u00e9s, de 29 a\u00f1os, durante la campa\u00f1a 2025-2026. El pacto incluye una opci\u00f3n de compra cercana a los &hellip;<\/p>\n","protected":false},"author":1,"featured_media":40074,"comment_status":"open","ping_status":"open","sticky":false,"template":"","format":"standard","meta":{"fifu_image_url":"https:\/\/e00-xlk-ue-marca.uecdn.es\/files\/article_main_microformat\/uploads\/2025\/08\/12\/YvrGc1ect7Ejg_mL2.jpeg","fifu_image_alt":"","footnotes":""},"categories":[6],"tags":[],"class_list":["post-40073","post","type-post","status-publish","format-standard","has-post-thumbnail","","category-deportes"],"_links":{"self":[{"href":"https:\/\/noticiasveraces.com\/index.php?rest_route=\/wp\/v2\/posts\/40073","targetHints":{"allow":["GET"]}}],"collection":[{"href":"https:\/\/noticiasveraces.com\/index.php?rest_route=\/wp\/v2\/posts"}],"about":[{"href":"https:\/\/noticiasveraces.com\/index.php?rest_route=\/wp\/v2\/types\/post"}],"author":[{"embeddable":true,"href":"https:\/\/noticiasveraces.com\/index.php?rest_route=\/wp\/v2\/users\/1"}],"replies":[{"embeddable":true,"href":"https:\/\/noticiasveraces.com\/index.php?rest_route=%2Fwp%2Fv2%2Fcomments&post=40073"}],"version-history":[{"count":0,"href":"https:\/\/noticiasveraces.com\/index.php?rest_route=\/wp\/v2\/posts\/40073\/revisions"}],"wp:featuredmedia":[{"embeddable":true,"href":"https:\/\/noticiasveraces.com\/index.php?rest_route=\/wp\/v2\/media\/40074"}],"wp:attachment":[{"href":"https:\/\/noticiasveraces.com\/index.php?rest_route=%2Fwp%2Fv2%2Fmedia&parent=40073"}],"wp:term":[{"taxonomy":"category","embeddable":true,"href":"https:\/\/noticiasveraces.com\/index.php?rest_route=%2Fwp%2Fv2%2Fcategories&post=40073"},{"taxonomy":"post_tag","embeddable":true,"href":"https:\/\/noticiasveraces.com\/index.php?rest_route=%2Fwp%2Fv2%2Ftags&post=40073"}],"curies":[{"name":"wp","href":"https:\/\/api.w.org\/{rel}","templated":true}]}}