{"id":40067,"date":"2025-08-12T13:12:24","date_gmt":"2025-08-12T17:12:24","guid":{"rendered":"https:\/\/noticiasveraces.com\/?p=40067"},"modified":"2025-08-12T13:12:24","modified_gmt":"2025-08-12T17:12:24","slug":"putin-regresa-a-america-despues-de-10-anos-para-la-historica-cumbre-de-trump","status":"publish","type":"post","link":"https:\/\/noticiasveraces.com\/?p=40067","title":{"rendered":"Putin regresa a Am\u00e9rica despu\u00e9s de 10 a\u00f1os para la hist\u00f3rica cumbre de Trump"},"content":{"rendered":"<p> \n<\/p>\n<div>\n<div id=\"beyondwords-wrapper\" class=\"beyondwords-wrapper\">\n<p><span class=\"label-bg\">NUEVO<\/span>\u00a1Ahora puedes escuchar art\u00edculos de Fox News!\n  <\/p>\n<\/div>\n<p class=\"speakable\">El presidente ruso, Vladimir Putin, regresar\u00e1 a los Estados Unidos por primera vez en una d\u00e9cada cuando se re\u00fana con el presidente Donald Trump en Alaska el viernes.<\/p>\n<p class=\"speakable\">Tras el anuncio de Trump la semana pasada de que la pareja se reunir\u00eda para una cumbre en persona, marcando la primera vez que un presidente de los Estados Unidos se reunir\u00e1 con Putin despu\u00e9s de que invadi\u00f3 Ucrania en 2022, menos de un a\u00f1o despu\u00e9s de reunirse con Biden en 2021 en Ginebra, se sospech\u00f3 que varios lugares son los lugares de reuni\u00f3n m\u00e1s probables, incluidos Hungr\u00eda, Switzerland, Italia y los Emiratos de los Estados Unidos.<\/p>\n<p>Se inform\u00f3 que Putin derrib\u00f3 la idea de Italia, ya que se considera que es favorable para Ucrania, y en su lugar presion\u00f3 por Hungr\u00eda. <\/p>\n<div class=\"image-ct inline\">\n<div class=\"m\"><picture><source media=\"(max-width: 767px)\" srcset=\"https:\/\/a57.foxnews.com\/static.foxnews.com\/foxnews.com\/content\/uploads\/2025\/08\/343\/192\/obama-meets-with-putin.jpg?ve=1&amp;tl=1, https:\/\/a57.foxnews.com\/static.foxnews.com\/foxnews.com\/content\/uploads\/2025\/08\/686\/384\/obama-meets-with-putin.jpg?ve=1&amp;tl=1 2x\" height=\"192\" width=\"343\"><source media=\"(min-width: 768px) and (max-width: 1023px)\" srcset=\"https:\/\/a57.foxnews.com\/static.foxnews.com\/foxnews.com\/content\/uploads\/2025\/08\/672\/378\/obama-meets-with-putin.jpg?ve=1&amp;tl=1, https:\/\/a57.foxnews.com\/static.foxnews.com\/foxnews.com\/content\/uploads\/2025\/08\/1344\/756\/obama-meets-with-putin.jpg?ve=1&amp;tl=1 2x\" height=\"378\" width=\"672\"><source media=\"(min-width: 1024px) and (max-width: 1279px)\" srcset=\"https:\/\/a57.foxnews.com\/static.foxnews.com\/foxnews.com\/content\/uploads\/2025\/08\/931\/523\/obama-meets-with-putin.jpg?ve=1&amp;tl=1, https:\/\/a57.foxnews.com\/static.foxnews.com\/foxnews.com\/content\/uploads\/2025\/08\/1862\/1046\/obama-meets-with-putin.jpg?ve=1&amp;tl=1 2x\" height=\"523\" width=\"931\"><source media=\"(min-width: 1280px)\" srcset=\"https:\/\/a57.foxnews.com\/static.foxnews.com\/foxnews.com\/content\/uploads\/2025\/08\/720\/405\/obama-meets-with-putin.jpg?ve=1&amp;tl=1, https:\/\/a57.foxnews.com\/static.foxnews.com\/foxnews.com\/content\/uploads\/2025\/08\/1440\/810\/obama-meets-with-putin.jpg?ve=1&amp;tl=1 2x\" height=\"405\" width=\"720\"><img loading=\"lazy\" decoding=\"async\" src=\"https:\/\/a57.foxnews.com\/static.foxnews.com\/foxnews.com\/content\/uploads\/2025\/08\/1200\/675\/obama-meets-with-putin.jpg?ve=1&amp;tl=1\" alt=\"Obama se re\u00fane con Putin\" width=\"1200\" height=\"675\"\/><\/source><\/source><\/source><\/source><\/picture><\/div>\n<div class=\"info\">\n<div class=\"caption\">\n<p><span>El presidente ruso Vladimir Putin, a la derecha, y el entonces presidente Barack Obama comparten un brindis durante el almuerzo en la Asamblea General de las Naciones Unidas en Nueva York el 28 de septiembre de 2015.<\/span> <span>(REUTERS\/Kevin Lamarque)<\/span><\/p>\n<\/div>\n<\/div>\n<\/div>\n<p><strong>Trump persigue a Zelenskyy por la disputa de &#8216;intercambio de tierras&#8217;, presenta &#8216;sentar la reuni\u00f3n&#8217; con Putin<\/strong><\/p>\n<p>Sin embargo, Trump sorprendi\u00f3 a la naci\u00f3n cuando anunci\u00f3 el viernes que Putin viajar\u00eda a Alaska para su primer viaje en los Estados Unidos desde que asisti\u00f3 a la Asamblea General de la ONU en Nueva York en 2015, cuando se reuni\u00f3 con el entonces presidente Barack Obama.<\/p>\n<p>El lunes, Trump dijo que pens\u00f3 que era \u00abmuy respetuoso que el Presidente de Rusia llegue a nuestro pa\u00eds en lugar de que vayamos a su pa\u00eds o incluso a un lugar de terceros\u00bb.<\/p>\n<p>No est\u00e1 claro por qu\u00e9 no se seleccion\u00f3 una naci\u00f3n de terceros como los EAU. Aunque la justificaci\u00f3n de por qu\u00e9 Hungr\u00eda no fue seleccionada, a pesar de ser dirigida por Viktor Orb\u00e1n, que es amigable con Putin y Trump, podr\u00eda ser porque es miembro de la OTAN y probablemente demostrar\u00eda ser controvertido si un aliado de la OTAN es el anfitri\u00f3n del Jefe del Kremlin en un momento en que Europa enfrenta su mayor amenaza desde la Segunda Guerra Mundial.<\/p>\n<p>Del mismo modo, la \u00f3ptica dudosa podr\u00eda atribuirse a no organizar la reuni\u00f3n en Suiza, que, aunque no es un aliado de la OTAN, es miembro del Tribunal Penal Internacional que emiti\u00f3 una orden de arresto contra Putin en 2023 por acusaciones de cr\u00edmenes de guerra. <\/p>\n<div class=\"image-ct inline\">\n<div class=\"m\"><picture><source media=\"(max-width: 767px)\" srcset=\"https:\/\/a57.foxnews.com\/static.foxnews.com\/foxnews.com\/content\/uploads\/2025\/08\/343\/192\/donald-trump-vladimir-putin-shake-hands-2018.jpg?ve=1&amp;tl=1, https:\/\/a57.foxnews.com\/static.foxnews.com\/foxnews.com\/content\/uploads\/2025\/08\/686\/384\/donald-trump-vladimir-putin-shake-hands-2018.jpg?ve=1&amp;tl=1 2x\" height=\"192\" width=\"343\"><source media=\"(min-width: 768px) and (max-width: 1023px)\" srcset=\"https:\/\/a57.foxnews.com\/static.foxnews.com\/foxnews.com\/content\/uploads\/2025\/08\/672\/378\/donald-trump-vladimir-putin-shake-hands-2018.jpg?ve=1&amp;tl=1, https:\/\/a57.foxnews.com\/static.foxnews.com\/foxnews.com\/content\/uploads\/2025\/08\/1344\/756\/donald-trump-vladimir-putin-shake-hands-2018.jpg?ve=1&amp;tl=1 2x\" height=\"378\" width=\"672\"><source media=\"(min-width: 1024px) and (max-width: 1279px)\" srcset=\"https:\/\/a57.foxnews.com\/static.foxnews.com\/foxnews.com\/content\/uploads\/2025\/08\/931\/523\/donald-trump-vladimir-putin-shake-hands-2018.jpg?ve=1&amp;tl=1, https:\/\/a57.foxnews.com\/static.foxnews.com\/foxnews.com\/content\/uploads\/2025\/08\/1862\/1046\/donald-trump-vladimir-putin-shake-hands-2018.jpg?ve=1&amp;tl=1 2x\" height=\"523\" width=\"931\"><source media=\"(min-width: 1280px)\" srcset=\"https:\/\/a57.foxnews.com\/static.foxnews.com\/foxnews.com\/content\/uploads\/2025\/08\/720\/405\/donald-trump-vladimir-putin-shake-hands-2018.jpg?ve=1&amp;tl=1, https:\/\/a57.foxnews.com\/static.foxnews.com\/foxnews.com\/content\/uploads\/2025\/08\/1440\/810\/donald-trump-vladimir-putin-shake-hands-2018.jpg?ve=1&amp;tl=1 2x\" height=\"405\" width=\"720\"><img loading=\"lazy\" decoding=\"async\" src=\"https:\/\/a57.foxnews.com\/static.foxnews.com\/foxnews.com\/content\/uploads\/2025\/08\/1200\/675\/donald-trump-vladimir-putin-shake-hands-2018.jpg?ve=1&amp;tl=1\" alt=\"Donald Trump Vladimir Putin Shake Hands 2018\" width=\"1200\" height=\"675\"\/><\/source><\/source><\/source><\/source><\/picture><\/div>\n<div class=\"info\">\n<div class=\"caption\">\n<p><span>El presidente Donald Trump, a la izquierda, y el presidente ruso, Vladimir Putin, se dieron la mano al comienzo de una reuni\u00f3n en el Palacio Presidencial en Helsinki el 16 de julio de 2018.<\/span> <span>(AP Photo\/Pablo Martinez Monsivais, File)<\/span><\/p>\n<\/div>\n<\/div>\n<\/div>\n<p>\u00abProbablemente evitaron Europa, porque si incluyeron Europa, entonces Europa habr\u00eda exigido que realmente est\u00e9n en la mesa\u00bb, dijo Dan Hoffman, ex jefe de la estaci\u00f3n de CIA Mosc\u00fa, a Fox News Digital. \u00abProbablemente tus dos opciones fueron a Rusia, lo que Trump nunca har\u00eda, o lo invitar\u00eda aqu\u00ed.<\/p>\n<p>\u00abTambi\u00e9n expone el desaf\u00edo de que no puede resolver esto sin Ucrania y sin Europa\u00bb, agreg\u00f3. <\/p>\n<p>Si bien no est\u00e1 claro d\u00f3nde se reunir\u00e1 exactamente la pareja, o por qu\u00e9 Alaska finalmente fue aterrizado, la senadora republicana principal de Alaska, Lisa Murkowski, dijo que era \u00abotra oportunidad para que el \u00c1rtico sirva como un lugar que re\u00fane a los l\u00edderes mundiales para forjar acuerdos significativos\u00bb.<\/p>\n<p><strong>La UE regresa a Trump, Zelenskyy comenta, no hay concesiones en Ucrania antes de Putin Cesefire Acuerdo<\/strong><\/p>\n<p>\u00abSi bien sigo profundamente cauteloso con Putin y su r\u00e9gimen, espero que estas discusiones conduzcan a un progreso genuino y ayuden a poner fin a la guerra en t\u00e9rminos equitativos\u00bb, agreg\u00f3, se\u00f1alando su preocupaci\u00f3n cuando se trata de tratar con Putin.<\/p>\n<p>Los funcionarios rusos parec\u00edan tomar un tono m\u00e1s optimista sobre la ubicaci\u00f3n de la reuni\u00f3n cuando el enviado econ\u00f3mico especial de Rusia, Kirill Dmitriev, acudi\u00f3 a X para reconocer el papel hist\u00f3rico que Alaska ha desempe\u00f1ado en la relaci\u00f3n Rusia-Estados Unidos.<\/p>\n<p>\u00abNacido como la Am\u00e9rica rusa (ra\u00edces ortodoxas, fuertes, comercio de pieles, Alaska se hace eco de esos lazos y hace de los Estados Unidos una naci\u00f3n \u00e1rtica\u00bb, dijo Dmitriev, que luego lo describe como la \u00abetapa perfecta\u00bb para la reuni\u00f3n.<\/p>\n<div class=\"image-ct inline\">\n<div class=\"m\"><picture><source media=\"(max-width: 767px)\" srcset=\"https:\/\/a57.foxnews.com\/static.foxnews.com\/foxnews.com\/content\/uploads\/2025\/08\/343\/192\/trump-announces-dc-police-takeover.jpg?ve=1&amp;tl=1, https:\/\/a57.foxnews.com\/static.foxnews.com\/foxnews.com\/content\/uploads\/2025\/08\/686\/384\/trump-announces-dc-police-takeover.jpg?ve=1&amp;tl=1 2x\" height=\"192\" width=\"343\"><source media=\"(min-width: 768px) and (max-width: 1023px)\" srcset=\"https:\/\/a57.foxnews.com\/static.foxnews.com\/foxnews.com\/content\/uploads\/2025\/08\/672\/378\/trump-announces-dc-police-takeover.jpg?ve=1&amp;tl=1, https:\/\/a57.foxnews.com\/static.foxnews.com\/foxnews.com\/content\/uploads\/2025\/08\/1344\/756\/trump-announces-dc-police-takeover.jpg?ve=1&amp;tl=1 2x\" height=\"378\" width=\"672\"><source media=\"(min-width: 1024px) and (max-width: 1279px)\" srcset=\"https:\/\/a57.foxnews.com\/static.foxnews.com\/foxnews.com\/content\/uploads\/2025\/08\/931\/523\/trump-announces-dc-police-takeover.jpg?ve=1&amp;tl=1, https:\/\/a57.foxnews.com\/static.foxnews.com\/foxnews.com\/content\/uploads\/2025\/08\/1862\/1046\/trump-announces-dc-police-takeover.jpg?ve=1&amp;tl=1 2x\" height=\"523\" width=\"931\"><source media=\"(min-width: 1280px)\" srcset=\"https:\/\/a57.foxnews.com\/static.foxnews.com\/foxnews.com\/content\/uploads\/2025\/08\/720\/405\/trump-announces-dc-police-takeover.jpg?ve=1&amp;tl=1, https:\/\/a57.foxnews.com\/static.foxnews.com\/foxnews.com\/content\/uploads\/2025\/08\/1440\/810\/trump-announces-dc-police-takeover.jpg?ve=1&amp;tl=1 2x\" height=\"405\" width=\"720\"><img loading=\"lazy\" decoding=\"async\" src=\"https:\/\/a57.foxnews.com\/static.foxnews.com\/foxnews.com\/content\/uploads\/2025\/08\/1200\/675\/trump-announces-dc-police-takeover.jpg?ve=1&amp;tl=1\" alt=\"Trump habla durante la sesi\u00f3n de la prensa\" width=\"1200\" height=\"675\"\/><\/source><\/source><\/source><\/source><\/picture><\/div>\n<div class=\"info\">\n<div class=\"caption\">\n<p><span>El presidente Donald Trump, centro, habla con periodistas en la sala de informes de James Brady Press en la Casa Blanca, el lunes 11 de agosto de 2025 en Washington, DC<\/span> <span>(AP\/Alex Brandon)<\/span><\/p>\n<\/div>\n<\/div>\n<\/div>\n<p>Hoffman argument\u00f3 que la ubicaci\u00f3n no es muy significativa y dijo: \u00abDe lo que va a importar es de lo que hablan. Los detalles de la reuni\u00f3n m\u00e1s que el lugar.<\/p>\n<p>\u00abNadie puede predecir lo que va a suceder. Ni siquiera creo que Trump o Putin sean lo que resultar\u00e1 de esto\u00bb, agreg\u00f3, se\u00f1alando que hab\u00eda demasiadas variables para comenzar a predecir o analizar cualquier elemento de las pr\u00f3ximas conversaciones. <\/p>\n<p>Trump no detallar\u00eda lo que espec\u00edficamente espera obtener de las conversaciones con Putin el viernes, aunque argument\u00f3 que podr\u00eda decir dentro de los primeros \u00abdos minutos\u00bb si un acuerdo de alto el fuego en Ucrania era posible.<\/p>\n<p>\u00abNo voy a hacer un trato. No depende de m\u00ed hacer un trato\u00bb, dijo. Creo que se debe hacer un trato para ambos [Putin and Ukrainian President Volodymyr Zelenskyy].<\/p>\n<p>\u00abMe gustar\u00eda ver un alto el fuego. Me gustar\u00eda ver el mejor trato que podr\u00eda hacerse para ambas partes. Sabes, se necesitan dos para Tango\u00bb, agreg\u00f3. <\/p>\n<div class=\"image-ct inline\">\n<div class=\"m\"><picture><source media=\"(max-width: 767px)\" srcset=\"https:\/\/a57.foxnews.com\/static.foxnews.com\/foxnews.com\/content\/uploads\/2025\/05\/343\/192\/zele.png?ve=1&amp;tl=1, https:\/\/a57.foxnews.com\/static.foxnews.com\/foxnews.com\/content\/uploads\/2025\/05\/686\/384\/zele.png?ve=1&amp;tl=1 2x\" height=\"192\" width=\"343\"><source media=\"(min-width: 768px) and (max-width: 1023px)\" srcset=\"https:\/\/a57.foxnews.com\/static.foxnews.com\/foxnews.com\/content\/uploads\/2025\/05\/672\/378\/zele.png?ve=1&amp;tl=1, https:\/\/a57.foxnews.com\/static.foxnews.com\/foxnews.com\/content\/uploads\/2025\/05\/1344\/756\/zele.png?ve=1&amp;tl=1 2x\" height=\"378\" width=\"672\"><source media=\"(min-width: 1024px) and (max-width: 1279px)\" srcset=\"https:\/\/a57.foxnews.com\/static.foxnews.com\/foxnews.com\/content\/uploads\/2025\/05\/931\/523\/zele.png?ve=1&amp;tl=1, https:\/\/a57.foxnews.com\/static.foxnews.com\/foxnews.com\/content\/uploads\/2025\/05\/1862\/1046\/zele.png?ve=1&amp;tl=1 2x\" height=\"523\" width=\"931\"><source media=\"(min-width: 1280px)\" srcset=\"https:\/\/a57.foxnews.com\/static.foxnews.com\/foxnews.com\/content\/uploads\/2025\/05\/720\/405\/zele.png?ve=1&amp;tl=1, https:\/\/a57.foxnews.com\/static.foxnews.com\/foxnews.com\/content\/uploads\/2025\/05\/1440\/810\/zele.png?ve=1&amp;tl=1 2x\" height=\"405\" width=\"720\"><img loading=\"lazy\" decoding=\"async\" src=\"https:\/\/a57.foxnews.com\/static.foxnews.com\/foxnews.com\/content\/uploads\/2025\/05\/1200\/675\/zele.png?ve=1&amp;tl=1\" alt=\"Zelenskyy UK Francia Alemania Polonia\" width=\"1200\" height=\"675\"\/><\/source><\/source><\/source><\/source><\/picture><\/div>\n<div class=\"info\">\n<div class=\"caption\">\n<p><span>De izquierda a derecha, el primer ministro polaco Donald Tusk, el presidente ucraniano Volodymyr Zelensky, el presidente franc\u00e9s Emmanuel Macron, el primer ministro brit\u00e1nico Keir Starmer y el canciller alem\u00e1n Friedrich Merz, celebran una conversaci\u00f3n telef\u00f3nica con el presidente Donald Trump en la l\u00ednea de una reuni\u00f3n en la 6ta cumbre de la comunidad pol\u00edtica europea el 16 de mayo de 2025 en Skanderbeg Square en Tirana, Albania.<\/span> <span>(Foto de Kuglersteffen\/Gobierno federal a trav\u00e9s de Getty Images)<\/span><\/p>\n<\/div>\n<\/div>\n<\/div>\n<p><strong>Haga clic aqu\u00ed para obtener la aplicaci\u00f3n Fox News<\/strong><\/p>\n<p>Trump dijo que relacionar\u00eda los detalles de la conversaci\u00f3n con los l\u00edderes de Zelenskyy y Europeos inmediatamente despu\u00e9s de la reuni\u00f3n.<\/p>\n<p>\u00abVamos a ver lo que tiene en mente\u00bb, dijo Trump sobre su pr\u00f3xima reuni\u00f3n con el jefe del Kremlin. \u00abY si es un trato justo, lo revelar\u00e9 a los l\u00edderes de la Uni\u00f3n Europea y a los l\u00edderes de la OTAN, y tambi\u00e9n al presidente Zelenskyy, creo que por respeto lo llamar\u00e9 primero.<\/p>\n<p>\u00abPuedo decir, &#8216;mucha suerte, seguir peleando&#8217; o puedo decir: &#8216;Podemos hacer un trato'\u00bb, concluy\u00f3 Trump. <\/p>\n<p> <!----> <\/p>\n<div class=\"article-meta\">\n<div class=\"author-bio\">\n<p>Caitlin McFall es reportero de Fox News Digital Cubting Politics, US y World News.<\/p>\n<\/div>\n<\/div>\n<\/div>\n\n","protected":false},"excerpt":{"rendered":"<p>NUEVO\u00a1Ahora puedes escuchar art\u00edculos de Fox News! El presidente ruso, Vladimir Putin, regresar\u00e1 a los Estados Unidos por primera vez en una d\u00e9cada cuando se re\u00fana con el presidente Donald Trump en Alaska el viernes. Tras el anuncio de Trump la semana pasada de que la pareja se reunir\u00eda para una cumbre en persona, marcando &hellip;<\/p>\n","protected":false},"author":1,"featured_media":40069,"comment_status":"open","ping_status":"open","sticky":false,"template":"","format":"standard","meta":{"fifu_image_url":"https:\/\/static.foxnews.com\/foxnews.com\/content\/uploads\/2025\/08\/trump-meets-with-putin.jpg","fifu_image_alt":"","footnotes":""},"categories":[13],"tags":[],"class_list":["post-40067","post","type-post","status-publish","format-standard","has-post-thumbnail","","category-mundo"],"_links":{"self":[{"href":"https:\/\/noticiasveraces.com\/index.php?rest_route=\/wp\/v2\/posts\/40067","targetHints":{"allow":["GET"]}}],"collection":[{"href":"https:\/\/noticiasveraces.com\/index.php?rest_route=\/wp\/v2\/posts"}],"about":[{"href":"https:\/\/noticiasveraces.com\/index.php?rest_route=\/wp\/v2\/types\/post"}],"author":[{"embeddable":true,"href":"https:\/\/noticiasveraces.com\/index.php?rest_route=\/wp\/v2\/users\/1"}],"replies":[{"embeddable":true,"href":"https:\/\/noticiasveraces.com\/index.php?rest_route=%2Fwp%2Fv2%2Fcomments&post=40067"}],"version-history":[{"count":0,"href":"https:\/\/noticiasveraces.com\/index.php?rest_route=\/wp\/v2\/posts\/40067\/revisions"}],"wp:featuredmedia":[{"embeddable":true,"href":"https:\/\/noticiasveraces.com\/index.php?rest_route=\/wp\/v2\/media\/40069"}],"wp:attachment":[{"href":"https:\/\/noticiasveraces.com\/index.php?rest_route=%2Fwp%2Fv2%2Fmedia&parent=40067"}],"wp:term":[{"taxonomy":"category","embeddable":true,"href":"https:\/\/noticiasveraces.com\/index.php?rest_route=%2Fwp%2Fv2%2Fcategories&post=40067"},{"taxonomy":"post_tag","embeddable":true,"href":"https:\/\/noticiasveraces.com\/index.php?rest_route=%2Fwp%2Fv2%2Ftags&post=40067"}],"curies":[{"name":"wp","href":"https:\/\/api.w.org\/{rel}","templated":true}]}}