{"id":40042,"date":"2025-08-12T11:04:14","date_gmt":"2025-08-12T15:04:14","guid":{"rendered":"https:\/\/noticiasveraces.com\/?p=40042"},"modified":"2025-08-12T11:04:14","modified_gmt":"2025-08-12T15:04:14","slug":"el-balance-de-los-primeros-cien-dias-de-friedrich-merz-dw-11-08-2025","status":"publish","type":"post","link":"https:\/\/noticiasveraces.com\/?p=40042","title":{"rendered":"El balance de los primeros cien d\u00edas de Friedrich Merz \u2013 DW \u2013 11\/08\/2025"},"content":{"rendered":"<p> \n<\/p>\n<div data-tracking-name=\"rich-text\" data-tracking-skip=\"true\">\n<p>Cuando el Bundestag se reuni\u00f3 el 6 de mayo para elegir al l\u00edder del partido democristiano\u00a0CDU, Friedrich Merz, como canciller de Alemania, algunos observadores hablaron de la \u00ab\u00faltima oportunidad\u201d para la democracia alemana.<\/p>\n<p>Diversas voces advert\u00edan de que otro periodo de a\u00f1os de disputas, como el del anterior Gobierno tripartito de coalici\u00f3n, formado por SPD, Verdes y FDP,\u00a0acabar\u00eda por desgarrar a la\u00a0sociedad, alimentando el auge del populismo de derecha y la ira contra las \u00e9lites hasta niveles insoportables. En las elecciones de febrero de 2025, el partido de ultraderecha Alternativa para Alemania (AfD) duplic\u00f3\u00a0su resultado, alcanzando el 20,8 por ciento\u00a0de los votos.<\/p>\n<p>Los conservadores, liderados por Merz y socialdem\u00f3cratas del partido\u00a0SPD, prometieron entonces aportar calma y estabilidad, pero el arranque de la legislatura fue un fracaso espectacular: Merz no super\u00f3 la votaci\u00f3n para ser investido canciller en el primer intento. Le faltaron seis votos provenientes de\u00a0sus propias filas, algo nunca antes visto en una situaci\u00f3n similar. En la segunda votaci\u00f3n, ese mismo 6 de mayo de 2025, logr\u00f3 finalmente ser investido.<\/p>\n<h2>Presencia internacional, pero a veces sin diplomacia<\/h2>\n<p>En los aproximadamente 100 d\u00edas transcurridos desde entonces, Merz ha estado sobre todo presente como figura de\u00a0pol\u00edtica exterior. Poco despu\u00e9s de su elecci\u00f3n, viaj\u00f3 de forma medi\u00e1tica junto al presidente franc\u00e9s,\u00a0Emmanuel Macron, y el primer ministro brit\u00e1nico,\u00a0Keir Starmer, a Ucrania, donde expres\u00f3 al presidente Volodimir Zelenski su solidaridad. A comienzos de junio, visit\u00f3 en la Casa Blanca al presidente estadounidense, Donald Trump, y, a diferencia de otros visitantes, fue recibido cordialmente. Merz dej\u00f3 una buena impresi\u00f3n tanto en la cumbre de la UE como en la de la OTAN.<\/p>\n<p>Sin embargo, en ocasiones, su lenguaje poco diplom\u00e1tico ha generado\u00a0pol\u00e9mica, como tras el ataque de Israel a Ir\u00e1n el 13 de junio: \u00abEste es el trabajo sucio que Israel hace por todos nosotros. Nosotros tambi\u00e9n somos v\u00edctimas de este r\u00e9gimen. Este r\u00e9gimen de los mul\u00e1s ha tra\u00eddo muerte y destrucci\u00f3n al mundo. Con atentados, con asesinatos y matanzas. Con Hezbol\u00e1, con Ham\u00e1s\u00bb. No obstante, antes tambi\u00e9n hab\u00eda criticado a Israel de forma inusualmente abierta, diciendo que ya no entend\u00eda la estrategia del ej\u00e9rcito en su ofensiva en la Franja de Gaza. Merz ha hablado\u00a0con tanta frecuencia de asuntos internacionales, que su ministro de Exteriores, Johann Wadephul, qued\u00f3 a menudo en segundo plano.<\/p>\n<figure class=\"placeholder-image master_landscape big\"><img data-format=\"MASTER_LANDSCAPE\" data-id=\"73412292\" data-url=\"https:\/\/static.dw.com\/image\/73412292_${formatId}.jpg\" data-aspect-ratio=\"16\/9\" alt=\"El canciller federal Friedrich Merz entrega al presidente estadounidense Donald Trump el certificado de nacimiento de su abuelo en el Despacho Oval.\" style=\"padding-bottom: 56.25%; height: 0; max-height: 0;\"\/><figcaption class=\"img-caption\">Ambiente sorprendentemente relajado en la Casa Blanca: Friedrich Merz (izq.) y Donald Trump, en el despacho oval, el 5 de junio.<small class=\"copyright\">Imagen: Evan Vucci\/AP Photo\/DPA\/Picture Alliance<\/small><\/figcaption><\/figure>\n<h2>Nueva dureza en migraci\u00f3n<\/h2>\n<p>En pol\u00edtica interna, la cuesti\u00f3n migratoria estuvo desde el principio en el centro del nuevo Gobierno. El nuevo ministro del Interior, Alexander Dobrindt (CSU), anunci\u00f3 que impondr\u00eda devoluciones en la frontera para frenar la migraci\u00f3n irregular, incluyendo a solicitantes de asilo, algo que, seg\u00fan muchos cr\u00edticos, contraviene el derecho de la UE.<\/p>\n<p>Tras el restablecimiento de controles en la frontera germano-polaca, Polonia respondi\u00f3 con controles propios, lo que provoc\u00f3 largas colas en ambos lados. Dobrindt defendi\u00f3 reiteradamente esta pol\u00edtica restrictiva: \u00abLa UE es una regi\u00f3n abierta al mundo. Seguiremos si\u00e9ndolo. Pero no queremos que traficantes ilegales y bandas criminales decidan qui\u00e9n entra en nuestra regi\u00f3n. Queremos que las decisiones pol\u00edticas marquen las v\u00edas legales para llegar a Europa, y no dejarlo en manos de las mafias.\u201d<\/p>\n<p><span data-slot-id=\"Article_InContent-1\" class=\"rich-text-ad\"\/><\/p>\n<h2>Un bill\u00f3n de euros en nueva deuda<\/h2>\n<p>Incluso antes de asumir su mandato, el nuevo Gobierno ya provoc\u00f3 un terremoto pol\u00edtico: logr\u00f3, junto con los Verdes, una mayor\u00eda de dos tercios en el Bundestag para suspender las estrictas reglas alemanas de deuda. Esto otorga a Alemania, en los pr\u00f3ximos a\u00f1os, unos 500 000 millones de euros adicionales \u2014y en teor\u00eda fondos ilimitados\u2014 para la modernizaci\u00f3n de las Fuerzas Armadas, as\u00ed como otros 500 000 millones para renovar infraestructuras, construir carreteras, l\u00edneas ferroviarias y escuelas, y financiar la protecci\u00f3n clim\u00e1tica.<\/p>\n<p>Durante la campa\u00f1a, los conservadores hab\u00edan prometido mantener esas reglas fiscales estrictas. En el Bundestag, el nuevo ministro de Finanzas, Lars Klingbeil (SPD), justific\u00f3 el cambio: \u00abLa OCDE, el Fondo Monetario Internacional, la Comisi\u00f3n Europea o el G7, todos han pedido a Alemania en los \u00faltimos a\u00f1os que invirtamos m\u00e1s y flexibilicemos las reglas de deuda. Antes no era posible. Pero en este Parlamento hemos roto esas ataduras y estamos invirtiendo como nunca antes en el futuro de nuestro pa\u00eds.\u201d<\/p>\n<h2>Encuesta de DW sobre el inicio del nuevo Gobierno<\/h2>\n<p>DW quiso saber, a trav\u00e9s de una encuesta entre transe\u00fantes en Berl\u00edn, c\u00f3mo perciben los ciudadanos el inicio del nuevo Gobierno. Un joven nos comenta: \u00abEstamos avanzando, espero que sigamos as\u00ed.\u201d Otra oven nos dice:\u00a0\u00abNo vot\u00e9 a Merz, y no lo votar\u00eda, lo digo con sinceridad.\u201d<\/p>\n<p>Por su parte, un hombre mayor opina\u00a0sobre el gran endeudamiento: \u00abMe parece mal que se rompan promesas hechas antes de las elecciones.\u201d Y otro joven se\u00f1ala: \u00abNo soy gran fan de la CDU ni del SPD, no los vot\u00e9, pero espero que puedan mantener unida a Alemania.\u201d<\/p>\n<p>(GG\/MS)<\/p>\n<\/div>\n\n","protected":false},"excerpt":{"rendered":"<p>Cuando el Bundestag se reuni\u00f3 el 6 de mayo para elegir al l\u00edder del partido democristiano\u00a0CDU, Friedrich Merz, como canciller de Alemania, algunos observadores hablaron de la \u00ab\u00faltima oportunidad\u201d para la democracia alemana. Diversas voces advert\u00edan de que otro periodo de a\u00f1os de disputas, como el del anterior Gobierno tripartito de coalici\u00f3n, formado por SPD, &hellip;<\/p>\n","protected":false},"author":1,"featured_media":40043,"comment_status":"open","ping_status":"open","sticky":false,"template":"","format":"standard","meta":{"fifu_image_url":"https:\/\/static.dw.com\/image\/73411637_6.jpg","fifu_image_alt":"","footnotes":""},"categories":[13],"tags":[],"class_list":["post-40042","post","type-post","status-publish","format-standard","has-post-thumbnail","","category-mundo"],"_links":{"self":[{"href":"https:\/\/noticiasveraces.com\/index.php?rest_route=\/wp\/v2\/posts\/40042","targetHints":{"allow":["GET"]}}],"collection":[{"href":"https:\/\/noticiasveraces.com\/index.php?rest_route=\/wp\/v2\/posts"}],"about":[{"href":"https:\/\/noticiasveraces.com\/index.php?rest_route=\/wp\/v2\/types\/post"}],"author":[{"embeddable":true,"href":"https:\/\/noticiasveraces.com\/index.php?rest_route=\/wp\/v2\/users\/1"}],"replies":[{"embeddable":true,"href":"https:\/\/noticiasveraces.com\/index.php?rest_route=%2Fwp%2Fv2%2Fcomments&post=40042"}],"version-history":[{"count":0,"href":"https:\/\/noticiasveraces.com\/index.php?rest_route=\/wp\/v2\/posts\/40042\/revisions"}],"wp:featuredmedia":[{"embeddable":true,"href":"https:\/\/noticiasveraces.com\/index.php?rest_route=\/wp\/v2\/media\/40043"}],"wp:attachment":[{"href":"https:\/\/noticiasveraces.com\/index.php?rest_route=%2Fwp%2Fv2%2Fmedia&parent=40042"}],"wp:term":[{"taxonomy":"category","embeddable":true,"href":"https:\/\/noticiasveraces.com\/index.php?rest_route=%2Fwp%2Fv2%2Fcategories&post=40042"},{"taxonomy":"post_tag","embeddable":true,"href":"https:\/\/noticiasveraces.com\/index.php?rest_route=%2Fwp%2Fv2%2Ftags&post=40042"}],"curies":[{"name":"wp","href":"https:\/\/api.w.org\/{rel}","templated":true}]}}