{"id":40040,"date":"2025-08-12T10:03:33","date_gmt":"2025-08-12T14:03:33","guid":{"rendered":"https:\/\/noticiasveraces.com\/?p=40040"},"modified":"2025-08-12T10:03:33","modified_gmt":"2025-08-12T14:03:33","slug":"reportan-intensos-ataques-en-gaza-con-18-muertos-mas-dw-12-08-2025","status":"publish","type":"post","link":"https:\/\/noticiasveraces.com\/?p=40040","title":{"rendered":"Reportan intensos ataques en Gaza, con 18 muertos m\u00e1s \u2013 DW \u2013 12\/08\/2025"},"content":{"rendered":"<p> \n<\/p>\n<div data-tracking-name=\"rich-text\" data-tracking-skip=\"true\">\n<p>La Defensa Civil de Gaza report\u00f3 este martes (12.08.2025) intensos ataques en la ciudad de Gaza que han causado al menos 18 muertos m\u00e1s en bombardeos a varios edificios residenciales, dentro del aumento de los ataques a\u00e9reos que se viven desde hace d\u00edas en la capital gazat\u00ed a ra\u00edz de que el Gobierno israel\u00ed aprobara su plan para tomar esta ciudad, donde viven alrededor de un mill\u00f3n de personas.<\/p>\n<p>Los ataques en la ciudad de Gaza se han intensificado en los \u00faltimos tres d\u00edas y, especialmente, este lunes y martes, seg\u00fan comprob\u00f3 la agencia EFE.<\/p>\n<p>El Ministerio de Sanidad de Gaza inform\u00f3 de que ayer lunes 100 gazat\u00edes murieron en ataques israel\u00edes en toda la Franja. El portavoz de la Defensa Civil gazat\u00ed, Mahmoud Basel, afirm\u00f3 en un v\u00eddeo compartido este martes que, \u00abpor tercer d\u00eda consecutivo\u00bb, Israel ha bombardeado las zonas de Zeitun y Sabra de la capital gazat\u00ed.<\/p>\n<p>La intensificaci\u00f3n de los ataques se empez\u00f3 a producir el domingo, el mismo d\u00eda en que el primer ministro israel\u00ed, Benjam\u00edn Netanyahu, sali\u00f3 a defender ante medios iternacionales y nacionales la toma de la ciudad de Gaza aprobada dos d\u00edas antes por el gabinete de seguridad israel\u00ed.<\/p>\n<p>Seg\u00fan Basel, Israel bombarde\u00f3 este martes varios edificios residenciales de esos dos barrios, donde murieron miembros de las familias Al Hasri y Al Susi. Dentro la casa de la primera familia hab\u00eda m\u00e1s de 35 personas, afirm\u00f3, y por el momento se han recuperado 18 muertos. El resto contin\u00faan desaparecidos, probablemente entre los escombros, dijo.<\/p>\n<p>Tambi\u00e9n hubo muertos, aunque Basel no detall\u00f3 el n\u00famero, de la familia Abu Kamil, cuya vivienda de la ciudad de Gaza fue asimismo atacada.<\/p>\n<p>Estos al menos 18 fallecidos se suman a otros 14 reportados a EFE por los hospitales de la Franja de ataques israel\u00edes ocurridos en la pasada noche en todo el enclave palestino.<\/p>\n<p>M\u00e1s de 61.000 personas han muerto en Gaza desde el inicio de la ofensiva israel\u00ed en octubre de 2023 en respuesta al ataque de la organizaci\u00f3n terrorista Ham\u00e1s. La operaci\u00f3n militar israel\u00ed ha sido denunciada como genocidio por pa\u00edses como Sud\u00e1frica ante la Corte Internacional de Justicia (CIJ), una calificaci\u00f3n que tambi\u00e9n han usado organizaciones internacionales e israel\u00edes de derechos humanos.<\/p>\n<p>CT (EFE, AFP)<\/p>\n<\/div>\n\n","protected":false},"excerpt":{"rendered":"<p>La Defensa Civil de Gaza report\u00f3 este martes (12.08.2025) intensos ataques en la ciudad de Gaza que han causado al menos 18 muertos m\u00e1s en bombardeos a varios edificios residenciales, dentro del aumento de los ataques a\u00e9reos que se viven desde hace d\u00edas en la capital gazat\u00ed a ra\u00edz de que el Gobierno israel\u00ed aprobara &hellip;<\/p>\n","protected":false},"author":1,"featured_media":40041,"comment_status":"open","ping_status":"open","sticky":false,"template":"","format":"standard","meta":{"fifu_image_url":"https:\/\/static.dw.com\/image\/73579424_6.jpg","fifu_image_alt":"","footnotes":""},"categories":[13],"tags":[],"class_list":["post-40040","post","type-post","status-publish","format-standard","has-post-thumbnail","","category-mundo"],"_links":{"self":[{"href":"https:\/\/noticiasveraces.com\/index.php?rest_route=\/wp\/v2\/posts\/40040","targetHints":{"allow":["GET"]}}],"collection":[{"href":"https:\/\/noticiasveraces.com\/index.php?rest_route=\/wp\/v2\/posts"}],"about":[{"href":"https:\/\/noticiasveraces.com\/index.php?rest_route=\/wp\/v2\/types\/post"}],"author":[{"embeddable":true,"href":"https:\/\/noticiasveraces.com\/index.php?rest_route=\/wp\/v2\/users\/1"}],"replies":[{"embeddable":true,"href":"https:\/\/noticiasveraces.com\/index.php?rest_route=%2Fwp%2Fv2%2Fcomments&post=40040"}],"version-history":[{"count":0,"href":"https:\/\/noticiasveraces.com\/index.php?rest_route=\/wp\/v2\/posts\/40040\/revisions"}],"wp:featuredmedia":[{"embeddable":true,"href":"https:\/\/noticiasveraces.com\/index.php?rest_route=\/wp\/v2\/media\/40041"}],"wp:attachment":[{"href":"https:\/\/noticiasveraces.com\/index.php?rest_route=%2Fwp%2Fv2%2Fmedia&parent=40040"}],"wp:term":[{"taxonomy":"category","embeddable":true,"href":"https:\/\/noticiasveraces.com\/index.php?rest_route=%2Fwp%2Fv2%2Fcategories&post=40040"},{"taxonomy":"post_tag","embeddable":true,"href":"https:\/\/noticiasveraces.com\/index.php?rest_route=%2Fwp%2Fv2%2Ftags&post=40040"}],"curies":[{"name":"wp","href":"https:\/\/api.w.org\/{rel}","templated":true}]}}