{"id":40033,"date":"2025-08-12T07:31:10","date_gmt":"2025-08-12T11:31:10","guid":{"rendered":"https:\/\/noticiasveraces.com\/?p=40033"},"modified":"2025-08-12T07:31:10","modified_gmt":"2025-08-12T11:31:10","slug":"luis-enrique-no-cuenta-ni-con-donnarumma-ni-con-arnau-tenas","status":"publish","type":"post","link":"https:\/\/noticiasveraces.com\/?p=40033","title":{"rendered":"Luis Enrique no cuenta ni con Donnarumma ni con Arnau Tenas"},"content":{"rendered":"<p> \n<\/p>\n<div>\n<p data-mrf-recirculation=\"Links P\u00e1rrafos\" class=\"ue-c-article__paragraph paragraph ue-c-article--first-letter-highlighted\">El entrenador del PSG, Luis Enrique, ha decidido <strong>excluir a los porteros Gianluigi Donnarumma y Arnau Tenas<\/strong> de la convocatoria para la Supercopa de Europa contra el Tottenham, confirmando as\u00ed que <strong>no forman parte de sus planes para la temporada 2025\/26<\/strong>. Esta decisi\u00f3n se produce tras la incorporaci\u00f3n del arquero<strong> Lucas Chevalier<\/strong>quien se perfila como el nuevo titular del equipo.<\/p>\n<p data-mrf-recirculation=\"Links P\u00e1rrafos\" class=\"ue-c-article__paragraph paragraph\">Donnarumma, de 26 a\u00f1os, <strong>lleg\u00f3 al PSG en 2021 procedente del AC Milan.<\/strong> Sin embargo, su relaci\u00f3n con el club se ha deteriorado en los \u00faltimos meses, y con s\u00f3lo un a\u00f1o restante en su contrato, <strong>el PSG est\u00e1 dispuesto a facilitar su salida<\/strong>. Todo apunta a que su pr\u00f3ximo destino pasa por el<strong> Manchester United o por el Chelsea<\/strong> aunque el<strong> Mil\u00e1n inter<\/strong> tambi\u00e9n estar\u00eda interesado.<\/p>\n<p data-mrf-recirculation=\"Links P\u00e1rrafos\" class=\"ue-c-article__paragraph paragraph\">Por otro lado, Arnau Tenas, quien <strong>lleg\u00f3 al PSG en 2023,<\/strong> ha tenido un papel secundario en el equipo. A pesar de su potencial,<strong> no ha logrado consolidarse como una opci\u00f3n segura en la porter\u00eda<\/strong> y ha sido relegado a la tercera posici\u00f3n en la jerarqu\u00eda de porteros. El PSG intent\u00f3 incluirlo en el acuerdo por Chevalier, pero <strong>el Lille rechaz\u00f3 la propuesta.<\/strong> Se espera que Tenas busque una <strong>cesi\u00f3n para la pr\u00f3xima temporada.<\/strong><\/p>\n<p data-mrf-recirculation=\"Links P\u00e1rrafos\" class=\"ue-c-article__paragraph paragraph\">Con Chevalier ya fichado y Donnarumma a punto de salir, el PSG est\u00e1 <strong>moviendo piezas en la porter\u00eda para la pr\u00f3xima temporada<\/strong>. Por su parte, Tenas buscar\u00e1 un lugar donde pueda <strong>jugar m\u00e1s y continuar con su carrera como futbolista.<\/strong><\/p>\n<\/div>\n\n","protected":false},"excerpt":{"rendered":"<p>El entrenador del PSG, Luis Enrique, ha decidido excluir a los porteros Gianluigi Donnarumma y Arnau Tenas de la convocatoria para la Supercopa de Europa contra el Tottenham, confirmando as\u00ed que no forman parte de sus planes para la temporada 2025\/26. Esta decisi\u00f3n se produce tras la incorporaci\u00f3n del arquero Lucas Chevalierquien se perfila como &hellip;<\/p>\n","protected":false},"author":1,"featured_media":40034,"comment_status":"open","ping_status":"open","sticky":false,"template":"","format":"standard","meta":{"fifu_image_url":"https:\/\/e00-xlk-ue-marca.uecdn.es\/files\/article_main_microformat\/uploads\/2025\/08\/12\/689b1e0ce86a9.jpeg","fifu_image_alt":"","footnotes":""},"categories":[6],"tags":[],"class_list":["post-40033","post","type-post","status-publish","format-standard","has-post-thumbnail","","category-deportes"],"_links":{"self":[{"href":"https:\/\/noticiasveraces.com\/index.php?rest_route=\/wp\/v2\/posts\/40033","targetHints":{"allow":["GET"]}}],"collection":[{"href":"https:\/\/noticiasveraces.com\/index.php?rest_route=\/wp\/v2\/posts"}],"about":[{"href":"https:\/\/noticiasveraces.com\/index.php?rest_route=\/wp\/v2\/types\/post"}],"author":[{"embeddable":true,"href":"https:\/\/noticiasveraces.com\/index.php?rest_route=\/wp\/v2\/users\/1"}],"replies":[{"embeddable":true,"href":"https:\/\/noticiasveraces.com\/index.php?rest_route=%2Fwp%2Fv2%2Fcomments&post=40033"}],"version-history":[{"count":0,"href":"https:\/\/noticiasveraces.com\/index.php?rest_route=\/wp\/v2\/posts\/40033\/revisions"}],"wp:featuredmedia":[{"embeddable":true,"href":"https:\/\/noticiasveraces.com\/index.php?rest_route=\/wp\/v2\/media\/40034"}],"wp:attachment":[{"href":"https:\/\/noticiasveraces.com\/index.php?rest_route=%2Fwp%2Fv2%2Fmedia&parent=40033"}],"wp:term":[{"taxonomy":"category","embeddable":true,"href":"https:\/\/noticiasveraces.com\/index.php?rest_route=%2Fwp%2Fv2%2Fcategories&post=40033"},{"taxonomy":"post_tag","embeddable":true,"href":"https:\/\/noticiasveraces.com\/index.php?rest_route=%2Fwp%2Fv2%2Ftags&post=40033"}],"curies":[{"name":"wp","href":"https:\/\/api.w.org\/{rel}","templated":true}]}}