{"id":40027,"date":"2025-08-12T07:01:26","date_gmt":"2025-08-12T11:01:26","guid":{"rendered":"https:\/\/noticiasveraces.com\/?p=40027"},"modified":"2025-08-12T07:01:26","modified_gmt":"2025-08-12T11:01:26","slug":"avisos-rojos-en-andalucia-y-el-pais-vasco-por-la-ola-de-calor-que-el-lunes-registro-443-grados-en-huelva-clima-y-medio-ambiente","status":"publish","type":"post","link":"https:\/\/noticiasveraces.com\/?p=40027","title":{"rendered":"Avisos rojos en Andaluc\u00eda y el Pa\u00eds Vasco por la ola de calor, que el lunes registr\u00f3 44,3 grados en Huelva | Clima y Medio Ambiente"},"content":{"rendered":"<p> \n<br \/><img decoding=\"async\" src=\"https:\/\/imagenes.elpais.com\/resizer\/v2\/ILVEZZHKKBEO3AFGNBHXOPWMBE.jpg?auth=a89670f05027e3702f720678227263f31431425b4e578178bfa2bc7b628f20a0\" \/><\/p>\n<div data-dtm-region=\"articulo_cuerpo\">\n<p class=\"\">Espa\u00f1a amanece en el d\u00e9cimo d\u00eda de la ola de calor con cinco provincias bajo aviso rojo. Al sur, C\u00f3rdoba, Huelva y Sevilla, y al norte, Gipuzkoa y Bizkaia. As\u00ed lo muestran las previsiones de la Agencia Estatal de Meteorolog\u00eda (Aemet), que esperan que este martes pueda ser el fin del presente episodio, aunque no descarta que el jueves se den las condiciones para declarar otro nuevo. Todav\u00eda hay mucha incertidumbre al respecto.<\/p>\n<p class=\"\">El lunes se ha registrado como el d\u00eda m\u00e1s c\u00e1lido desde que, el domingo 3 de agosto, comenzara el episodio de ola de calor. Seg\u00fan los datos de la Aemet, 198 estaciones de la agencia -una de cada cuatro- registraron valores iguales o superiores a 40 grados, con 63 de ellas alcanzando los 42 o m\u00e1s. La m\u00e1xima temperatura del d\u00eda fue registrada en Granado (Huelva), donde los term\u00f3metros marcaron 44,3 grados. En, H\u00edjar (Teruel) y M\u00e9rida (Badajoz), se registraron 43,9 grados. <\/p>\n<p class=\"\">Este martes ha comenzado con noches infernales en Canarias, donde las temperaturas rozaron los 32 grados en localidades como El Pinar-La Dehesa de Tenerife y San Bartolom\u00e9 de Tirajana en Gran Canaria. En la Pen\u00ednsula la noche m\u00e1s caliente la han pasado en Osuna, Sevilla, con 29,7 grados. <\/p>\n<p class=\"\">En el d\u00eda de hoy las 17 comunidades aut\u00f3nomas est\u00e1n bajo alg\u00fan tipo de aviso meteorol\u00f3gico por las altas temperaturas. Las m\u00e1s afectadas ser\u00e1n Andaluc\u00eda y el Pa\u00eds Vasco (ambas con provincias con aviso rojo), y otras 11 bajo aviso naranja: Arag\u00f3n, Cantabria, Castilla y Le\u00f3n, Castilla-La Mancha, Catalu\u00f1a, Extremadura, Galicia, Comunidad de Madrid, Navarra, La Rioja y Canarias.<\/p>\n<div id=\"sum_twitter\" data-oembed-type=\"twitter\" class=\"a_em _df\">\n<blockquote class=\"twitter-tweet\">\n<p lang=\"es\" dir=\"ltr\">\u26a0\ufe0f\ud83d\udd34AVISOS ROJOS POR TEMPERATURAS M\u00c1XIMAS | Martes, 12 de agosto.<\/p>\n<p>\ud83c\udf21\ufe0fSe podr\u00e1n alcanzar o superar:<\/p>\n<p>\u2192 Interior de Gipuzkoa y Bizkaia Interior: 40 \u00b0 C. <\/p>\n<p>\u2192 Litoral de Huelva: 42 \u00b0C.<\/p>\n<p>\u2192 Campi\u00f1a sevillana y Campi\u00f1a cordobesa: 44 \u00b0C.<\/p>\n<p>\ud83d\udfe0 Numerosos avisos naranjas. \u00a1Mucha precauci\u00f3n! <a href=\"https:\/\/t.co\/m9sRNtMmOo\">pic.twitter.com\/m9srntmoo<\/a><\/p>\n<p>\u2014 AEMET (@AEMET_Esp) <a href=\"https:\/\/twitter.com\/AEMET_Esp\/status\/1955012898075672687?ref_src=twsrc%5Etfw\">11 de agosto de 2025<\/a><\/p><\/blockquote>\n<\/div>\n<p class=\"\">Se espera que las temperaturas asciendan de forma ligera en el extremo sur, sin descartar que tambi\u00e9n suceda en el extremo oriental del Cant\u00e1brico, seg\u00fan la Aemet. Se prev\u00e9 que las temperaturas superen los 36 o 39 grados, y en algunos puntos del Guadalquivir pueden alcanzar los 44 grados. La agencia a\u00f1ade que, dada una probable formaci\u00f3n de tormentas vespertinas generalizadas, el pron\u00f3stico de m\u00e1ximas tiene una alta incertidumbre.<\/p>\n<p class=\"\">La ola de calor est\u00e1 espoleando m\u00faltiples focos de incendios en toda la pen\u00ednsula. En Castilla y Le\u00f3n, se han registrado fuegos en las provincias de Le\u00f3n -donde las llamas afectaron al espacio natural de Las M\u00e9dulas-, \u00c1vila, Zamora y Palencia; adem\u00e1s, ha habido focos en Ourense (Galicia), Tarifa (C\u00e1diz), Carcastillo (Navarra), San Bartolom\u00e9 de Pinares (\u00c1vila), Villanueva (Huelva), Navalmoralejo (Toledo) y Alcoy (Alicante).<\/p>\n<h3 class=\"\">Peor calidad del aire<\/h3>\n<p class=\"\">El calor extremo trae consigo una peor calidad del aire en algunas regiones. Esto se debe al aumento de los niveles de contaminaci\u00f3n por ozono troposf\u00e9rico, que ocurre cuando se dan dos circunstancias simult\u00e1neamente: \u201cEmisiones de \u00f3xidos de nitr\u00f3geno -causadas fundamentalmente por los coches- y una elevada radiaci\u00f3n ultravioleta\u201d, explica Miguel \u00c1ngel Ceballos, portavoz de calidad del aire de Ecologistas en Acci\u00f3n.<\/p>\n<p class=\"\">Cuando el promedio del nivel de ozono en el aire supera los 180 microgramos por metro c\u00fabico durante una hora, se trata de un \u201cnivel punta de contaminaci\u00f3n muy elevado\u201d, indica Ceballos. En la Comunidad de Madrid, por ejemplo, se ha superado el umbral en 15 ocasiones desde que comenz\u00f3 agosto. Este es un valor que pr\u00e1cticamente dobla lo recomendado por la Organizaci\u00f3n Mundial de la Salud. Por ello, desde Ecologistas en Acci\u00f3n han reclamado a las autoridades que adopten medidas urgentes de limitaci\u00f3n del tr\u00e1fico urbano y metropolitano, con el objetivo de mitigar el impacto. Este fen\u00f3meno sucede tambi\u00e9n en \u201ctodo el centro y sur de Espa\u00f1a\u201d, dice el especialista.<\/p>\n<p class=\"\">Algunos de los efectos que puede tener el ozono son la irritaci\u00f3n de ojos y de v\u00edas respiratorias superiores, el agravamiento de patolog\u00edas cardiovasculares, la reducci\u00f3n de la funci\u00f3n pulmonar, un incremento del riesgo de enfermedades respiratorias. Las consecuencias tambi\u00e9n afectan a las plantas y reducen su productividad. <\/p>\n<p class=\"\">En Canarias, la Consejer\u00eda de Sanidad alert\u00f3 el lunes por la calidad del aire. El problema all\u00ed es la combinaci\u00f3n del calor extremo con la presencia de calima. La autoridad sanitaria, seg\u00fan ha recogido Europa Press, se\u00f1al\u00f3 esto como una \u201csinergia negativa\u201d sobre la salud de las personas, pudiendo causar molestias tor\u00e1cicas, tos, palpitaciones, fatiga o el incremento de la susceptibilidad a infecciones respiratorias. La autoridad sanitaria recomend\u00f3 a la poblaci\u00f3n -especialmente a ni\u00f1os, ancianos y personas con enfermedades respiratorias o cardiovasculares cr\u00f3nicas- mantener las ventanas cerradas y evitar la exposici\u00f3n prolongada y los esfuerzos f\u00edsicos en el exterior.<\/p>\n<\/div>\n<p><script async src=\"https:\/\/platform.twitter.com\/widgets.js\" charset=\"utf-8\"><\/script><br \/>\n<br \/>\n","protected":false},"excerpt":{"rendered":"<p>Espa\u00f1a amanece en el d\u00e9cimo d\u00eda de la ola de calor con cinco provincias bajo aviso rojo. Al sur, C\u00f3rdoba, Huelva y Sevilla, y al norte, Gipuzkoa y Bizkaia. As\u00ed lo muestran las previsiones de la Agencia Estatal de Meteorolog\u00eda (Aemet), que esperan que este martes pueda ser el fin del presente episodio, aunque no &hellip;<\/p>\n","protected":false},"author":1,"featured_media":40029,"comment_status":"open","ping_status":"open","sticky":false,"template":"","format":"standard","meta":{"fifu_image_url":"https:\/\/imagenes.elpais.com\/resizer\/v2\/ILVEZZHKKBEO3AFGNBHXOPWMBE.jpg?auth=a89670f05027e3702f720678227263f31431425b4e578178bfa2bc7b628f20a0&width=1200","fifu_image_alt":"","footnotes":""},"categories":[11],"tags":[],"class_list":["post-40027","post","type-post","status-publish","format-standard","has-post-thumbnail","","category-viaje"],"_links":{"self":[{"href":"https:\/\/noticiasveraces.com\/index.php?rest_route=\/wp\/v2\/posts\/40027","targetHints":{"allow":["GET"]}}],"collection":[{"href":"https:\/\/noticiasveraces.com\/index.php?rest_route=\/wp\/v2\/posts"}],"about":[{"href":"https:\/\/noticiasveraces.com\/index.php?rest_route=\/wp\/v2\/types\/post"}],"author":[{"embeddable":true,"href":"https:\/\/noticiasveraces.com\/index.php?rest_route=\/wp\/v2\/users\/1"}],"replies":[{"embeddable":true,"href":"https:\/\/noticiasveraces.com\/index.php?rest_route=%2Fwp%2Fv2%2Fcomments&post=40027"}],"version-history":[{"count":0,"href":"https:\/\/noticiasveraces.com\/index.php?rest_route=\/wp\/v2\/posts\/40027\/revisions"}],"wp:featuredmedia":[{"embeddable":true,"href":"https:\/\/noticiasveraces.com\/index.php?rest_route=\/wp\/v2\/media\/40029"}],"wp:attachment":[{"href":"https:\/\/noticiasveraces.com\/index.php?rest_route=%2Fwp%2Fv2%2Fmedia&parent=40027"}],"wp:term":[{"taxonomy":"category","embeddable":true,"href":"https:\/\/noticiasveraces.com\/index.php?rest_route=%2Fwp%2Fv2%2Fcategories&post=40027"},{"taxonomy":"post_tag","embeddable":true,"href":"https:\/\/noticiasveraces.com\/index.php?rest_route=%2Fwp%2Fv2%2Ftags&post=40027"}],"curies":[{"name":"wp","href":"https:\/\/api.w.org\/{rel}","templated":true}]}}