{"id":40020,"date":"2025-08-12T05:58:07","date_gmt":"2025-08-12T09:58:07","guid":{"rendered":"https:\/\/noticiasveraces.com\/?p=40020"},"modified":"2025-08-12T05:58:07","modified_gmt":"2025-08-12T09:58:07","slug":"un-muerto-en-incendios-forestales-que-asolan-espana-dw-12-08-2025","status":"publish","type":"post","link":"https:\/\/noticiasveraces.com\/?p=40020","title":{"rendered":"Un muerto en incendios forestales que asolan Espa\u00f1a \u2013 DW \u2013 12\/08\/2025"},"content":{"rendered":"<p> \n<\/p>\n<div data-tracking-name=\"rich-text\" data-tracking-skip=\"true\">\n<p>Un hombre muri\u00f3 \u00a0este martes (12.08.2025)\u00a0en un incendio forestal que afect\u00f3 a la localidad de Tres Cantos, cerca de Madrid, el primer fallecido de los numerosos fuegos que afectan a una Espa\u00f1a en plena ola de calor sofocante.<\/p>\n<p>\u00abLamento profundamente el fallecimiento del hombre gravemente herido en el incendio forestal de Tres Cantos\u00bb, escribi\u00f3 la presidenta regional madrile\u00f1a Isabel D\u00edaz Ayuso en la red social X.<\/p>\n<p>El hombre fallecido hab\u00eda sufrido graves quemaduras en casi todo el cuerpo, anunciaron previamente las autoridades locales. El incendio de Tres Cantos, a 25 km del centro de Madrid, se propag\u00f3 r\u00e1pidamente el lunes por la noche atizado por rachas de viento de 70 km\/h.<\/p>\n<p>Cientos de vecinos de urbanizaciones fueron evacuados y uno result\u00f3 herido \u00abcon dolor tor\u00e1cico\u00bb, seg\u00fan las autoridades.<\/p>\n<p>\u00abEn apenas 40 minutos, [el fuego] ha avanzado 6 kil\u00f3metros\u00bb, explic\u00f3 por la noche a la prensa Carlos Novillo, consejero de Medio Ambiente de la regi\u00f3n de Madrid.<\/p>\n<p>Mientras, las playas de Tarifa, en Andaluc\u00eda, volvieron a verse acechadas por las llamas de los montes cercanos, obligando a la r\u00e1pida evacuaci\u00f3n de miles de turistas.<\/p>\n<p>Estos dos nuevos incendios se unen a las decenas de otros que afectan a Espa\u00f1a este martes, y que han obligado a miles de personas a abandonar sus residencias.<\/p>\n<p>CT (AFP, El Pa\u00eds)<\/p>\n<\/div>\n\n","protected":false},"excerpt":{"rendered":"<p>Un hombre muri\u00f3 \u00a0este martes (12.08.2025)\u00a0en un incendio forestal que afect\u00f3 a la localidad de Tres Cantos, cerca de Madrid, el primer fallecido de los numerosos fuegos que afectan a una Espa\u00f1a en plena ola de calor sofocante. \u00abLamento profundamente el fallecimiento del hombre gravemente herido en el incendio forestal de Tres Cantos\u00bb, escribi\u00f3 la &hellip;<\/p>\n","protected":false},"author":1,"featured_media":40021,"comment_status":"open","ping_status":"open","sticky":false,"template":"","format":"standard","meta":{"fifu_image_url":"https:\/\/static.dw.com\/image\/73608127_6.jpg","fifu_image_alt":"","footnotes":""},"categories":[13],"tags":[],"class_list":["post-40020","post","type-post","status-publish","format-standard","has-post-thumbnail","","category-mundo"],"_links":{"self":[{"href":"https:\/\/noticiasveraces.com\/index.php?rest_route=\/wp\/v2\/posts\/40020","targetHints":{"allow":["GET"]}}],"collection":[{"href":"https:\/\/noticiasveraces.com\/index.php?rest_route=\/wp\/v2\/posts"}],"about":[{"href":"https:\/\/noticiasveraces.com\/index.php?rest_route=\/wp\/v2\/types\/post"}],"author":[{"embeddable":true,"href":"https:\/\/noticiasveraces.com\/index.php?rest_route=\/wp\/v2\/users\/1"}],"replies":[{"embeddable":true,"href":"https:\/\/noticiasveraces.com\/index.php?rest_route=%2Fwp%2Fv2%2Fcomments&post=40020"}],"version-history":[{"count":0,"href":"https:\/\/noticiasveraces.com\/index.php?rest_route=\/wp\/v2\/posts\/40020\/revisions"}],"wp:featuredmedia":[{"embeddable":true,"href":"https:\/\/noticiasveraces.com\/index.php?rest_route=\/wp\/v2\/media\/40021"}],"wp:attachment":[{"href":"https:\/\/noticiasveraces.com\/index.php?rest_route=%2Fwp%2Fv2%2Fmedia&parent=40020"}],"wp:term":[{"taxonomy":"category","embeddable":true,"href":"https:\/\/noticiasveraces.com\/index.php?rest_route=%2Fwp%2Fv2%2Fcategories&post=40020"},{"taxonomy":"post_tag","embeddable":true,"href":"https:\/\/noticiasveraces.com\/index.php?rest_route=%2Fwp%2Fv2%2Ftags&post=40020"}],"curies":[{"name":"wp","href":"https:\/\/api.w.org\/{rel}","templated":true}]}}